{"id":502027,"date":"2025-10-31T10:50:12","date_gmt":"2025-10-31T10:50:12","guid":{"rendered":"https:\/\/www.europesays.com\/fr\/502027\/"},"modified":"2025-10-31T10:50:12","modified_gmt":"2025-10-31T10:50:12","slug":"quand-lart-et-la-science-eclairent-la-connaissance","status":"publish","type":"post","link":"https:\/\/www.europesays.com\/fr\/502027\/","title":{"rendered":"Quand l\u2019art et la science \u00e9clairent la connaissance"},"content":{"rendered":"\n<p>C\u2019est \u00e0 l\u2019initiative de l\u2019Institut des transformations num\u00e9riques de Mines Paris &#8211;\u00a0PSL que ce spectacle multim\u00e9dia in\u00e9dit a vu le jour. Con\u00e7u autour de deux cr\u00e9ations musicales, l\u2019une tourn\u00e9e vers les \u00e9toiles, l\u2019autre vers les abysses, il invite le public \u00e0 une exp\u00e9rience immersive m\u00ealant art, science et technologie.<\/p>\n<p> Des abysses aux \u00e9toiles\n              <\/p>\n<p>Pr\u00e9sent\u00e9e \u00e0 Toulon le 7\u00a0novembre, la partie Abysses b\u00e9n\u00e9ficie du soutien actif de l\u2019Universit\u00e9 de Toulon, de l\u2019EsadTPM, de l\u2019Ifremer et du D\u00e9partement du Var. Une collaboration qui illustre la richesse des \u00e9changes entre \u00e9tablissements scientifiques et artistiques, au service d\u2019une m\u00eame ambition\u00a0: rendre visible et sensible la recherche.<\/p>\n<p>Au-del\u00e0 du spectacle, le projet \u00ab\u00a0Des Abysses aux \u00e9toiles\u00a0\u00bb s\u2019accompagne de colloques et d\u2019expositions destin\u00e9s \u00e0 favoriser le dialogue entre chercheurs, artistes et grand public.<\/p>\n<p>Le premier colloque va se d\u00e9rouler jeudi, de 10h \u00e0 17h, et aura pour th\u00e8me les arts et la litt\u00e9rature, sur le campus de la porte d\u2019Italie. Le second, au m\u00eame endroit, le lendemain de 13h45 \u00e0 18h, explorera les connaissances scientifiques sur les grands fonds marins.<\/p>\n<p>Et pour conclure, le spectacle multim\u00e9dia sera pr\u00e9sent\u00e9 \u00e0 19h, toujours sur le campus de la Porte d\u2019Italie.<\/p>\n","protected":false},"excerpt":{"rendered":"C\u2019est \u00e0 l\u2019initiative de l\u2019Institut des transformations num\u00e9riques de Mines Paris &#8211;\u00a0PSL que ce spectacle multim\u00e9dia in\u00e9dit a&hellip;\n","protected":false},"author":2,"featured_media":502028,"comment_status":"","ping_status":"","sticky":false,"template":"","format":"standard","meta":{"footnotes":""},"categories":[9619],"tags":[1111,11,14117,1777,674,1011,27,12,882,25,2310],"class_list":{"0":"post-502027","1":"post","2":"type-post","3":"status-publish","4":"format-standard","5":"has-post-thumbnail","7":"category-toulon","8":"tag-actu","9":"tag-actualites","10":"tag-colloque","11":"tag-eu","12":"tag-europe","13":"tag-fr","14":"tag-france","15":"tag-news","16":"tag-provence-alpes-cote-dazur","17":"tag-republique-francaise","18":"tag-toulon"},"share_on_mastodon":{"url":"https:\/\/pubeurope.com\/@fr\/115468397805132120","error":""},"_links":{"self":[{"href":"https:\/\/www.europesays.com\/fr\/wp-json\/wp\/v2\/posts\/502027","targetHints":{"allow":["GET"]}}],"collection":[{"href":"https:\/\/www.europesays.com\/fr\/wp-json\/wp\/v2\/posts"}],"about":[{"href":"https:\/\/www.europesays.com\/fr\/wp-json\/wp\/v2\/types\/post"}],"author":[{"embeddable":true,"href":"https:\/\/www.europesays.com\/fr\/wp-json\/wp\/v2\/users\/2"}],"replies":[{"embeddable":true,"href":"https:\/\/www.europesays.com\/fr\/wp-json\/wp\/v2\/comments?post=502027"}],"version-history":[{"count":0,"href":"https:\/\/www.europesays.com\/fr\/wp-json\/wp\/v2\/posts\/502027\/revisions"}],"wp:featuredmedia":[{"embeddable":true,"href":"https:\/\/www.europesays.com\/fr\/wp-json\/wp\/v2\/media\/502028"}],"wp:attachment":[{"href":"https:\/\/www.europesays.com\/fr\/wp-json\/wp\/v2\/media?parent=502027"}],"wp:term":[{"taxonomy":"category","embeddable":true,"href":"https:\/\/www.europesays.com\/fr\/wp-json\/wp\/v2\/categories?post=502027"},{"taxonomy":"post_tag","embeddable":true,"href":"https:\/\/www.europesays.com\/fr\/wp-json\/wp\/v2\/tags?post=502027"}],"curies":[{"name":"wp","href":"https:\/\/api.w.org\/{rel}","templated":true}]}}