{"id":502044,"date":"2025-10-31T10:59:13","date_gmt":"2025-10-31T10:59:13","guid":{"rendered":"https:\/\/www.europesays.com\/fr\/502044\/"},"modified":"2025-10-31T10:59:13","modified_gmt":"2025-10-31T10:59:13","slug":"actu-organise-un-nouveau-salon-de-lauto-et-de-la-mobilite-ce-week-end-a-rennes","status":"publish","type":"post","link":"https:\/\/www.europesays.com\/fr\/502044\/","title":{"rendered":"actu organise un nouveau salon de l&rsquo;auto et de la mobilit\u00e9 ce week-end \u00e0 Rennes"},"content":{"rendered":"<p>            Par<br \/>\n        <strong><br \/>\n            <a href=\"https:\/\/actu.fr\/auteur\/brian-legoff\" title=\"Consulter tous les articles de Brian Le Goff\" rel=\"nofollow noopener\" target=\"_blank\">Brian Le Goff<\/a><br \/>\n        <\/strong><\/p>\n<p>        Publi\u00e9 le<\/p>\n<p>            31 oct. 2025 \u00e0 11h51        <\/p>\n<p><strong>Passionn\u00e9 d\u2019automobiles ou juste curieux\u2026<\/strong> Le salon de l\u2019auto et de la mobilit\u00e9 revient, apr\u00e8s quelques ann\u00e9es d\u2019absence, pr\u00e8s de Rennes, \u00e0 la <strong>Glaz Arena de Cesson-S\u00e9vign\u00e9,<\/strong> ces vendredi 31\u00a0octobre (15h-21h) et samedi 1er\u00a0novembre (10h-19h). L\u2019\u00e9v\u00e9nement familial, gratuit et ouvert \u00e0 tous est organis\u00e9 par le Groupe <a href=\"https:\/\/actu.fr\/qui-sommes-nous\" rel=\"nofollow noopener\" target=\"_blank\">actu<\/a> en partenariat avec <a href=\"https:\/\/actu.fr\/rennes\/\" rel=\"nofollow noopener\" target=\"_blank\">actu Rennes<\/a>.<\/p>\n<p>De la voiture aux nouvelles mobilit\u00e9s<\/p>\n<p class=\" wall-content\">\u00ab\u2009Ce salon existait il y a quelques ann\u00e9es et nous avons d\u00e9cid\u00e9 de le relancer avec une entr\u00e9e 100\u2009% gratuite\u00a0\u00bb, retracent <strong>Yann S\u00e9journ\u00e9<\/strong>, directeur de la r\u00e9gie publicitaire du Groupe actu et <strong>Anthony Coutant,<\/strong> directeur commercial.<\/p>\n<p class=\" wall-content\">Au m\u00eame endroit, les visiteurs pourront retrouver des <strong>mod\u00e8les neufs et d\u2019occasion,<\/strong> d\u2019\u00e9changer avec les professionnels, mais aussi <strong>s\u2019informer sur les nouvelles fa\u00e7ons de se d\u00e9placer<\/strong>.<\/p>\n<p>De nombreuses marques pr\u00e9sentes<\/p>\n<p class=\" wall-content\">Une <strong>vingtaine de marques<\/strong> participeront \u00e0 l\u2019\u00e9v\u00e9nement\u2009: Ford, Renault, Peugeot, Toyota, Kia, MG, Jeep, Alpine, Citro\u00ebn, DS\u2026 Ils viendront pr\u00e9senter leurs <strong>derni\u00e8res nouveaut\u00e9s<\/strong>, en particulier des motorisations <strong>hybrides et \u00e9lectriques.<\/strong><\/p>\n<p class=\" wall-content\">Pour ceux plus int\u00e9ress\u00e9s, par de<strong> l\u2019occasion, un espace d\u00e9di\u00e9<\/strong> est pr\u00e9vu. Il comprendra une <strong>trentaine de v\u00e9hicules<\/strong>.<\/p>\n<p>Espace mobilit\u00e9 et animations pour tous<\/p>\n<p class=\" wall-content\">Mais le salon de l\u2019auto et de la mobilit\u00e9 ne se limite justement <strong>pas qu\u2019aux voitures<\/strong>. Des acteurs de la mobilit\u00e9, comme la <strong>SNCF, Total Energies et des installateurs de bornes,<\/strong> font le d\u00e9placement.<\/p>\n<p class=\" wall-content\">Enfin, des <strong>ateliers participatifs, simulateurs de conduite, d\u00e9monstrations<\/strong> de v\u00e9lo ou trottinette et des <strong>animations autour de la s\u00e9curit\u00e9 routi\u00e8re<\/strong> rythmeront ces deux journ\u00e9es.<\/p>\n<p>Votre r\u00e9gion, votre actu !<\/p>\n<p>Recevez chaque jour les infos qui comptent pour vous.<\/p>\n<p>\t<a href=\"https:\/\/actu.fr\/newsletter\" class=\"ac-btn ac-btn--corner ac-btn--medium ac-btn--blue800\" rel=\"nofollow noopener\" target=\"_blank\">S&rsquo;incrire<\/a><\/p>\n<p class=\" wall-content\">\u00ab\u2009L\u2019id\u00e9e, c\u2019est que chacun vive une exp\u00e9rience compl\u00e8te, entre essai de v\u00e9hicules \u00e9lectriques, d\u00e9couverte des mobilit\u00e9s douces et des conseils pratiques\u2009\u00bb, souligne <strong data-start=\"2428\" data-end=\"2448\">Estelle Pasquier<\/strong>, cheffe de projets \u00e9v\u00e9nements du Groupe actu.<\/p>\n<p>Salon de l\u2019auto et de la mobilit\u00e9<br \/>Vendredi 31\u00a0octobre (15h-21h) et samedi 1er\u00a0novembre (10h-19h)<br \/>Glaz Arena, chemin du Bois de la Justice, Cesson-S\u00e9vign\u00e9<br \/>Entr\u00e9e gratuite. Parking et arr\u00eat de bus \u00e0 proximit\u00e9 imm\u00e9diate.<\/p>\n<p class=\" wall-content\">Personnalisez votre actualit\u00e9 en ajoutant vos villes et m\u00e9dias en favori avec <a href=\"https:\/\/moncompte.actu.fr\" title=\"D\u00e9couvez Mon Actu\" rel=\"nofollow noopener\" data-trk=\"{&quot;cta&quot;:{&quot;action&quot;:&quot;https:\\\/\\\/moncompte.actu.fr&quot;,&quot;category&quot;:&quot;mon compte&quot;,&quot;from&quot;:&quot;article footer&quot;,&quot;name&quot;:&quot;Mon actu&quot;,&quot;type&quot;:&quot;cta&quot;}}\" target=\"_blank\">Mon Actu<\/a>.<\/p>\n","protected":false},"excerpt":{"rendered":"Par Brian Le Goff Publi\u00e9 le 31 oct. 2025 \u00e0 11h51 Passionn\u00e9 d\u2019automobiles ou juste curieux\u2026 Le salon&hellip;\n","protected":false},"author":2,"featured_media":502045,"comment_status":"","ping_status":"","sticky":false,"template":"","format":"standard","meta":{"footnotes":""},"categories":[2821],"tags":[1111,11,646,829,1777,674,1011,27,1652,12,584,25,208],"class_list":{"0":"post-502044","1":"post","2":"type-post","3":"status-publish","4":"format-standard","5":"has-post-thumbnail","7":"category-rennes","8":"tag-actu","9":"tag-actualites","10":"tag-automobile","11":"tag-bretagne","12":"tag-eu","13":"tag-europe","14":"tag-fr","15":"tag-france","16":"tag-loisirs-culture","17":"tag-news","18":"tag-rennes","19":"tag-republique-francaise","20":"tag-velo"},"share_on_mastodon":{"url":"https:\/\/pubeurope.com\/@fr\/115468433272206912","error":""},"_links":{"self":[{"href":"https:\/\/www.europesays.com\/fr\/wp-json\/wp\/v2\/posts\/502044","targetHints":{"allow":["GET"]}}],"collection":[{"href":"https:\/\/www.europesays.com\/fr\/wp-json\/wp\/v2\/posts"}],"about":[{"href":"https:\/\/www.europesays.com\/fr\/wp-json\/wp\/v2\/types\/post"}],"author":[{"embeddable":true,"href":"https:\/\/www.europesays.com\/fr\/wp-json\/wp\/v2\/users\/2"}],"replies":[{"embeddable":true,"href":"https:\/\/www.europesays.com\/fr\/wp-json\/wp\/v2\/comments?post=502044"}],"version-history":[{"count":0,"href":"https:\/\/www.europesays.com\/fr\/wp-json\/wp\/v2\/posts\/502044\/revisions"}],"wp:featuredmedia":[{"embeddable":true,"href":"https:\/\/www.europesays.com\/fr\/wp-json\/wp\/v2\/media\/502045"}],"wp:attachment":[{"href":"https:\/\/www.europesays.com\/fr\/wp-json\/wp\/v2\/media?parent=502044"}],"wp:term":[{"taxonomy":"category","embeddable":true,"href":"https:\/\/www.europesays.com\/fr\/wp-json\/wp\/v2\/categories?post=502044"},{"taxonomy":"post_tag","embeddable":true,"href":"https:\/\/www.europesays.com\/fr\/wp-json\/wp\/v2\/tags?post=502044"}],"curies":[{"name":"wp","href":"https:\/\/api.w.org\/{rel}","templated":true}]}}