{"id":502046,"date":"2025-10-31T11:00:26","date_gmt":"2025-10-31T11:00:26","guid":{"rendered":"https:\/\/www.europesays.com\/fr\/502046\/"},"modified":"2025-10-31T11:00:26","modified_gmt":"2025-10-31T11:00:26","slug":"les-candidats-reagissent-a-10-propositions-choc-contre-la-crise-du-logement","status":"publish","type":"post","link":"https:\/\/www.europesays.com\/fr\/502046\/","title":{"rendered":"les candidats r\u00e9agissent \u00e0 10 propositions choc contre la crise du logement"},"content":{"rendered":"<p>            Par<br \/>\n        <strong><br \/>\n            <a href=\"https:\/\/actu.fr\/auteur\/thomas-blanc\" title=\"Consulter tous les articles de Thomas Blanc\" target=\"_blank\" rel=\"noopener\">Thomas Blanc<\/a><br \/>\n        <\/strong><\/p>\n<p>        Publi\u00e9 le<\/p>\n<p>            31 oct. 2025 \u00e0 9h46        <\/p>\n<p>Mercredi 22\u00a0octobre 2025, l\u2019Afges, principale association <a href=\"https:\/\/actu.fr\/tag\/etudiantses\" target=\"_blank\" rel=\"noopener\">\u00e9tudiante<\/a> de <a href=\"https:\/\/actu.fr\/strasbourg\/\" target=\"_blank\" rel=\"noopener\">Strasbourg<\/a>, tenait une conf\u00e9rence de presse sur le bilan de son dispositif de <a href=\"https:\/\/actu.fr\/tag\/logement\" target=\"_blank\" rel=\"noopener\">logement<\/a> d\u2019urgence. Durant celle-ci, elle a \u00e9galement pr\u00e9sent\u00e9 ses propositions pour <strong>am\u00e9liorer la situation du logement des \u00e9tudiants<\/strong>.<\/p>\n<p class=\" wall-content\">Une conf\u00e9rence qui s\u2019adressait donc autant \u00e0 la presse qu\u2019aux candidats aux <a href=\"https:\/\/actu.fr\/tag\/municipales-2026\" target=\"_blank\" rel=\"noopener\">\u00e9lections municipales de mars\u00a02026<\/a> qui ont pourtant brill\u00e9 par leur absence. Seul <a href=\"https:\/\/actu.fr\/grand-est\/strasbourg_67482\/municipales-2026-a-strasbourg-pierre-jakubowicz-horizons-officialise-sa-candidature_63115980.html\" target=\"_blank\" rel=\"noopener\">Pierre Jakubowicz, candidat centriste<\/a>, avait envoy\u00e9 un membre de son \u00e9quipe. Un militant de <a href=\"https:\/\/actu.fr\/grand-est\/strasbourg_67482\/municipales-2026-jeanne-barseghian-maire-de-strasbourg-candidate-a-sa-reelection_62866356.html\" target=\"_blank\" rel=\"noopener\">Jeanne Barseghian<\/a>, actuelle maire de Strasbourg, \u00e9tait \u00e9galement pr\u00e9sent.<\/p>\n<p class=\" wall-content\">Actu Strasbourg a donc r\u00e9capitul\u00e9 <strong>les principales propositions formul\u00e9es par l\u2019Afges aux candidats d\u00e9clar\u00e9s.<\/strong><\/p>\n<p>10 propositions de l\u2019Afges pour aiguiller les candidats sur le logement \u00e9tudiant<\/p>\n<p class=\" wall-content\">D\u2019apr\u00e8s l\u2019Afges, le loyer mensuel moyen des \u00e9tudiants \u00e0 Strasbourg atteint <strong>580\u00a0euros en 2025<\/strong>. C\u2019est 20\u00a0euros de plus qu\u2019en 2024, il n\u2019a jamais \u00e9t\u00e9 aussi haut. Pour enrayer cette dynamique, elle a pr\u00e9sent\u00e9 <strong>dix propositions <\/strong>dans le but de les faire entendre aux candidats des municipales\u2009:<\/p>\n<ul class=\" wall-content\">\n<li>l\u2019encadrement des loyers\u2009;<\/li>\n<li>des bourses pour les \u00e9tudiants les plus pr\u00e9caires\u2009;<\/li>\n<li>le contr\u00f4le des logements Airbnb\u2009;<\/li>\n<li>la gratuit\u00e9 des transports en commun pour les \u00e9tudiants\u2009;<\/li>\n<li>le d\u00e9veloppement des logements partag\u00e9s et interg\u00e9n\u00e9rationnels\u2009;<\/li>\n<li>une meilleure prise en compte des jeunes dans l\u2019attribution de logements sociaux\u2009;<\/li>\n<li>la mise en place de logement d\u2019urgence\u2009;<\/li>\n<li>la lutte contre la vacance des logements\u2009;<\/li>\n<li>la mise en place d\u2019une aide \u00e0 l\u2019installation\u2009;<\/li>\n<li>l\u2019aide \u00e0 la construction de r\u00e9sidences Crous\u2009;<\/li>\n<\/ul>\n<p class=\" wall-content\">Face \u00e0 ce constat, tous les candidats joints s\u2019accordent \u00e0 le dire, <strong>Strasbourg a besoin de ses \u00e9tudiants<\/strong> et ces derniers ont besoin que la Ville leur vienne en aide.<\/p>\n<p>Les propositions les plus en vogue chez les candidats<\/p>\n<p class=\" wall-content\">Parmi les propositions qui font le plus consensus\u2009:<strong> l\u2019encadrement des loyers<\/strong>. <a href=\"https:\/\/actu.fr\/grand-est\/strasbourg_67482\/municipales-2026-la-france-insoumise-envoie-florian-kobryn-pour-briguer-le-mandat-de-maire-a-strasbourg_63268221.html\" target=\"_blank\" rel=\"noopener\">Florian Kobryn, candidat du mouvement La France Insoumise<\/a> d\u00e9fend cette mesure \u00ab\u2009car il n\u2019a jamais \u00e9t\u00e9 aussi cher de se loger \u00e0 Strasbourg\u2009\u00bb.<\/p>\n<p>Votre r\u00e9gion, votre actu !<\/p>\n<p>Recevez chaque jour les infos qui comptent pour vous.<\/p>\n<p>\t<a href=\"https:\/\/actu.fr\/newsletter\" class=\"ac-btn ac-btn--corner ac-btn--medium ac-btn--blue800\" target=\"_blank\" rel=\"noopener\">S&rsquo;incrire<\/a><\/p>\n<p class=\" wall-content\">Idem pour <a href=\"https:\/\/actu.fr\/grand-est\/strasbourg_67482\/municipales-2026-catherine-trautmann-ancienne-maire-de-strasbourg-officialise-sa-candidature_63282301.html\" target=\"_blank\" rel=\"noopener\">Catherine Trautmann<\/a> (Parti socialiste), qui juge que \u00ab\u2009l\u2019on n\u2019a pas su r\u00e9pondre <strong>\u00e0 la flamb\u00e9e des prix<\/strong> par un encadrement des loyers\u2009\u00bb, et le regrette. Seul <a href=\"https:\/\/actu.fr\/grand-est\/strasbourg_67482\/municipales-2026-voici-le-premier-candidat-declare-officiellement-a-strasbourg_62312552.html\" target=\"_blank\" rel=\"noopener\">Jean-Philippe Vetter (Les R\u00e9publicains)<\/a> n\u2019entend pas le mettre en place \u00ab\u2009sans<strong> une \u00e9volution du cadre l\u00e9gislatif<\/strong> \u00e0 ce sujet\u2009\u00bb, comme nous l\u2019indique son \u00e9quipe.<\/p>\n<p class=\" wall-content\"><strong>R\u00e9quisitionner le foncier disponible<\/strong> pour en faire des logements \u00e9tudiants semble aussi \u00eatre une id\u00e9e en vogue. L\u2019entourage de M. Vetter, mise sur \u00ab\u2009<strong>la tour de chimie \u00e0 l\u2019Esplanade<\/strong> et le site Starlette \u00e0 Rivetoile pour faire 700 logements\u2009\u00bb, et compte \u00ab\u2009chercher des subventions aupr\u00e8s de l\u2019\u00c9tat de la r\u00e9gion\u2009\u00bb, pour y parvenir.<\/p>\n<p>Lutter contre la vacance des logements<\/p>\n<p class=\" wall-content\">Pour Pierre Jakubowicz, il faut \u00ab\u2009r\u00e9cup\u00e9rer des <strong>terrains aux Deux Rives<\/strong> pour en faire des logements \u00e9tudiants.\u2009\u00bb Florian Kobryn et Catherine Trautmann souhaitent \u00e9galement \u00e9voluer dans cette direction.<\/p>\n<p class=\" wall-content\">En ce qui concerne les <strong>logements d\u00e9j\u00e0 existants mais vacants<\/strong>, pour cause de v\u00e9tust\u00e9 par exemple, deux candidats ont propos\u00e9 des mesures concr\u00e8tes. M. Jakubowicz tend vers \u00ab\u2009une aide de la Ville \u00e0 la r\u00e9novation des logements vacants priv\u00e9s pour en \u00e9change pouvoir les mettre <strong>en colocations \u00e9tudiantes<\/strong>.\u2009\u00bb<\/p>\n<p class=\" wall-content\">Mme Trautmann envisage quelque chose de semblable en \u00ab<strong>\u2009conventionnant avec des bailleurs<\/strong>. La Ville aide \u00e0 r\u00e9nover mais <strong>en contrepartie<\/strong> ils mettent une partie de leur parc locatif en logement \u00e9tudiant\u2009\u00bb, explicite la candidate de gauche.<\/p>\n<p>La gratuit\u00e9 des transports comme point clivant<\/p>\n<p class=\" wall-content\">En revanche, <strong>la gratuit\u00e9 des transports en commun<\/strong> par exemple ne f\u00e9d\u00e8re pas les candidats. Si Florian Kobryn souhaite l\u2019instaurer \u00ab\u2009pour tous les gens de <strong>moins de 25\u00a0ans\u2009<\/strong>\u00bb, Mme Trautmann pr\u00e9f\u00e8re \u00ab\u2009une tarification \u00e9tudiante des transports\u2009\u00bb avec une gratuit\u00e9 seulement \u00ab\u2009\u00e0 envisager\u2009\u00bb.<\/p>\n<p class=\" wall-content\">Pierre Jakubowicz n\u2019est \u00e9galement pas pour \u00ab\u2009la gratuit\u00e9 g\u00e9n\u00e9ralis\u00e9e\u2009\u00bb mais plut\u00f4t en faveur \u00ab\u2009de la mise en place d\u2019une <strong>tarification gradu\u00e9e<\/strong> pour un avoir un prix juste et adapt\u00e9.\u2009\u00bb Sur ce point, l\u2019<a href=\"https:\/\/actu.fr\/tag\/eurometropole-de-strasbourg\" target=\"_blank\" rel=\"noopener\">Eurom\u00e9tropole de Strasbourg<\/a> a d\u00e9j\u00e0 en partie \u0153uvrer en rendant les transports gratuits pour les mineurs.<\/p>\n<p class=\" wall-content\">L\u2019\u00e9quipe de Jeanne Barseghian (Les \u00c9cologistes) n\u2019a pas r\u00e9pondu \u00e0 nos sollicitations car elle est \u00ab\u2009en cours de construction du programme\u2009\u00bb. <a href=\"https:\/\/actu.fr\/grand-est\/strasbourg_67482\/municipales-2026-qui-est-virginie-joron-candidate-rn-a-la-mairie-de-strasbourg_63364466.html\" target=\"_blank\" rel=\"noopener\">Virginie Joron, candidate officielle du parti d\u2019extr\u00eame droite le Rassemblement National<\/a> depuis le jeudi 23\u00a0novembre a d\u00e9clin\u00e9 nos propositions de rendez-vous.<\/p>\n<p class=\" wall-content\">Personnalisez votre actualit\u00e9 en ajoutant vos villes et m\u00e9dias en favori avec <a href=\"https:\/\/moncompte.actu.fr\" title=\"D\u00e9couvez Mon Actu\" rel=\"nofollow noopener\" data-trk=\"{&quot;cta&quot;:{&quot;action&quot;:&quot;https:\\\/\\\/moncompte.actu.fr&quot;,&quot;category&quot;:&quot;mon compte&quot;,&quot;from&quot;:&quot;article footer&quot;,&quot;name&quot;:&quot;Mon actu&quot;,&quot;type&quot;:&quot;cta&quot;}}\" target=\"_blank\">Mon Actu<\/a>.<\/p>\n","protected":false},"excerpt":{"rendered":"Par Thomas Blanc Publi\u00e9 le 31 oct. 2025 \u00e0 9h46 Mercredi 22\u00a0octobre 2025, l\u2019Afges, principale association \u00e9tudiante de&hellip;\n","protected":false},"author":2,"featured_media":502047,"comment_status":"","ping_status":"","sticky":false,"template":"","format":"standard","meta":{"footnotes":""},"categories":[2820],"tags":[1111,11,1064,1777,674,1011,27,775,1908,3434,12,25,104,640],"class_list":{"0":"post-502046","1":"post","2":"type-post","3":"status-publish","4":"format-standard","5":"has-post-thumbnail","7":"category-strasbourg","8":"tag-actu","9":"tag-actualites","10":"tag-etudiantses","11":"tag-eu","12":"tag-europe","13":"tag-fr","14":"tag-france","15":"tag-grand-est","16":"tag-logement","17":"tag-municipales-2026","18":"tag-news","19":"tag-republique-francaise","20":"tag-societe","21":"tag-strasbourg"},"share_on_mastodon":{"url":"https:\/\/pubeurope.com\/@fr\/115468437218246309","error":""},"_links":{"self":[{"href":"https:\/\/www.europesays.com\/fr\/wp-json\/wp\/v2\/posts\/502046","targetHints":{"allow":["GET"]}}],"collection":[{"href":"https:\/\/www.europesays.com\/fr\/wp-json\/wp\/v2\/posts"}],"about":[{"href":"https:\/\/www.europesays.com\/fr\/wp-json\/wp\/v2\/types\/post"}],"author":[{"embeddable":true,"href":"https:\/\/www.europesays.com\/fr\/wp-json\/wp\/v2\/users\/2"}],"replies":[{"embeddable":true,"href":"https:\/\/www.europesays.com\/fr\/wp-json\/wp\/v2\/comments?post=502046"}],"version-history":[{"count":0,"href":"https:\/\/www.europesays.com\/fr\/wp-json\/wp\/v2\/posts\/502046\/revisions"}],"wp:featuredmedia":[{"embeddable":true,"href":"https:\/\/www.europesays.com\/fr\/wp-json\/wp\/v2\/media\/502047"}],"wp:attachment":[{"href":"https:\/\/www.europesays.com\/fr\/wp-json\/wp\/v2\/media?parent=502046"}],"wp:term":[{"taxonomy":"category","embeddable":true,"href":"https:\/\/www.europesays.com\/fr\/wp-json\/wp\/v2\/categories?post=502046"},{"taxonomy":"post_tag","embeddable":true,"href":"https:\/\/www.europesays.com\/fr\/wp-json\/wp\/v2\/tags?post=502046"}],"curies":[{"name":"wp","href":"https:\/\/api.w.org\/{rel}","templated":true}]}}