{"id":502048,"date":"2025-10-31T11:01:28","date_gmt":"2025-10-31T11:01:28","guid":{"rendered":"https:\/\/www.europesays.com\/fr\/502048\/"},"modified":"2025-10-31T11:01:28","modified_gmt":"2025-10-31T11:01:28","slug":"sur-la-place-broglie-bertani-quitte-son-kiosque","status":"publish","type":"post","link":"https:\/\/www.europesays.com\/fr\/502048\/","title":{"rendered":"sur la place Broglie, Bertani quitte son kiosque"},"content":{"rendered":"<p>    <img loading=\"lazy\" width=\"1800\" height=\"900\" src=\"https:\/\/www.europesays.com\/fr\/wp-content\/uploads\/2025\/08\/jeanne-callthepolice.jpg\" class=\"attachment-full size-full\" alt=\"\" id=\"imageLove\" decoding=\"async\"  \/><\/p>\n<p id=\"breadcrumbs\"><a href=\"https:\/\/pokaa.fr\/\" target=\"_blank\" rel=\"noopener\">Accueil<\/a> \/ <a href=\"https:\/\/pokaa.fr\/categories\/actu\/\" target=\"_blank\" rel=\"noopener\">Info locale<\/a> \/ \u00c0 Strasbourg depuis 63 ans : sur la place Broglie, Bertani quitte son kiosque<\/p>\n<p>                    Info locale<\/p>\n<p><strong>\u00c0 Strasbourg, une page se tourne sur la place Broglie en ce 31 octobre. Ce soir, l\u2019entreprise d\u00e9tentrice du kiosque Bertani va tir\u00e9 sa r\u00e9v\u00e9rence apr\u00e8s plus de 60 ans d\u2019activit\u00e9. Pour autant, le kiosque ne sera pas enlev\u00e9 car un repreneur a d\u00e9j\u00e0 \u00e9t\u00e9 trouv\u00e9 !\u00a0<\/strong><\/p>\n<p><strong>Cr\u00eapes sucr\u00e9es ou sal\u00e9es, bonbons, boissons\u2026 Il est devenu, au fil du temps, un lieu bien connu des Strasbourgeois(es),<\/strong> notamment les jours de march\u00e9s. Mais apr\u00e8s plusieurs dizaines d\u2019ann\u00e9es de bons et de loyaux services, <strong>l\u2019entreprise Bertani fermera \u00ab sa porte et ses volets \u00bb ce 1er novembre, <\/strong>comme on peut le lire sur sa devanture.<\/p>\n<p>                <img width=\"667\" height=\"500\" src=\"https:\/\/www.europesays.com\/fr\/wp-content\/uploads\/2025\/10\/img-3562-667x500.jpeg\" class=\"attachment-gallery size-gallery\" alt=\"kiosque bertani Broglie\" data-full-url=\"https:\/\/pokaa.fr\/wp-content\/uploads\/2025\/10\/31\/img-3562.jpeg\" decoding=\"async\" loading=\"lazy\"  \/>            <\/p>\n<p>                <img width=\"375\" height=\"500\" src=\"https:\/\/www.europesays.com\/fr\/wp-content\/uploads\/2025\/10\/img-3557-375x500.jpeg\" class=\"attachment-gallery size-gallery\" alt=\"kiosque bertani Broglie\" data-full-url=\"https:\/\/pokaa.fr\/wp-content\/uploads\/2025\/10\/31\/img-3557.jpeg\" decoding=\"async\" loading=\"lazy\"  \/>            <\/p>\n<p>                    \u00a9 Anthony Jilli \/ Pokaa<\/p>\n<p>Sur l\u2019affichette, Georges Adda Bertani, le propri\u00e9taire, s\u2019exprime : \u00ab Depuis maintenant plus de 63 ann\u00e9es, ma famille et moi-m\u00eame \u00e9tions pr\u00e9sents afin de vous proposer nos cr\u00eapes et autres produits\u2026 <strong>C\u2019est le coeur lourd que j\u2019ai pris la d\u00e9cision d\u2019arr\u00eater mon activit\u00e9.<\/strong> \u00bb<\/p>\n<p>L\u2019histoire avait commenc\u00e9 au d\u00e9but des ann\u00e9es 60, avec son grand-p\u00e8re. <strong>\u00c0 cette \u00e9poque, les cr\u00eapes sont vendues gr\u00e2ce \u00e0 un stand d\u00e9montable sur la place de l\u2019Homme-de-Fer,<\/strong> avant la cr\u00e9ation d\u2019une grande fontaine sur celle-ci peu de temps apr\u00e8s (qui pr\u00e9c\u00e8de l\u2019arriv\u00e9e du tram). Ce qui explique le d\u00e9m\u00e9nagement de l\u2019activit\u00e9 et la pr\u00e9sence du kiosque sur la place Broglie depuis.<\/p>\n<p>    <img width=\"800\" height=\"593\" src=\"https:\/\/www.europesays.com\/fr\/wp-content\/uploads\/2025\/08\/hdf-editeur-la-cigogne-800x593.jpg\" class=\"attachment-image-size-L size-image-size-L\" alt=\"Place de l\u2019Homme-de-Fer ann\u00e9es 80\" decoding=\"async\" loading=\"lazy\"  \/>         Ancienne carte postale de la place de l&rsquo;Homme-de-Fer, dans les ann\u00e9es 80. \u00a9 \u00c9diteur La Cigogne \/ Capture d&rsquo;\u00e9cran <\/p>\n<p>Un repreneur d\u00e9j\u00e0 trouv\u00e9<\/p>\n<p>Si la page de l\u2019histoire familiale \u00e0 Strasbourg se tourne, le propri\u00e9taire annonce \u00e9galement \u00ab que <strong>le repreneur SARL CADO va utiliser le kiosque et mon nom jusqu\u2019en janvier 2026<\/strong> \u00bb. L\u2019objectif ? Permettre au repreneur de gagner de l\u2019argent pendant le march\u00e9 de No\u00ebl et financer ensuite des travaux.<\/p>\n<p>Il pr\u00e9cise aussi que les membres de la nouvelle \u00e9quipe <strong>\u00ab proposeront leurs produits avec leurs recettes \u00bb <\/strong>avant de conclure, vis-\u00e0-vis de sa client\u00e8le : <strong>\u00ab Merci encore d\u2019avoir \u00e9t\u00e9 l\u00e0. \u00bb<\/strong><\/p>\n<p>Enfin, <strong>les deux salari\u00e9(e)s devraient \u00eatre repris <a href=\"https:\/\/c.dna.fr\/culture-loisirs\/2025\/10\/30\/les-crepes-bertani-s-envolent-apres-63-ans-dans-le-kiosque-de-la-place-broglie\" target=\"_blank\" rel=\"noopener\">d\u2019apr\u00e8s les DNA,<\/a><\/strong> et si vous voulez encore tester les recettes actuelles, <strong>on vous conseille d\u2019y aller avant ce soir 19h !\u00a0<\/strong><\/p>\n<p>                <img width=\"375\" height=\"500\" src=\"https:\/\/www.europesays.com\/fr\/wp-content\/uploads\/2025\/10\/img-3558-375x500.jpeg\" class=\"attachment-gallery size-gallery\" alt=\"kiosque bertani Broglie\" data-full-url=\"https:\/\/pokaa.fr\/wp-content\/uploads\/2025\/10\/31\/img-3558.jpeg\" decoding=\"async\" loading=\"lazy\"  \/>            <\/p>\n<p>                <img width=\"375\" height=\"500\" src=\"https:\/\/www.europesays.com\/fr\/wp-content\/uploads\/2025\/10\/img-3563-375x500.jpeg\" class=\"attachment-gallery size-gallery\" alt=\"kiosque bertani Broglie\" data-full-url=\"https:\/\/pokaa.fr\/wp-content\/uploads\/2025\/10\/31\/img-3563.jpeg\" decoding=\"async\" loading=\"lazy\"  \/>            <\/p>\n<p>                    \u00a9 Anthony Jilli \/ Pokaa<\/p>\n","protected":false},"excerpt":{"rendered":"Accueil \/ Info locale \/ \u00c0 Strasbourg depuis 63 ans : sur la place Broglie, Bertani quitte son&hellip;\n","protected":false},"author":2,"featured_media":502049,"comment_status":"","ping_status":"","sticky":false,"template":"","format":"standard","meta":{"footnotes":""},"categories":[2820],"tags":[1111,11,11499,1777,674,1011,27,775,62414,12,25,640,58524,62415],"class_list":{"0":"post-502048","1":"post","2":"type-post","3":"status-publish","4":"format-standard","5":"has-post-thumbnail","7":"category-strasbourg","8":"tag-actu","9":"tag-actualites","10":"tag-crepes","11":"tag-eu","12":"tag-europe","13":"tag-fr","14":"tag-france","15":"tag-grand-est","16":"tag-kiosque-broglie","17":"tag-news","18":"tag-republique-francaise","19":"tag-strasbourg","20":"tag-strasbourg-actualite","21":"tag-strasbourg-direct"},"share_on_mastodon":{"url":"https:\/\/pubeurope.com\/@fr\/115468441924828897","error":""},"_links":{"self":[{"href":"https:\/\/www.europesays.com\/fr\/wp-json\/wp\/v2\/posts\/502048","targetHints":{"allow":["GET"]}}],"collection":[{"href":"https:\/\/www.europesays.com\/fr\/wp-json\/wp\/v2\/posts"}],"about":[{"href":"https:\/\/www.europesays.com\/fr\/wp-json\/wp\/v2\/types\/post"}],"author":[{"embeddable":true,"href":"https:\/\/www.europesays.com\/fr\/wp-json\/wp\/v2\/users\/2"}],"replies":[{"embeddable":true,"href":"https:\/\/www.europesays.com\/fr\/wp-json\/wp\/v2\/comments?post=502048"}],"version-history":[{"count":0,"href":"https:\/\/www.europesays.com\/fr\/wp-json\/wp\/v2\/posts\/502048\/revisions"}],"wp:featuredmedia":[{"embeddable":true,"href":"https:\/\/www.europesays.com\/fr\/wp-json\/wp\/v2\/media\/502049"}],"wp:attachment":[{"href":"https:\/\/www.europesays.com\/fr\/wp-json\/wp\/v2\/media?parent=502048"}],"wp:term":[{"taxonomy":"category","embeddable":true,"href":"https:\/\/www.europesays.com\/fr\/wp-json\/wp\/v2\/categories?post=502048"},{"taxonomy":"post_tag","embeddable":true,"href":"https:\/\/www.europesays.com\/fr\/wp-json\/wp\/v2\/tags?post=502048"}],"curies":[{"name":"wp","href":"https:\/\/api.w.org\/{rel}","templated":true}]}}