{"id":502054,"date":"2025-10-31T11:04:12","date_gmt":"2025-10-31T11:04:12","guid":{"rendered":"https:\/\/www.europesays.com\/fr\/502054\/"},"modified":"2025-10-31T11:04:12","modified_gmt":"2025-10-31T11:04:12","slug":"voici-la-liste-des-commerces-ouverts-a-nantes-et-dans-sa-metropole","status":"publish","type":"post","link":"https:\/\/www.europesays.com\/fr\/502054\/","title":{"rendered":"voici la liste des commerces ouverts \u00e0 Nantes et dans sa m\u00e9tropole"},"content":{"rendered":"<p>            Par<br \/>\n        <strong><br \/>\n            <a href=\"https:\/\/actu.fr\/auteur\/redaction-nantes\" title=\"Consulter tous les articles de R\u00e9daction Nantes\" rel=\"nofollow noopener\" target=\"_blank\">R\u00e9daction Nantes<\/a><br \/>\n        <\/strong><\/p>\n<p>        Publi\u00e9 le<\/p>\n<p>            31 oct. 2025 \u00e0 11h55        <\/p>\n<p>Ce samedi 1er\u00a0novembre 2025, des commerces de la r\u00e9gion nantaise vont adapter leurs horaires. Certains centres commerciaux o<strong>uvriront exceptionnellement leurs portes lors de ce jour f\u00e9ri\u00e9 de la Toussaint tandis que d\u2019autres fermeront<\/strong>. La r\u00e9daction d\u2019<a href=\"https:\/\/actu.fr\/nantes\/\" rel=\"nofollow noopener\" target=\"_blank\">actu Nantes<\/a> vous propose une liste non exhaustive des magasins ouverts le 1er\u00a0novembre.<\/p>\n<p>Les centres commerciaux ouverts \u00e0 Nantes<\/p>\n<p class=\" wall-content\">\u00c0 Nantes, la majorit\u00e9 des centres commerciaux ouvriront leurs portes ce samedi\u2009:<\/p>\n<ul class=\" wall-content\">\n<li><strong>Centre commercial Beaulieu<\/strong>, de 10h \u00e0 19h.<\/li>\n<li><strong>Centre commercial Atlantis<\/strong>, de 9h30 \u00e0 21h.<\/li>\n<li><strong>E.Leclerc Atlantis<\/strong>, de 8h \u00e0 21h.<\/li>\n<li><strong>Ikea Atlantis<\/strong>, de 10h \u00e0 20h.<\/li>\n<li><strong>Centre commercial Paridis<\/strong>, de 9h30 \u00e0 20h30.<\/li>\n<li><strong>Hypermarch\u00e9 E.Leclerc Paridis<\/strong>, de 8h30 \u00e0 20h30.<\/li>\n<li><strong>Centre commercial Nantes la Beaujoire<\/strong>, de 9h \u00e0 19h.<\/li>\n<li><strong>Passage Pommeraye<\/strong>, de 10h \u00e0 18h.<\/li>\n<li><strong>Fnac de Nantes (place du Commerce)<\/strong>, de 11h \u00e0 19h.<\/li>\n<li><strong>Galeries Lafayette<\/strong>, de 10h \u00e0 19h.<\/li>\n<li><strong>Monoprix Decr\u00e9<\/strong>, de 10h \u00e0 19h.<\/li>\n<\/ul>\n<p>Les centres commerciaux dans la m\u00e9tropole<\/p>\n<p class=\" wall-content\">Dans le reste de la m\u00e9tropole, l<strong>es centres commerciaux Auchan de Saint-S\u00e9bastien-sur-Loire<\/strong> et <strong>Le Sillon (Auchan Saint-Herblain)<\/strong> ouvriront\u2009: de 9h \u00e0 19h pour le magasin herblinois, et de 10h \u00e0 18h30 (9h-19h30 pour le magasin Auchan) pour le centre commercial s\u00e9bastiennais.<\/p>\n<p class=\" wall-content\">Au sud de Nantes, \u00e0 Rez\u00e9, <a href=\"https:\/\/actu.fr\/pays-de-la-loire\/reze_44143\/au-sud-de-nantes-des-nouvelles-boutiques-vont-ouvrir-dans-ce-centre-commercial_63116463.html\" rel=\"nofollow noopener\" target=\"_blank\">la Galerie Oc\u00e9ane<\/a> sera ferm\u00e9e, ce samedi 1er\u00a0novembre 2025.<\/p>\n<p class=\" wall-content\">Personnalisez votre actualit\u00e9 en ajoutant vos villes et m\u00e9dias en favori avec <a href=\"https:\/\/moncompte.actu.fr\" title=\"D\u00e9couvez Mon Actu\" rel=\"nofollow noopener\" data-trk=\"{&quot;cta&quot;:{&quot;action&quot;:&quot;https:\\\/\\\/moncompte.actu.fr&quot;,&quot;category&quot;:&quot;mon compte&quot;,&quot;from&quot;:&quot;article footer&quot;,&quot;name&quot;:&quot;Mon actu&quot;,&quot;type&quot;:&quot;cta&quot;}}\" target=\"_blank\">Mon Actu<\/a>.<\/p>\n","protected":false},"excerpt":{"rendered":"Par R\u00e9daction Nantes Publi\u00e9 le 31 oct. 2025 \u00e0 11h55 Ce samedi 1er\u00a0novembre 2025, des commerces de la&hellip;\n","protected":false},"author":2,"featured_media":502055,"comment_status":"","ping_status":"","sticky":false,"template":"","format":"standard","meta":{"footnotes":""},"categories":[2818],"tags":[1111,11,215,1777,674,1011,27,766,12,2636,25,104],"class_list":{"0":"post-502054","1":"post","2":"type-post","3":"status-publish","4":"format-standard","5":"has-post-thumbnail","7":"category-nantes","8":"tag-actu","9":"tag-actualites","10":"tag-commerce","11":"tag-eu","12":"tag-europe","13":"tag-fr","14":"tag-france","15":"tag-nantes","16":"tag-news","17":"tag-pays-de-la-loire","18":"tag-republique-francaise","19":"tag-societe"},"share_on_mastodon":{"url":"https:\/\/pubeurope.com\/@fr\/115468452863037088","error":""},"_links":{"self":[{"href":"https:\/\/www.europesays.com\/fr\/wp-json\/wp\/v2\/posts\/502054","targetHints":{"allow":["GET"]}}],"collection":[{"href":"https:\/\/www.europesays.com\/fr\/wp-json\/wp\/v2\/posts"}],"about":[{"href":"https:\/\/www.europesays.com\/fr\/wp-json\/wp\/v2\/types\/post"}],"author":[{"embeddable":true,"href":"https:\/\/www.europesays.com\/fr\/wp-json\/wp\/v2\/users\/2"}],"replies":[{"embeddable":true,"href":"https:\/\/www.europesays.com\/fr\/wp-json\/wp\/v2\/comments?post=502054"}],"version-history":[{"count":0,"href":"https:\/\/www.europesays.com\/fr\/wp-json\/wp\/v2\/posts\/502054\/revisions"}],"wp:featuredmedia":[{"embeddable":true,"href":"https:\/\/www.europesays.com\/fr\/wp-json\/wp\/v2\/media\/502055"}],"wp:attachment":[{"href":"https:\/\/www.europesays.com\/fr\/wp-json\/wp\/v2\/media?parent=502054"}],"wp:term":[{"taxonomy":"category","embeddable":true,"href":"https:\/\/www.europesays.com\/fr\/wp-json\/wp\/v2\/categories?post=502054"},{"taxonomy":"post_tag","embeddable":true,"href":"https:\/\/www.europesays.com\/fr\/wp-json\/wp\/v2\/tags?post=502054"}],"curies":[{"name":"wp","href":"https:\/\/api.w.org\/{rel}","templated":true}]}}