{"id":502056,"date":"2025-10-31T11:05:13","date_gmt":"2025-10-31T11:05:13","guid":{"rendered":"https:\/\/www.europesays.com\/fr\/502056\/"},"modified":"2025-10-31T11:05:13","modified_gmt":"2025-10-31T11:05:13","slug":"nantes-metz-arrete-prefectoral-dencadrement-football-club-de-metz-infos-fc-metz-entrainements-fc-metz","status":"publish","type":"post","link":"https:\/\/www.europesays.com\/fr\/502056\/","title":{"rendered":"Nantes &#8211; Metz, arr\u00eat\u00e9 pr\u00e9fectoral d&rsquo;encadrement | Football Club de Metz &#8211; Infos FC Metz &#8211; Entra\u00eenements FC Metz"},"content":{"rendered":"<p>Ce dimanche 2 novembre, dans le cadre de la 11\u00e8me journ\u00e9e de\u00a0Ligue 1 McDonalds, le FC Metz affrontera le FC Nantes \u00e0 17h15\u00a0au Stade de la Beaujoire.<\/p>\n<p>\u00c0 l&rsquo;occasion de cette rencontre,\u00a0un arr\u00eat\u00e9 pr\u00e9fectoral d&rsquo;encadrement a \u00e9t\u00e9 publi\u00e9 par le<strong><a href=\"https:\/\/www.fcmetz.com\/sites\/default\/files\/images\/ap_ndeg2025-cab-81_-_match_fc_nantes_-_fc_metz.pdf\" target=\"_blank\" rel=\"noopener\"> Pr\u00e9fet de la Loire-Atlantique<\/a><\/strong>.<\/p>\n<p>Ainsi : \u00ab\u00a0le\u00a0samedi 1er\u00a0novembre 2025 \u00e0 19h00 au lundi 3 novembre 2025 08h00, il est interdit \u00e0 toute personne se pr\u00e9valant de la qualit\u00e9 de supporter du FC Metz, ou se comportant comme tel, de circuler ou stationner sur la voie publique dans le p\u00e9rim\u00e8tre des 24 communes de Nantes M\u00e9tropole.\u00a0\u00bb<\/p>\n<p>Par ailleurs, \u00ab\u00a0l&rsquo;acc\u00e8s au stade de la Beaujoire de Nantes est autoris\u00e9 aux supporters du FC Metz dans les conditions d\u00e9finies ci-apr\u00e8s, arrivant dans le cadre d&rsquo;un d\u00e9placement organis\u00e9 par le club messin :<\/p>\n<ul>\n<li>Un point de rendez-vous obligatoire est fix\u00e9 aux supporters du FC Metz, se pr\u00e9valant de leur appartenance aux groupes d&rsquo;ultras de la \u00ab Horda Fr\u00e9n\u00e9tik\u00bb et de la \u00ab Gruppa \u00bb et se rendant, en transport collectif ou individuel, \u00e0 Nantes \u00e0 l&rsquo;occasion de la rencontre de football du dimanche 2 novembre 2025 \u00e0 17h15 au stade de la Beaujoire entre le FC Nantes et le FC Metz :<\/li>\n<li>Le point de rendez-vous est fix\u00e9 le dimanche 2 novembre 2025 \u00e0 15h00 sur l&rsquo;aire du Cellier de l&rsquo;autoroute A 11, sens Paris-Nantes. Les forces de l&rsquo;ordre encadreront le d\u00e9placement jusqu&rsquo;au stade de la Beaujoire ;<\/li>\n<li>\u00c0 l&rsquo;issue de la rencontre, les supporters du FC Metz seront pris en charge au niveau de la sortie \u00ab visiteur\u00bb du stade de la Beaujoire, puis accompagn\u00e9s en bus et v\u00e9hicules l\u00e9gers par les forces de<\/li>\n<li>l&rsquo;ordre jusqu&rsquo;\u00e0 la sortie du d\u00e9partement. &gt; Pour les autres supporters qui se rendront directement au stade sans accompagnement des forces de l&rsquo;ordre, ces derniers devront se pr\u00e9senter \u00e0 l&rsquo;entr\u00e9e du parking \u00ab visiteur \u00bb du stade de la Beaujoire pour stationner leur v\u00e9hicule et r\u00e9cup\u00e9rer leur billet aupr\u00e8s des \u00e9quipes messines.\u00a0\u00bb<\/li>\n<\/ul>\n","protected":false},"excerpt":{"rendered":"Ce dimanche 2 novembre, dans le cadre de la 11\u00e8me journ\u00e9e de\u00a0Ligue 1 McDonalds, le FC Metz affrontera&hellip;\n","protected":false},"author":2,"featured_media":502057,"comment_status":"","ping_status":"","sticky":false,"template":"","format":"standard","meta":{"footnotes":""},"categories":[2818],"tags":[1111,11,19298,1777,674,1011,27,19297,766,12,2636,25,19299],"class_list":{"0":"post-502056","1":"post","2":"type-post","3":"status-publish","4":"format-standard","5":"has-post-thumbnail","7":"category-nantes","8":"tag-actu","9":"tag-actualites","10":"tag-entrainements-fc-metz","11":"tag-eu","12":"tag-europe","13":"tag-fr","14":"tag-france","15":"tag-infos-fc-metz","16":"tag-nantes","17":"tag-news","18":"tag-pays-de-la-loire","19":"tag-republique-francaise","20":"tag-videos-fc-metz"},"share_on_mastodon":{"url":"https:\/\/pubeurope.com\/@fr\/115468456777063332","error":""},"_links":{"self":[{"href":"https:\/\/www.europesays.com\/fr\/wp-json\/wp\/v2\/posts\/502056","targetHints":{"allow":["GET"]}}],"collection":[{"href":"https:\/\/www.europesays.com\/fr\/wp-json\/wp\/v2\/posts"}],"about":[{"href":"https:\/\/www.europesays.com\/fr\/wp-json\/wp\/v2\/types\/post"}],"author":[{"embeddable":true,"href":"https:\/\/www.europesays.com\/fr\/wp-json\/wp\/v2\/users\/2"}],"replies":[{"embeddable":true,"href":"https:\/\/www.europesays.com\/fr\/wp-json\/wp\/v2\/comments?post=502056"}],"version-history":[{"count":0,"href":"https:\/\/www.europesays.com\/fr\/wp-json\/wp\/v2\/posts\/502056\/revisions"}],"wp:featuredmedia":[{"embeddable":true,"href":"https:\/\/www.europesays.com\/fr\/wp-json\/wp\/v2\/media\/502057"}],"wp:attachment":[{"href":"https:\/\/www.europesays.com\/fr\/wp-json\/wp\/v2\/media?parent=502056"}],"wp:term":[{"taxonomy":"category","embeddable":true,"href":"https:\/\/www.europesays.com\/fr\/wp-json\/wp\/v2\/categories?post=502056"},{"taxonomy":"post_tag","embeddable":true,"href":"https:\/\/www.europesays.com\/fr\/wp-json\/wp\/v2\/tags?post=502056"}],"curies":[{"name":"wp","href":"https:\/\/api.w.org\/{rel}","templated":true}]}}