{"id":502058,"date":"2025-10-31T11:06:13","date_gmt":"2025-10-31T11:06:13","guid":{"rendered":"https:\/\/www.europesays.com\/fr\/502058\/"},"modified":"2025-10-31T11:06:13","modified_gmt":"2025-10-31T11:06:13","slug":"un-couple-condamne-pour-escroquerie","status":"publish","type":"post","link":"https:\/\/www.europesays.com\/fr\/502058\/","title":{"rendered":"un couple condamn\u00e9 pour escroquerie"},"content":{"rendered":"<p>            Par<br \/>\n        <strong><br \/>\n            <a href=\"https:\/\/actu.fr\/auteur\/redaction-bordeaux\" title=\"Consulter tous les articles de R\u00e9daction Bordeaux\" target=\"_blank\" rel=\"noopener\">R\u00e9daction Bordeaux<\/a><br \/>\n        <\/strong><\/p>\n<p>        Publi\u00e9 le<\/p>\n<p>            31 oct. 2025 \u00e0 11h32        <\/p>\n<p>Elle avait <strong>simul\u00e9 durant neuf ans une leuc\u00e9mie<\/strong> pendant que son mari montait des cagnottes en ligne pour financer ses traitements : une m\u00e8re de famille et son ex-\u00e9poux ont \u00e9t\u00e9 <strong>condamn\u00e9s<\/strong> jeudi <a href=\"https:\/\/actu.fr\/bordeaux\/\" target=\"_blank\" rel=\"noopener\">\u00e0 Bordeaux<\/a> pour escroquerie et blanchiment.\u00a0Le tribunal correctionnel de Bordeaux a prononc\u00e9 une peine de 12 mois d\u2019emprisonnement, avec sursis probatoire de 3 ans, contre les deux membres du couple, aujourd\u2019hui divorc\u00e9, qui a collect\u00e9 entre 2019 et 2024 <strong>pr\u00e8s de 82 700 euros<\/strong> gr\u00e2ce \u00e0 trois cagnottes Leetchi.<\/p>\n<p>Plus d\u2019un millier de personnes dup\u00e9es<\/p>\n<p class=\" wall-content\">C\u2019est l\u2019agence de biom\u00e9decine qui a <strong>d\u00e9couvert l\u2019escroquerie<\/strong> quand un influenceur a dop\u00e9 la visibilit\u00e9 de la derni\u00e8re collecte pour financer l\u2019achat de cellules souches permettant de traiter cette fausse pathologie, des soins pourtant <strong>gratuits en France<\/strong> et \u00ab\u00a0jamais factur\u00e9s \u00e0 des patients\u00a0\u00bb, a-t-elle rappel\u00e9.<\/p>\n<p class=\" wall-content\">Selon l\u2019accusation, plus d\u2019un millier de personnes, dont des \u00ab\u00a0personnalit\u00e9s\u00a0\u00bb, avaient abond\u00e9 ces cagnottes, utilis\u00e9es pour divers achats, dont <strong>un smartphone et un van<\/strong> ou pour combler des d\u00e9couverts du couple.<\/p>\n<p class=\" wall-content\">Outre la confiscation de ces biens ou la saisie de sommes sur des comptes bancaires, la justice a \u00e9galement condamn\u00e9 les deux ex-conjoints \u00e0 <strong>rembourser une trentaine de personnes<\/strong> constitu\u00e9es parties civiles et \u00e0 suivre <a href=\"https:\/\/actu.fr\/tag\/sante\" target=\"_blank\" rel=\"noopener\">des soins<\/a> pour la pr\u00e9venue.<\/p>\n<p>Un mensonge depuis dix ans<\/p>\n<p class=\" wall-content\">Cette institutrice de 36 ans avait commenc\u00e9 \u00e0 simuler la maladie en 2015 lorsque son conjoint \u00e9tait parti faire des \u00e9tudes <a href=\"https:\/\/actu.fr\/tag\/espagne\" target=\"_blank\" rel=\"noopener\">en Espagne,<\/a> <strong>par \u00ab\u00a0peur qu\u2019il ne revienne pas<\/strong> vers elle\u00a0\u00bb.<\/p>\n<p class=\" wall-content\">\u00ab\u00a0En difficult\u00e9\u00a0\u00bb apr\u00e8s la naissance de ses deux enfants, elle avait simul\u00e9 des <strong>rechutes.<\/strong> \u00ab\u00a0Au lieu d\u2019affronter un obstacle, je mens, c\u2019\u00e9tait plus fort que moi\u00a0\u00bb, a-t-elle avou\u00e9 \u00e0 l\u2019audience.\u00a0<\/p>\n<p>Votre r\u00e9gion, votre actu !<\/p>\n<p>Recevez chaque jour les infos qui comptent pour vous.<\/p>\n<p>\t<a href=\"https:\/\/actu.fr\/newsletter\" class=\"ac-btn ac-btn--corner ac-btn--medium ac-btn--blue800\" target=\"_blank\" rel=\"noopener\">S&rsquo;incrire<\/a><\/p>\n<p class=\" wall-content\">La t\u00eate ras\u00e9e, elle a poursuivi la supercherie, simulant des convulsions et de <strong>faux s\u00e9jours \u00e0 l\u2019h\u00f4pital.<\/strong>\u00a0Elle a aussi fait croire que <strong>son jeune fils<\/strong> souffrait du lymphome de Hodgkin, pour que l\u2019assistante maternelle lui porte davantage d\u2019attention.<\/p>\n<p class=\" wall-content\">La pr\u00e9venue, qui avait d\u00e9j\u00e0 invent\u00e9 <strong>un faux viol<\/strong> avant ses examens du bac, a expliqu\u00e9 \u00e0 l\u2019audience avoir agi par \u00ab\u00a0besoin de reconnaissance\u00a0\u00bb, se nourrissant des <strong>\u00ab\u00a0messages de compassion\u00a0\u00bb<\/strong> des cagnottes. \u00ab\u00a0Emp\u00eatr\u00e9e dans ses mensonges\u00a0\u00bb, elle ne \u00ab\u00a0trouvait pas de porte de sortie\u00a0\u00bb jusqu\u2019\u00e0 l&rsquo;\u00a0\u00bb\u00e9lectrochoc\u00a0\u00bb de sa garde \u00e0 vue.<\/p>\n<p class=\" wall-content\">Son ex-\u00e9poux, kin\u00e9sith\u00e9rapeute de 37 ans, qui ne l\u2019a <strong>jamais accompagn\u00e9e chez un m\u00e9decin<\/strong> et n\u2019a pas davantage consult\u00e9 ses dossiers m\u00e9dicaux, a assur\u00e9 avoir constitu\u00e9 les cagnottes \u00ab\u00a0en toute bienveillance\u00a0\u00bb et \u00ab\u00a0en confiance\u00a0\u00bb devant la \u00ab\u00a0maigreur\u00a0\u00bb et les \u00ab\u00a0signes apparents de mauvaise sant\u00e9\u00a0\u00bb de son \u00e9pouse.<\/p>\n<p class=\" wall-content\"><strong>Avec AFP<\/strong><\/p>\n<p class=\" wall-content\">Personnalisez votre actualit\u00e9 en ajoutant vos villes et m\u00e9dias en favori avec <a href=\"https:\/\/moncompte.actu.fr\" title=\"D\u00e9couvez Mon Actu\" rel=\"nofollow noopener\" data-trk=\"{&quot;cta&quot;:{&quot;action&quot;:&quot;https:\\\/\\\/moncompte.actu.fr&quot;,&quot;category&quot;:&quot;mon compte&quot;,&quot;from&quot;:&quot;article footer&quot;,&quot;name&quot;:&quot;Mon actu&quot;,&quot;type&quot;:&quot;cta&quot;}}\" target=\"_blank\">Mon Actu<\/a>.<\/p>\n","protected":false},"excerpt":{"rendered":"Par R\u00e9daction Bordeaux Publi\u00e9 le 31 oct. 2025 \u00e0 11h32 Elle avait simul\u00e9 durant neuf ans une leuc\u00e9mie&hellip;\n","protected":false},"author":2,"featured_media":502059,"comment_status":"","ping_status":"","sticky":false,"template":"","format":"standard","meta":{"footnotes":""},"categories":[2817],"tags":[1111,11,1997,1777,674,1011,27,303,12,2219,25,71,104,7559],"class_list":{"0":"post-502058","1":"post","2":"type-post","3":"status-publish","4":"format-standard","5":"has-post-thumbnail","7":"category-bordeaux","8":"tag-actu","9":"tag-actualites","10":"tag-bordeaux","11":"tag-eu","12":"tag-europe","13":"tag-fr","14":"tag-france","15":"tag-justice","16":"tag-news","17":"tag-nouvelle-aquitaine","18":"tag-republique-francaise","19":"tag-sante","20":"tag-societe","21":"tag-tribunal-de-bordeaux"},"share_on_mastodon":{"url":"https:\/\/pubeurope.com\/@fr\/115468460709322495","error":""},"_links":{"self":[{"href":"https:\/\/www.europesays.com\/fr\/wp-json\/wp\/v2\/posts\/502058","targetHints":{"allow":["GET"]}}],"collection":[{"href":"https:\/\/www.europesays.com\/fr\/wp-json\/wp\/v2\/posts"}],"about":[{"href":"https:\/\/www.europesays.com\/fr\/wp-json\/wp\/v2\/types\/post"}],"author":[{"embeddable":true,"href":"https:\/\/www.europesays.com\/fr\/wp-json\/wp\/v2\/users\/2"}],"replies":[{"embeddable":true,"href":"https:\/\/www.europesays.com\/fr\/wp-json\/wp\/v2\/comments?post=502058"}],"version-history":[{"count":0,"href":"https:\/\/www.europesays.com\/fr\/wp-json\/wp\/v2\/posts\/502058\/revisions"}],"wp:featuredmedia":[{"embeddable":true,"href":"https:\/\/www.europesays.com\/fr\/wp-json\/wp\/v2\/media\/502059"}],"wp:attachment":[{"href":"https:\/\/www.europesays.com\/fr\/wp-json\/wp\/v2\/media?parent=502058"}],"wp:term":[{"taxonomy":"category","embeddable":true,"href":"https:\/\/www.europesays.com\/fr\/wp-json\/wp\/v2\/categories?post=502058"},{"taxonomy":"post_tag","embeddable":true,"href":"https:\/\/www.europesays.com\/fr\/wp-json\/wp\/v2\/tags?post=502058"}],"curies":[{"name":"wp","href":"https:\/\/api.w.org\/{rel}","templated":true}]}}