{"id":502060,"date":"2025-10-31T11:07:12","date_gmt":"2025-10-31T11:07:12","guid":{"rendered":"https:\/\/www.europesays.com\/fr\/502060\/"},"modified":"2025-10-31T11:07:12","modified_gmt":"2025-10-31T11:07:12","slug":"des-agents-penitentiaires-agresses-par-un-mineur-a-la-prison-de-gradignan","status":"publish","type":"post","link":"https:\/\/www.europesays.com\/fr\/502060\/","title":{"rendered":"des agents p\u00e9nitentiaires agress\u00e9s par un mineur \u00e0 la prison de Gradignan"},"content":{"rendered":"<p>\n    Les faits se sont d\u00e9roul\u00e9s mardi 28 octobre. Le mis en cause serait d\u00e9j\u00e0 \u00abauteur de 14 comptes rendus d\u2019incident depuis la mi-ao\u00fbt\u00bb.<\/p>\n<p class=\"fig-paragraph\">Un incident violent s\u2019est produit mardi en fin d\u2019apr\u00e8s-midi au quartier des mineurs du\u00a0<a href=\"https:\/\/www.lefigaro.fr\/bordeaux\/la-nouvelle-prison-de-bordeaux-gradignan-ouverte-avant-la-fin-des-travaux-deja-confrontee-au-defi-de-la-surpopulation-20241030?msockid=258c4318a154643d05395665a0ed65f9\" target=\"_blank\" data-fig-type=\"NewsFlash\" rel=\"sponsored noopener\" data-gtm-custom-categorie=\"navigation\" data-gtm-custom-action=\"crossclick\" data-gtm-custom-label=\"Contextuel\" data-gtm-event=\"customEventSPE\" data-fig-domain=\"LEFIGARO\">centre p\u00e9nitentiaire de Gradignan<\/a>\u00a0(<a href=\"http:\/\/www.lefigaro.fr\/bordeaux\/en-deux-ans-nos-scores-ont-explose-a-lege-cap-ferret-le-rn-presente-un-candidat-pour-la-premiere-fois-aux-municipales-20251029\" data-fig-type=\"NewsFlash\" data-gtm-custom-categorie=\"navigation\" data-gtm-custom-action=\"crossclick\" data-gtm-custom-label=\"Contextuel\" data-gtm-event=\"customEventSPE\" data-fig-domain=\"LEFIGARO\" target=\"_blank\" rel=\"noopener\">Gironde<\/a>). Vers 17 heures, un jeune d\u00e9tenu revenant d\u2019une audience aupr\u00e8s de la protection judiciaire de la jeunesse (PJJ) aurait agress\u00e9\u00a0<a href=\"https:\/\/www.lefigaro.fr\/flash-actu\/charente-quatre-surveillants-penitentiaires-mis-en-examen-pour-avoir-fourni-des-telephones-et-de-la-drogue-a-des-detenus-20251017?msockid=258c4318a154643d05395665a0ed65f9\" target=\"_blank\" data-fig-type=\"NewsFlash\" rel=\"sponsored noopener\" data-gtm-custom-categorie=\"navigation\" data-gtm-custom-action=\"crossclick\" data-gtm-custom-label=\"Contextuel\" data-gtm-event=\"customEventSPE\" data-fig-domain=\"LEFIGARO\">plusieurs surveillants<\/a>\u00a0alors qu\u2019il refusait de regagner sa cellule, selon un communiqu\u00e9 du syndicat Ufap-Unsa-Justice.<\/p>\n<p class=\"fig-paragraph\">L\u2019individu se serait alors montr\u00e9 particuli\u00e8rement violent, prof\u00e9rant insultes et coups contre les agents. Deux d\u2019entre eux ont \u00e9t\u00e9 bless\u00e9s, dont un pr\u00e9sentant \u00abde nombreuses contusions au visage\u00bb. L\u2019intervention rapide de renforts a permis la ma\u00eetrise du d\u00e9tenu.<\/p>\n<p>                                    <a class=\"fig-a11y-skip a11y-hidden\" href=\"#fig-a11y-skip-main-inarticle\"><br \/>\n        Passer la publicit\u00e9<br \/>\n    <\/a><\/p>\n<p>Demande d\u2019une \u00absanction exemplaire\u00bb<\/p>\n<p class=\"fig-paragraph\">Ce mineur serait d\u00e9j\u00e0 \u00abauteur de 14 comptes rendus d\u2019incident depuis la mi-ao\u00fbt\u00bb. L\u2019Ufap-Unsa-Justice d\u00e9nonce ces violences \u00e0 l\u2019encontre du personnel p\u00e9nitentiaire et appelle \u00e0 des mesures fortes.<\/p>\n<p class=\"fig-paragraph\">Le syndicat \u00abrefuse que la violence devienne la norme, tout comme elle ne tol\u00e8re pas que les agents continuent d\u2019exercer dans des conditions aussi p\u00e9rilleuses, sans les moyens humains, mat\u00e9riels et juridiques indispensables \u00e0 leur s\u00e9curit\u00e9\u00bb et exige une \u00absanction disciplinaire exemplaire \u00e0 l\u2019encontre de l\u2019agresseur\u00bb, ainsi qu\u2019\u00abune prise en charge rapide pour les agents bless\u00e9s\u00bb.<\/p>\n","protected":false},"excerpt":{"rendered":"Les faits se sont d\u00e9roul\u00e9s mardi 28 octobre. Le mis en cause serait d\u00e9j\u00e0 \u00abauteur de 14 comptes&hellip;\n","protected":false},"author":2,"featured_media":502061,"comment_status":"","ping_status":"","sticky":false,"template":"","format":"standard","meta":{"footnotes":""},"categories":[2817],"tags":[1111,11,1120,1997,1777,674,1011,27,6636,12,2219,806,25],"class_list":{"0":"post-502060","1":"post","2":"type-post","3":"status-publish","4":"format-standard","5":"has-post-thumbnail","7":"category-bordeaux","8":"tag-actu","9":"tag-actualites","10":"tag-agression","11":"tag-bordeaux","12":"tag-eu","13":"tag-europe","14":"tag-fr","15":"tag-france","16":"tag-mineurs","17":"tag-news","18":"tag-nouvelle-aquitaine","19":"tag-prison","20":"tag-republique-francaise"},"share_on_mastodon":{"url":"https:\/\/pubeurope.com\/@fr\/115468464639620146","error":""},"_links":{"self":[{"href":"https:\/\/www.europesays.com\/fr\/wp-json\/wp\/v2\/posts\/502060","targetHints":{"allow":["GET"]}}],"collection":[{"href":"https:\/\/www.europesays.com\/fr\/wp-json\/wp\/v2\/posts"}],"about":[{"href":"https:\/\/www.europesays.com\/fr\/wp-json\/wp\/v2\/types\/post"}],"author":[{"embeddable":true,"href":"https:\/\/www.europesays.com\/fr\/wp-json\/wp\/v2\/users\/2"}],"replies":[{"embeddable":true,"href":"https:\/\/www.europesays.com\/fr\/wp-json\/wp\/v2\/comments?post=502060"}],"version-history":[{"count":0,"href":"https:\/\/www.europesays.com\/fr\/wp-json\/wp\/v2\/posts\/502060\/revisions"}],"wp:featuredmedia":[{"embeddable":true,"href":"https:\/\/www.europesays.com\/fr\/wp-json\/wp\/v2\/media\/502061"}],"wp:attachment":[{"href":"https:\/\/www.europesays.com\/fr\/wp-json\/wp\/v2\/media?parent=502060"}],"wp:term":[{"taxonomy":"category","embeddable":true,"href":"https:\/\/www.europesays.com\/fr\/wp-json\/wp\/v2\/categories?post=502060"},{"taxonomy":"post_tag","embeddable":true,"href":"https:\/\/www.europesays.com\/fr\/wp-json\/wp\/v2\/tags?post=502060"}],"curies":[{"name":"wp","href":"https:\/\/api.w.org\/{rel}","templated":true}]}}