{"id":502066,"date":"2025-10-31T11:10:14","date_gmt":"2025-10-31T11:10:14","guid":{"rendered":"https:\/\/www.europesays.com\/fr\/502066\/"},"modified":"2025-10-31T11:10:14","modified_gmt":"2025-10-31T11:10:14","slug":"pour-eviter-les-troubles-a-lordre-public-des-interdictions-en-vigueur-dans-le-nord","status":"publish","type":"post","link":"https:\/\/www.europesays.com\/fr\/502066\/","title":{"rendered":"pour \u00e9viter les \u00ab\u00a0troubles \u00e0 l&rsquo;ordre public\u00a0\u00bb, des interdictions en vigueur dans le Nord"},"content":{"rendered":"<p>            Par<br \/>\n        <strong><br \/>\n            <a href=\"https:\/\/actu.fr\/auteur\/margot-nicodeme\" title=\"Consulter tous les articles de Margot Nicod\u00e8me\" target=\"_blank\" rel=\"noopener\">Margot Nicod\u00e8me<\/a><br \/>\n        <\/strong><\/p>\n<p>        Publi\u00e9 le<\/p>\n<p>            31 oct. 2025 \u00e0 11h01        <\/p>\n<p>Il semble y avoir un regain d\u2019int\u00e9r\u00eat pour <a href=\"https:\/\/actu.fr\/tag\/halloween\" target=\"_blank\" rel=\"noopener\">Halloween<\/a>, en attestent <a href=\"https:\/\/actu.fr\/hauts-de-france\/lille_59350\/bal-boum-nuit-terrible-films-dhorreur-que-faire-a-lille-et-autour-pour-feter-halloween_63325122.html\" target=\"_blank\" rel=\"noopener\">les tr\u00e8s nombreux \u00e9v\u00e9nements<\/a> organis\u00e9s ce vendredi 31 octobre 2025 et au cours du week-end, ne serait-ce que dans la m\u00e9tropole de <a href=\"https:\/\/actu.fr\/hauts-de-france\/lille_59350\" target=\"_blank\" rel=\"noopener\">Lille<\/a> (Nord). Autant de festivit\u00e9s qui peuvent g\u00e9n\u00e9rer des d\u00e9bordements. C\u2019est pourquoi <b>la pr\u00e9fecture du Nord<\/b> a pris <b>un ensemble de mesures<\/b> visant \u00e0 \u00ab\u00a0pr\u00e9venir les troubles \u00e0 l\u2019ordre public\u00a0\u00bb et \u00e0 assurer la s\u00e9curit\u00e9 de tous les habitants.<\/p>\n<p>Des interdictions pour le week-end d\u2019Halloween d\u00e9cid\u00e9es par la pr\u00e9fecture du Nord<\/p>\n<p class=\" wall-content\">Elles entrent en vigueur sur tout le territoire \u00e0 compter de<b> ce vendredi 31 octobre 12h<\/b>, jusqu\u2019au<b> dimanche 2 novembre 12h<\/b>. Interdiction de transporter du carburant et certains artifices\u2026 Voici les restrictions dans le d\u00e9tail :<\/p>\n<ul class=\" wall-content\">\n<li>Il est interdit de distribuer, d\u2019acheter et de vendre du carburant dans des r\u00e9cipients transportables ;<\/li>\n<li>de vendre, de transporter ou d\u2019utiliser de l\u2019acide sur la voie publique ;<\/li>\n<li>d\u2019utiliser et de d\u00e9tenir sur la voie publique des artifices de divertissement par les non- professionnels ;<\/li>\n<li>de vendre et de transporter des artifices de divertissement des cat\u00e9gories 2 et 3 figurant sur la liste fix\u00e9e par l\u2019arr\u00eat\u00e9 du 17 d\u00e9cembre 2021 (chandelles romaines, fus\u00e9es, p\u00e9tards \u00e0 m\u00e8ches etc.).<\/li>\n<\/ul>\n<p class=\" wall-content\">Les <b>spectacles pyrotechniques<\/b> et <b>les feux d\u2019artifices<\/b> sont autoris\u00e9s, seulement s\u2019ils sont \u00ab\u00a0command\u00e9s par des communes ou des personnes de droit public ou des organisateurs d\u2019\u00e9v\u00e9nements d\u00fbment d\u00e9clar\u00e9s en mairie sur des espaces priv\u00e9s\u00a0\u00bb.<\/p>\n<p class=\" wall-content\">Les g\u00e9rants et exploitants de stations-services, notamment celles qui disposent d\u2019appareils automatis\u00e9s permettant la distribution de carburants, doivent \u00ab\u00a0prendre les dispositions n\u00e9cessaires pour faire respecter\u00a0\u00bb l\u2019interdiction sur le carburant.\u00a0<\/p>\n<p class=\" wall-content\">Enfin, la pr\u00e9fecture du Nord pr\u00e9cise que \u00ab\u00a0l\u2019ensemble des forces de l\u2019ordre seront mobilis\u00e9es pour effectuer les contr\u00f4les n\u00e9cessaires afin d\u2019assurer le respect de ces mesures\u00a0\u00bb. Tout le monde est ainsi pr\u00e9venu.\u00a0<\/p>\n<p class=\" wall-content\">Personnalisez votre actualit\u00e9 en ajoutant vos villes et m\u00e9dias en favori avec <a href=\"https:\/\/moncompte.actu.fr\" title=\"D\u00e9couvez Mon Actu\" rel=\"nofollow noopener\" data-trk=\"{&quot;cta&quot;:{&quot;action&quot;:&quot;https:\\\/\\\/moncompte.actu.fr&quot;,&quot;category&quot;:&quot;mon compte&quot;,&quot;from&quot;:&quot;article footer&quot;,&quot;name&quot;:&quot;Mon actu&quot;,&quot;type&quot;:&quot;cta&quot;}}\" target=\"_blank\">Mon Actu<\/a>.<\/p>\n","protected":false},"excerpt":{"rendered":"Par Margot Nicod\u00e8me Publi\u00e9 le 31 oct. 2025 \u00e0 11h01 Il semble y avoir un regain d\u2019int\u00e9r\u00eat pour&hellip;\n","protected":false},"author":2,"featured_media":502067,"comment_status":"","ping_status":"","sticky":false,"template":"","format":"standard","meta":{"footnotes":""},"categories":[2815],"tags":[1111,11,1777,674,1011,27,20815,811,1307,12,1072,25,104],"class_list":{"0":"post-502066","1":"post","2":"type-post","3":"status-publish","4":"format-standard","5":"has-post-thumbnail","7":"category-lille","8":"tag-actu","9":"tag-actualites","10":"tag-eu","11":"tag-europe","12":"tag-fr","13":"tag-france","14":"tag-halloween","15":"tag-hauts-de-france","16":"tag-lille","17":"tag-news","18":"tag-police","19":"tag-republique-francaise","20":"tag-societe"},"share_on_mastodon":{"url":"https:\/\/pubeurope.com\/@fr\/115468476722101832","error":""},"_links":{"self":[{"href":"https:\/\/www.europesays.com\/fr\/wp-json\/wp\/v2\/posts\/502066","targetHints":{"allow":["GET"]}}],"collection":[{"href":"https:\/\/www.europesays.com\/fr\/wp-json\/wp\/v2\/posts"}],"about":[{"href":"https:\/\/www.europesays.com\/fr\/wp-json\/wp\/v2\/types\/post"}],"author":[{"embeddable":true,"href":"https:\/\/www.europesays.com\/fr\/wp-json\/wp\/v2\/users\/2"}],"replies":[{"embeddable":true,"href":"https:\/\/www.europesays.com\/fr\/wp-json\/wp\/v2\/comments?post=502066"}],"version-history":[{"count":0,"href":"https:\/\/www.europesays.com\/fr\/wp-json\/wp\/v2\/posts\/502066\/revisions"}],"wp:featuredmedia":[{"embeddable":true,"href":"https:\/\/www.europesays.com\/fr\/wp-json\/wp\/v2\/media\/502067"}],"wp:attachment":[{"href":"https:\/\/www.europesays.com\/fr\/wp-json\/wp\/v2\/media?parent=502066"}],"wp:term":[{"taxonomy":"category","embeddable":true,"href":"https:\/\/www.europesays.com\/fr\/wp-json\/wp\/v2\/categories?post=502066"},{"taxonomy":"post_tag","embeddable":true,"href":"https:\/\/www.europesays.com\/fr\/wp-json\/wp\/v2\/tags?post=502066"}],"curies":[{"name":"wp","href":"https:\/\/api.w.org\/{rel}","templated":true}]}}