{"id":50207,"date":"2025-04-24T22:04:08","date_gmt":"2025-04-24T22:04:08","guid":{"rendered":"https:\/\/www.europesays.com\/fr\/50207\/"},"modified":"2025-04-24T22:04:08","modified_gmt":"2025-04-24T22:04:08","slug":"atp-madrid-marc-lopez-ex-coach-de-nadal-des-la-premiere-minute-rafa-ma-dit-je-ne-tengage-pas-en-tant-quami-ni-en-tant-que-partenaire-dentrainement-ni-en-tant-que-coequipier-mais-pour","status":"publish","type":"post","link":"https:\/\/www.europesays.com\/fr\/50207\/","title":{"rendered":"ATP &#8211; Madrid > Marc Lopez, ex-coach de Nadal : \u00ab\u00a0D\u00e8s la premi\u00e8re minute, Rafa m&rsquo;a dit : &lsquo;Je ne t&rsquo;engage pas en tant qu&rsquo;ami, ni en tant que partenaire d&rsquo;entra\u00eenement, ni en tant que co\u00e9quipier mais pour que tu me dises ce que je dois faire de bien et ce que tu penses'\u00a0\u00bb"},"content":{"rendered":"<p>Marc Lopez, ancien coach de Rafael Nadal de 2021 \u00e0 2024 (aux c\u00f4t\u00e9s de Carlos Moya) et ancien parte\u00adnaire de double avec qui il a remport\u00e9 la m\u00e9daille d\u2019or aux Jeux Olympiques de Rio 2016, s\u2019est r\u00e9cem\u00adment exprim\u00e9 sur la cha\u00eene Youtube de l\u2019Open de Madrid concer\u00adnant la diffi\u00adcult\u00e9 d\u2019en\u00adtra\u00eener un tel champion.<\/p>\n<p><strong>\u00ab\u202fD\u00e8s la premi\u00e8re minute, il m\u2019a dit\u00a0: \u2018Je t\u2019en\u00adgage en tant qu\u2019en\u00adtra\u00ee\u00adneur, pas en tant qu\u2019ami, ni en tant que parte\u00adnaire d\u2019en\u00adtra\u00ee\u00adne\u00adment, ni en tant que co\u00e9qui\u00adpier. Je t\u2019en\u00adgage pour que tu me dises ce que je dois faire de bien et ce que tu penses.\u2019 Et dans ce cas, c\u2019\u00e9tait plus un probl\u00e8me pour moi. Je me disais int\u00e9\u00adrieu\u00adre\u00adment, voyons comment je vais pouvoir dire \u00e0 Rafa comment il doit frapper un coup droit, un revers ou une vol\u00e9e. C\u2019est diffi\u00adcile, mais il m\u2019a fallu un peu de temps pour m\u2019adapter. Cela m\u2019a beau\u00adcoup aid\u00e9 de voir Carlos Moya le faire parce qu\u2019en fin de compte, c\u2019est aussi un ami et un co\u00e9qui\u00adpier. Il est pass\u00e9 par l\u00e0 et m\u2019a beau\u00adcoup aid\u00e9. C\u2019est vrai que je l\u2019ai beau\u00adcoup copi\u00e9, je me suis beau\u00adcoup appuy\u00e9 sur Carlos et \u00e0 la fin j\u2019ai pu y arriver et je lui ai dit tout ce que je pensais. Ce furent trois ann\u00e9es tr\u00e8s agr\u00e9ables \u00e0 ses\u00a0c\u00f4t\u00e9s.\u202f\u00bb<\/strong><\/p>\n<p class=\"post-published-date\" style=\"color: silver; font-size: 75%; text-align: left;\">Publi\u00e9 le jeudi 24 avril 2025 \u00e0 19:45<\/p>\n","protected":false},"excerpt":{"rendered":"Marc Lopez, ancien coach de Rafael Nadal de 2021 \u00e0 2024 (aux c\u00f4t\u00e9s de Carlos Moya) et ancien&hellip;\n","protected":false},"author":2,"featured_media":50208,"comment_status":"","ping_status":"","sticky":false,"template":"","format":"standard","meta":{"footnotes":""},"categories":[1415],"tags":[1011,27,1960,60,1467],"class_list":{"0":"post-50207","1":"post","2":"type-post","3":"status-publish","4":"format-standard","5":"has-post-thumbnail","7":"category-tennis","8":"tag-fr","9":"tag-france","10":"tag-nadal","11":"tag-sports","12":"tag-tennis"},"share_on_mastodon":{"url":"https:\/\/pubeurope.com\/@fr\/114395209116529288","error":""},"_links":{"self":[{"href":"https:\/\/www.europesays.com\/fr\/wp-json\/wp\/v2\/posts\/50207","targetHints":{"allow":["GET"]}}],"collection":[{"href":"https:\/\/www.europesays.com\/fr\/wp-json\/wp\/v2\/posts"}],"about":[{"href":"https:\/\/www.europesays.com\/fr\/wp-json\/wp\/v2\/types\/post"}],"author":[{"embeddable":true,"href":"https:\/\/www.europesays.com\/fr\/wp-json\/wp\/v2\/users\/2"}],"replies":[{"embeddable":true,"href":"https:\/\/www.europesays.com\/fr\/wp-json\/wp\/v2\/comments?post=50207"}],"version-history":[{"count":0,"href":"https:\/\/www.europesays.com\/fr\/wp-json\/wp\/v2\/posts\/50207\/revisions"}],"wp:featuredmedia":[{"embeddable":true,"href":"https:\/\/www.europesays.com\/fr\/wp-json\/wp\/v2\/media\/50208"}],"wp:attachment":[{"href":"https:\/\/www.europesays.com\/fr\/wp-json\/wp\/v2\/media?parent=50207"}],"wp:term":[{"taxonomy":"category","embeddable":true,"href":"https:\/\/www.europesays.com\/fr\/wp-json\/wp\/v2\/categories?post=50207"},{"taxonomy":"post_tag","embeddable":true,"href":"https:\/\/www.europesays.com\/fr\/wp-json\/wp\/v2\/tags?post=50207"}],"curies":[{"name":"wp","href":"https:\/\/api.w.org\/{rel}","templated":true}]}}