{"id":502073,"date":"2025-10-31T11:15:21","date_gmt":"2025-10-31T11:15:21","guid":{"rendered":"https:\/\/www.europesays.com\/fr\/502073\/"},"modified":"2025-10-31T11:15:21","modified_gmt":"2025-10-31T11:15:21","slug":"lyon-pour-comprendre-la-revolution-trumpiste-venez-bavarder-avec-christine-ockrent-ce-lundi","status":"publish","type":"post","link":"https:\/\/www.europesays.com\/fr\/502073\/","title":{"rendered":"Lyon. Pour comprendre la \u00ab\u00a0r\u00e9volution trumpiste\u00a0\u00bb, venez bavarder avec Christine Ockrent ce lundi"},"content":{"rendered":"<p>Longtemps surnomm\u00e9e \u201cLa Reine Christine\u201d pour sa pr\u00e9sence dominante dans le PAF des ann\u00e9es\u00a01980 et\u00a01990, Christine Ockrent s\u2019arr\u00eate \u00e0 Lyon lundi 3\u00a0novembre.\u00a0<\/p>\n<p>La journaliste, aujourd\u2019hui \u00e2g\u00e9e de 81 ans et qui est toujours productrice de l\u2019\u00e9mission \u00ab\u00a0Affaires \u00e9trang\u00e8res\u00a0\u00bb sur France Culture, vient pr\u00e9senter son dernier livre Le Trump de A \u00e0 Z (\u00e9ditions Deno\u00ebl).<\/p>\n<p>\u00ab\u00a0Il faut passer par les mots\u00a0\u00bb<\/p>\n<p>Paru le 22\u00a0octobre, l\u2019ouvrage qui se pr\u00e9sente sous la forme d\u2019un br\u00e9viaire, th\u00e8me par th\u00e8me, rel\u00e8ve pr\u00e9cis\u00e9ment les exhortations et les d\u00e9n\u00e9gations du locataire de la Maison blanche, de retour au pouvoir depuis janvier\u00a02025. Alors que <a href=\"https:\/\/www.leprogres.fr\/defense-guerre-conflit\/2025\/09\/30\/reveiller-l-esprit-guerrier-pourquoi-donald-trump-a-t-il-reuni-les-hauts-grades-americains\" target=\"_blank\" rel=\"nofollow noopener\"> Donald Trump<\/a> \u00ab\u00a0sid\u00e8re son pays et le monde menant tambour battant une v\u00e9ritable r\u00e9volution au d\u00e9fi des institutions et de l\u2019ordre \u00e9tabli\u00a0\u00bb, la quatri\u00e8me de couverture rappelle que pour \u00ab\u00a0comprendre la r\u00e9volution trumpiste, il faut passer par les mots\u00a0\u00bb.<\/p>\n<p>Christine Ockrent, la deuxi\u00e8me femme \u00e0 incarner <a href=\"https:\/\/www.leprogres.fr\/societe\/2017\/09\/04\/lapix-28-ans-apres-la-reine-christine\" target=\"_blank\" rel=\"nofollow noopener\">Le 20 heures de France 2<\/a> , r\u00e9pondra aux questions du public rassembl\u00e9 salle Les Clefs de Juliette dans le 9e \u00a0arrondissement. Maritsa Boghossian de la librairie Pleine Lune \u00e0 Tassin-la-Demi-Lune animera la rencontre.<\/p>\n<p class=\"note\">Lundi 3\u00a0novembre \u00e0 18\u00a0heures aux Clefs de Juliette, \u00e0 Lyon 9e. Le Trump de A \u00e0 Z paru aux \u00e9ditions Deno\u00ebl, le 22\u00a0octobre 2025. 380 pages. 19,90\u00a0\u20ac.<\/p>\n","protected":false},"excerpt":{"rendered":"Longtemps surnomm\u00e9e \u201cLa Reine Christine\u201d pour sa pr\u00e9sence dominante dans le PAF des ann\u00e9es\u00a01980 et\u00a01990, Christine Ockrent s\u2019arr\u00eate&hellip;\n","protected":false},"author":2,"featured_media":502074,"comment_status":"","ping_status":"","sticky":false,"template":"","format":"standard","meta":{"footnotes":""},"categories":[1889],"tags":[1111,11,2430,1687,2757,1777,674,1011,27,2428,2756,12,973,25,104,2205],"class_list":{"0":"post-502073","1":"post","2":"type-post","3":"status-publish","4":"format-standard","5":"has-post-thumbnail","7":"category-lyon","8":"tag-actu","9":"tag-actualites","10":"tag-auvergne-rhone-alpes","11":"tag-culture-loisirs","12":"tag-edition-lyon-villeurbanne","13":"tag-eu","14":"tag-europe","15":"tag-fr","16":"tag-france","17":"tag-lyon","18":"tag-lyon-bassin","19":"tag-news","20":"tag-people","21":"tag-republique-francaise","22":"tag-societe","23":"tag-television-medias"},"share_on_mastodon":{"url":"https:\/\/pubeurope.com\/@fr\/115468496097183385","error":""},"_links":{"self":[{"href":"https:\/\/www.europesays.com\/fr\/wp-json\/wp\/v2\/posts\/502073","targetHints":{"allow":["GET"]}}],"collection":[{"href":"https:\/\/www.europesays.com\/fr\/wp-json\/wp\/v2\/posts"}],"about":[{"href":"https:\/\/www.europesays.com\/fr\/wp-json\/wp\/v2\/types\/post"}],"author":[{"embeddable":true,"href":"https:\/\/www.europesays.com\/fr\/wp-json\/wp\/v2\/users\/2"}],"replies":[{"embeddable":true,"href":"https:\/\/www.europesays.com\/fr\/wp-json\/wp\/v2\/comments?post=502073"}],"version-history":[{"count":0,"href":"https:\/\/www.europesays.com\/fr\/wp-json\/wp\/v2\/posts\/502073\/revisions"}],"wp:featuredmedia":[{"embeddable":true,"href":"https:\/\/www.europesays.com\/fr\/wp-json\/wp\/v2\/media\/502074"}],"wp:attachment":[{"href":"https:\/\/www.europesays.com\/fr\/wp-json\/wp\/v2\/media?parent=502073"}],"wp:term":[{"taxonomy":"category","embeddable":true,"href":"https:\/\/www.europesays.com\/fr\/wp-json\/wp\/v2\/categories?post=502073"},{"taxonomy":"post_tag","embeddable":true,"href":"https:\/\/www.europesays.com\/fr\/wp-json\/wp\/v2\/tags?post=502073"}],"curies":[{"name":"wp","href":"https:\/\/api.w.org\/{rel}","templated":true}]}}