{"id":502079,"date":"2025-10-31T11:19:15","date_gmt":"2025-10-31T11:19:15","guid":{"rendered":"https:\/\/www.europesays.com\/fr\/502079\/"},"modified":"2025-10-31T11:19:15","modified_gmt":"2025-10-31T11:19:15","slug":"les-athletes-kiprun-a-lassaut-du-record-du-monde","status":"publish","type":"post","link":"https:\/\/www.europesays.com\/fr\/502079\/","title":{"rendered":"Les athl\u00e8tes KIPRUN \u00e0 l&rsquo;assaut du record du monde"},"content":{"rendered":"<p><strong>KIPRUN entre dans la course aux records<\/strong><\/p>\n<p style=\"text-align: justify;\">Plusieurs \u00e9quipementiers mettent les grands moyens pour chasser des records officiels et officieux, avec de toutes nouvelles innovations aux pieds des ambassadeurs, \u00e0 l\u2019instar de Nike avec \u00ab Breaking2 \u00bb \u00e0 Monza en 2017, d\u2019adidas avec la \u00ab Adizero Road to Records \u00bb qui se tient tous les ans depuis 2021 dans son QG d\u2019Herzogenaurach (Allemagne), ou encore d\u2019ASICS avec la \u00ab Tokyo : Speed : Race \u00bb en mai dernier dans la capitale japonaise. Cette fois, KIPRUN, marque running et trail propre \u00e0 DECATHLON, \u00e0 l\u2019occasion de la tenue du MAIF Ekiden de Paris, souhaite relever un d\u00e9fi de taille en tentant de battre le record du monde de la sp\u00e9cialit\u00e9. Issu du centre d\u2019entra\u00eenement \u00ab\u00a042 HOUSE\u00a0\u00bb pour les athl\u00e8tes Elite dans le berceau de la course \u00e0 pied \u00e0 Iten, au Kenya, le collectif sera \u00e9quip\u00e9 de KD900X LAB, dernier bijou de KIPRUN dot\u00e9 d\u2019une plaque carbone\u2026 avec lequel Jimmy Gressier a am\u00e9lior\u00e9 son propre record d\u2019Europe du 5 km en 12\u201957 le 16 mars \u00e0 Lille.<\/p>\n<p style=\"text-align: justify;\">Les clubs du <strong>Racing Multi Athlon<\/strong> et du <strong>D\u00e9cines Meyzieu Athl\u00e9tisme<\/strong>, quant \u00e0 eux, ont dans le viseur le record de France absolu (2h04\u201940 par la team adidas en 2022) et la meilleure performance de tous les temps d\u2019un club (2h05\u201910 par le Pays de Fontainebleau Athl\u00e9tisme en 2022). L\u2019\u00e9quipe tenante du titre, les <strong>Zoom Volt Runners<\/strong>, chassera un deuxi\u00e8me sacre cons\u00e9cutif.<\/p>\n","protected":false},"excerpt":{"rendered":"KIPRUN entre dans la course aux records Plusieurs \u00e9quipementiers mettent les grands moyens pour chasser des records officiels&hellip;\n","protected":false},"author":2,"featured_media":502080,"comment_status":"","ping_status":"","sticky":false,"template":"","format":"standard","meta":{"footnotes":""},"categories":[1888],"tags":[1111,1928,11,1927,1777,674,1011,27,62416,62417,12,1926,626,1925,22777,25,7135,7184],"class_list":{"0":"post-502079","1":"post","2":"type-post","3":"status-publish","4":"format-standard","5":"has-post-thumbnail","7":"category-paris","8":"tag-actu","9":"tag-actu-paris","10":"tag-actualites","11":"tag-actualites-paris","12":"tag-eu","13":"tag-europe","14":"tag-fr","15":"tag-france","16":"tag-kiprun","17":"tag-maif-ekiden-de-paris","18":"tag-news","19":"tag-news-paris","20":"tag-paris","21":"tag-paris-news","22":"tag-record-du-monde","23":"tag-republique-francaise","24":"tag-running","25":"tag-tour-eiffel"},"share_on_mastodon":{"url":"https:\/\/pubeurope.com\/@fr\/115468511856919300","error":""},"_links":{"self":[{"href":"https:\/\/www.europesays.com\/fr\/wp-json\/wp\/v2\/posts\/502079","targetHints":{"allow":["GET"]}}],"collection":[{"href":"https:\/\/www.europesays.com\/fr\/wp-json\/wp\/v2\/posts"}],"about":[{"href":"https:\/\/www.europesays.com\/fr\/wp-json\/wp\/v2\/types\/post"}],"author":[{"embeddable":true,"href":"https:\/\/www.europesays.com\/fr\/wp-json\/wp\/v2\/users\/2"}],"replies":[{"embeddable":true,"href":"https:\/\/www.europesays.com\/fr\/wp-json\/wp\/v2\/comments?post=502079"}],"version-history":[{"count":0,"href":"https:\/\/www.europesays.com\/fr\/wp-json\/wp\/v2\/posts\/502079\/revisions"}],"wp:featuredmedia":[{"embeddable":true,"href":"https:\/\/www.europesays.com\/fr\/wp-json\/wp\/v2\/media\/502080"}],"wp:attachment":[{"href":"https:\/\/www.europesays.com\/fr\/wp-json\/wp\/v2\/media?parent=502079"}],"wp:term":[{"taxonomy":"category","embeddable":true,"href":"https:\/\/www.europesays.com\/fr\/wp-json\/wp\/v2\/categories?post=502079"},{"taxonomy":"post_tag","embeddable":true,"href":"https:\/\/www.europesays.com\/fr\/wp-json\/wp\/v2\/tags?post=502079"}],"curies":[{"name":"wp","href":"https:\/\/api.w.org\/{rel}","templated":true}]}}