{"id":502089,"date":"2025-10-31T11:27:15","date_gmt":"2025-10-31T11:27:15","guid":{"rendered":"https:\/\/www.europesays.com\/fr\/502089\/"},"modified":"2025-10-31T11:27:15","modified_gmt":"2025-10-31T11:27:15","slug":"ukraine-plus-de-la-moitie-de-nos-paroisses-ont-disparu-avec-la-guerre-zenit","status":"publish","type":"post","link":"https:\/\/www.europesays.com\/fr\/502089\/","title":{"rendered":"Ukraine : \u00ab Plus de la moiti\u00e9 de nos paroisses ont disparu avec la guerre &#8211; ZENIT"},"content":{"rendered":"<p>                    <a href=\"#\" rel=\"nofollow\" onclick=\"window.print(); return false;\" title=\"Printer Friendly, PDF &amp; Email\"><br \/>\n                    <img decoding=\"async\" class=\"pf-button-img\" src=\"https:\/\/www.europesays.com\/fr\/wp-content\/uploads\/2025\/04\/printfriendly-pdf-button.png\" alt=\"Print Friendly, PDF &amp; Email\" style=\"width: 112px;height: 24px;\"\/><br \/>\n                    <\/a><\/p>\n<p>Premi\u00e8re publication le <a href=\"https:\/\/aed-france.org\/ukraine-plus-de-la-moitie-de-nos-paroisses-ont-disparu-avec-la-guerre\/\" target=\"_blank\" rel=\"noopener\">13 ao\u00fbt 2025 par l\u2019AED<\/a><\/p>\n<p><strong>Mgr Maksym Ryabukha, 45 ans, l\u2019un des plus jeunes \u00e9v\u00eaques au monde, sert en zone centre-orientale d\u2019Ukraine, entre Donetsk, Luhansk, Dnipro et Zaporijjia. Priv\u00e9 de la moiti\u00e9 de son dioc\u00e8se, occup\u00e9e par les forces russes, il se d\u00e9crit comme un \u00ab \u00e9v\u00eaque sur roues \u00bb, toujours en route pour soutenir ses fid\u00e8les. Avec l\u2019aide de l\u2019AED, pr\u00eatres et religieuses sont form\u00e9s pour accompagner les jeunes traumatis\u00e9s par la guerre.<\/strong><\/p>\n<p><img loading=\"lazy\" decoding=\"async\" class=\"wp-image-10620\" src=\"https:\/\/www.europesays.com\/fr\/wp-content\/uploads\/2025\/10\/acn-20250812-192942.jpg\" alt=\"\" width=\"854\" height=\"640\"\/>Mgr Maksym Ryabukha, \u00e9v\u00eaque gr\u00e9co-catholique de Donetsk. \u00a9ACN<\/p>\n<p><strong>Quelle est la situation actuelle de l\u2019exarchat\u00a0?\u00a0<\/strong><\/p>\n<p>Il est de plus en plus dramatique que les drones plongent tout le monde dans l\u2019ins\u00e9curit\u00e9, m\u00eame les civils, o\u00f9 qu\u2019ils se trouvent. Le long de la ligne de front, \u00e0 environ 30 km de mon territoire, les gens quittent leurs maisons la nuit par peur de mourir \u00e9cras\u00e9s et vont dormir dans les champs, pr\u00e8s des lacs. Un gar\u00e7on m\u2019a racont\u00e9 qu\u2019il dormait avec toute sa famille quand soudain, ils ont entendu le bruit d\u2019une bombe en approche, et se sont rendu compte qu\u2019elle pouvait tomber sur leur maison. En quelques secondes, ils se sont lev\u00e9s du lit, sont sortis, et peu apr\u00e8s, leur maison n\u2019\u00e9tait plus qu\u2019un grand trou. Une telle exp\u00e9rience vous \u00e9crase, vous d\u00e9truit \u00e9norm\u00e9ment.<\/p>\n<p><strong>Comment le vivez-vous\u00a0?<\/strong><\/p>\n<p>Nous nous sentons impuissants, car c\u2019est comme si personne ne voyait ce qui se passe. La douleur la plus profonde est de constater que des zones civiles sont bombard\u00e9es et que le monde reste silencieux face \u00e0 ce massacre. En pratique, on ne voit personne sur terre faire le moindre geste significatif. La seule chose qui nous <a href=\"https:\/\/aed-france.org\/ukraine-porter-lesperance-sur-le-front\/\" target=\"_blank\" rel=\"noreferrer noopener\">donne de l\u2019esp\u00e9rance<\/a>, c\u2019est que Dieu est plus fort que le mal que nous pouvons rencontrer dans le monde. Nous regardons la vie quotidienne \u00e0 travers le prisme du Paradis, car t\u00f4t ou tard, tout se terminera, et cette fin s\u2019appelle Paradis. La seule question est comment y arriver. Chaque jour est une nouvelle occasion de faire des pas dans cette direction, et on fait ce qu\u2019on peut.<\/p>\n<p><strong>Comment exercez-vous votre minist\u00e8re en tant qu\u2019\u00e9v\u00eaque\u00a0?<\/strong><\/p>\n<p>Je suis un \u00ab\u00a0\u00e9v\u00eaque sur roues\u00a0\u00bb, je parcours sans rel\u00e2che les paroisses, entre dans les maisons, et d\u00e9couvre \u00e0 chaque rencontre toute la profondeur de la vie humaine.<\/p>\n<p><strong>Comment l\u2019\u00e9parchie a-t-elle chang\u00e9 avec l\u2019invasion\u00a0?<\/strong><\/p>\n<p><a href=\"https:\/\/aed-france.org\/ukraine-des-vies-brisees-par-la-guerre\/\" target=\"_blank\" rel=\"noreferrer noopener\">Avant la guerre<\/a>, nous avions plus de 80 paroisses, et maintenant nous n\u2019avons que 37 paroisses actives, car celles qui restent sont ferm\u00e9es, occup\u00e9es ou d\u00e9truites.<\/p>\n<p><strong>Y a-t-il une activit\u00e9 catholique dans cette zone occup\u00e9e\u00a0?<\/strong><\/p>\n<p>Malheureusement, non. Les lois du gouvernement d\u2019occupation interdisent toute affiliation \u00e0 l\u2019\u00c9glise catholique, tant gr\u00e9co-catholique que latine, et il est tr\u00e8s difficile de fournir un quelconque service l\u00e0-bas. Au sein de mon exarchat, il n\u2019y a plus de pr\u00eatres dans ces territoires, toutes nos \u00e9glises ont \u00e9t\u00e9 soit d\u00e9truites, soit ferm\u00e9es, et il est interdit d\u2019y acc\u00e9der.<\/p>\n<p><strong>Comment vont les gens\u00a0?<\/strong><\/p>\n<p>Les armes les plus destructrices ne sont pas les bombes qui explosent, mais le sentiment d\u2019\u00eatre oubli\u00e9, de se retrouver seul, de ne rien valoir pour personne. Des territoires occup\u00e9s, je re\u00e7ois des t\u00e9moignages sur la proximit\u00e9 entre les fid\u00e8les. Malgr\u00e9 le danger, ils vivent comme un seul corps eccl\u00e9sial : s\u2019entraidant, se rencontrant, partageant r\u00eaves et espoirs, priant ensemble, m\u00eame lorsque cela doit se faire discr\u00e8tement. Ces choses leur donnent la force de continuer.<\/p>\n<p><strong>Combien de pr\u00eatres et de religieuses y a-t-il dans l\u2019autre zone de l\u2019exarchat\u00a0?<\/strong><\/p>\n<p>Nous sommes deux \u00e9v\u00eaques, car l\u2019\u00e9v\u00eaque \u00e9m\u00e9rite est \u00e9galement sur le territoire. Et il y a 53 pr\u00eatres et 8 religieuses r\u00e9partis dans les quatre r\u00e9gions. Il y a plusieurs paroisses avec des centres pour les familles. Il y a sept centres de Caritas, il y a des maisons de religieuses, il y a des groupes paroissiaux.<\/p>\n<p><strong>Vous \u00e9tiez avec des gar\u00e7ons et des filles de l\u2019exarchat lors du Jubil\u00e9 des Jeunes \u00e0 Rome. Comment a \u00e9t\u00e9 l\u2019exp\u00e9rience\u00a0?<\/strong><\/p>\n<p>C\u2019\u00e9tait \u00e9mouvant de parcourir les rues de Rome et d\u2019\u00e9couter de nombreux jeunes du monde qui nous disaient \u00ab\u00a0Nous sommes avec l\u2019Ukraine\u00a0\u00bb, \u00ab\u00a0<a href=\"https:\/\/fr.aleteia.org\/2025\/06\/29\/ukraine-leon-xiv-condamne-une-guerre-insensee\/\" target=\"_blank\" rel=\"noreferrer noopener\">Nous prions pour l\u2019Ukraine<\/a><a href=\"https:\/\/fr.aleteia.org\/2025\/06\/29\/ukraine-leon-xiv-condamne-une-guerre-insensee\/\" target=\"_blank\" rel=\"noopener\">\u00a0<\/a>\u00bb. C\u2019\u00e9tait aussi tr\u00e8s profond de visiter des lieux de martyre des premiers si\u00e8cles, t\u00e9moignage d\u2019une foi qui ne s\u2019effondre pas devant les difficult\u00e9s. Ce fut \u00e9galement une exp\u00e9rience reposante. Pour nous, il est rare de vivre sans entendre des explosions de bombes, sans alarmes, il est rare de pouvoir dormir tranquillement.<\/p>\n<p><strong>Malgr\u00e9 les difficult\u00e9s, y a-t-il des vocations\u00a0?<\/strong><\/p>\n<p>Nous avons dix-neuf s\u00e9minaristes. C\u2019est admirable car c\u2019est un grand nombre pour nous, \u00e9tant donn\u00e9 que nous ne sommes pas un grand dioc\u00e8se. Ce sont vraiment de bons gar\u00e7ons, form\u00e9s dans des communaut\u00e9s paroissiales jeunes, avec une profonde exp\u00e9rience de la vie chr\u00e9tienne, des jeunes qui se posent des questions tr\u00e8s profondes. Tant les gar\u00e7ons que les filles sont des chercheurs de sens. Ils sont courageux devant la vie, ils ont fait un saut extraordinaire en qualit\u00e9 humaine. Auparavant, il y avait une sensation g\u00e9n\u00e9ralis\u00e9e de se sentir perdus, de ne pas savoir quoi faire car la vie \u00e9tait compliqu\u00e9e. Maintenant, il y a de la clart\u00e9 : \u00ab Je veux assumer la responsabilit\u00e9 de ma vie et je veux faire cela\u00a0\u00bb. C\u2019est contagieux, lorsque les jeunes parlent, ils se renforcent mutuellement.<\/p>\n<p>\u00ab\u00a0Le drame psychologique de la guerre provoque chez de nombreux enfants une perte de la capacit\u00e9 \u00e0 lire, \u00e9crire ou parler\u00a0\u00bb<\/p>\n<p><strong>Dans quels projets l\u2019AED vous aide-t-elle\u00a0?<\/strong><\/p>\n<p>Le drame psychologique de la guerre fait que de nombreux jeunes perdent la capacit\u00e9 de lire, d\u2019\u00e9crire ou de parler. Nous avons besoin de sp\u00e9cialistes pour aider \u00e0 r\u00e9tablir la sant\u00e9 mentale de ces jeunes. Nous devons apprendre comment les aider. C\u2019est pourquoi nous organisons une formation psychologique pour nos pr\u00eatres et ceux qui coop\u00e8rent avec eux dans les paroisses.<\/p>\n<p>Nous aidons aussi les \u00e9pouses et m\u00e8res d\u2019enfants de militaires tomb\u00e9s au combat. Beaucoup de gens luttent pour retrouver la normalit\u00e9, mais il y a un blocage int\u00e9rieur, m\u00eame chez les jeunes. On pense que telle personne aurait pu continuer \u00e0 vivre, mais elle a perdu la vie \u00e0 cause de la stupidit\u00e9 d\u2019une autre.<\/p>\n<p>De plus, ceux qui vivent pr\u00e8s de la ligne de front n\u2019ont acc\u00e8s ni \u00e0 des aliments ni \u00e0 des produits d\u2019hygi\u00e8ne. Chaque jour, de nouvelles personnes me disent : \u00ab Je n\u2019ai rien, ma maison a \u00e9t\u00e9 d\u00e9truite avec tout ce que j\u2019avais, donnez-moi quelque chose\u00a0\u00bb. C\u2019est alors que le soutien social et humanitaire entre en jeu.<\/p>\n<p>Un autre d\u00e9fi \u00e9norme est qu\u2019en hiver, les sources d\u2019\u00e9nergie sont bombard\u00e9es et il n\u2019y a plus d\u2019\u00e9lectricit\u00e9. Sans \u00e9lectricit\u00e9, il n\u2019y a pas de chauffage dans les maisons ni de possibilit\u00e9 de trouver un endroit chaud et s\u00fbr. Nos paroisses font donc tout leur possible pour offrir un espace s\u00fbr, un endroit o\u00f9 se r\u00e9tablir, avec une cuisine et d\u2019autres services essentiels.<\/p>\n<p>\u00ab\u00a0Dieu, \u00e0 travers nos mains, parvient \u00e0 toucher et \u00e0 embrasser ces personnes qui souffrent et \u00e0 leur apporter un sourire, un peu de joie.\u00a0\u00bb<\/p>\n<p><strong>Quel message voulez-vous adresser aux bienfaiteurs\u00a0?<\/strong><\/p>\n<p>Ils ne peuvent pas r\u00e9aliser tout le bien produit par leur aide. C\u2019est non seulement de l\u2019aide qu\u2019ils apportent, mais aussi l\u2019affection qu\u2019ils font ressentir \u00e0 ceux qui la re\u00e7oivent. Aucun des b\u00e9n\u00e9ficiaires de l\u2019aide ne sait d\u2019o\u00f9 elle vient, mais ils sentent que quelqu\u2019un pense \u00e0 eux et les aime.<\/p>\n<p>Une fois, nous avons apport\u00e9 des caisses d\u2019aide humanitaire \u00e0 des personnes \u00e2g\u00e9es de Sloviansk que connaissait la cuisini\u00e8re qui nous servait. Elles vivaient au neuvi\u00e8me \u00e9tage. Nous avons mont\u00e9 les escaliers, frapp\u00e9 \u00e0 la porte, et la personne \u00e2g\u00e9e nous a accueillis avec son mari, un homme immobilis\u00e9, avec une jambe en moins. Ils \u00e9taient tr\u00e8s heureux de nous voir. Pendant que nous parlions, nous leur avons donn\u00e9 la caisse. Elle l\u2019a ouverte et l\u2019expression de son visage en d\u00e9couvrant des aliments qu\u2019elle n\u2019avait pas vus depuis des ann\u00e9es \u00e9tait magnifique. Elle a dit\u00a0: \u00ab\u00a0Sais-tu que je r\u00eavais de manger \u00e7a\u00a0? Ici, il n\u2019y a plus rien.\u00a0\u00bb C\u2019\u00e9tait non seulement apporter de la nourriture, mais aussi lui faire sentir que quelqu\u2019un tenait \u00e0 elle au point de se rendre dans un endroit difficile d\u2019acc\u00e8s.<\/p>\n<p>J\u2019aimerais que les personnes qui font le bien sachent que m\u00eame lorsque nous ne savons pas o\u00f9 va notre don, ni quel effet il produira, il est certain que Dieu, \u00e0 travers nos mains, parvient \u00e0 toucher et \u00e0 embrasser ces personnes qui souffrent et \u00e0 leur apporter un sourire, un peu de joie, un peu de s\u00e9r\u00e9nit\u00e9 int\u00e9rieure. Merci.<\/p>\n<p><strong>Xavier Burgos<\/strong><\/p>\n","protected":false},"excerpt":{"rendered":"Premi\u00e8re publication le 13 ao\u00fbt 2025 par l\u2019AED Mgr Maksym Ryabukha, 45 ans, l\u2019un des plus jeunes \u00e9v\u00eaques&hellip;\n","protected":false},"author":2,"featured_media":502090,"comment_status":"","ping_status":"","sticky":false,"template":"","format":"standard","meta":{"footnotes":""},"categories":[1590],"tags":[11,1777,674,9928,12,220],"class_list":{"0":"post-502089","1":"post","2":"type-post","3":"status-publish","4":"format-standard","5":"has-post-thumbnail","7":"category-ukraine","8":"tag-actualites","9":"tag-eu","10":"tag-europe","11":"tag-feature2","12":"tag-news","13":"tag-ukraine"},"share_on_mastodon":{"url":"https:\/\/pubeurope.com\/@fr\/115468544216128098","error":""},"_links":{"self":[{"href":"https:\/\/www.europesays.com\/fr\/wp-json\/wp\/v2\/posts\/502089","targetHints":{"allow":["GET"]}}],"collection":[{"href":"https:\/\/www.europesays.com\/fr\/wp-json\/wp\/v2\/posts"}],"about":[{"href":"https:\/\/www.europesays.com\/fr\/wp-json\/wp\/v2\/types\/post"}],"author":[{"embeddable":true,"href":"https:\/\/www.europesays.com\/fr\/wp-json\/wp\/v2\/users\/2"}],"replies":[{"embeddable":true,"href":"https:\/\/www.europesays.com\/fr\/wp-json\/wp\/v2\/comments?post=502089"}],"version-history":[{"count":0,"href":"https:\/\/www.europesays.com\/fr\/wp-json\/wp\/v2\/posts\/502089\/revisions"}],"wp:featuredmedia":[{"embeddable":true,"href":"https:\/\/www.europesays.com\/fr\/wp-json\/wp\/v2\/media\/502090"}],"wp:attachment":[{"href":"https:\/\/www.europesays.com\/fr\/wp-json\/wp\/v2\/media?parent=502089"}],"wp:term":[{"taxonomy":"category","embeddable":true,"href":"https:\/\/www.europesays.com\/fr\/wp-json\/wp\/v2\/categories?post=502089"},{"taxonomy":"post_tag","embeddable":true,"href":"https:\/\/www.europesays.com\/fr\/wp-json\/wp\/v2\/tags?post=502089"}],"curies":[{"name":"wp","href":"https:\/\/api.w.org\/{rel}","templated":true}]}}