{"id":502091,"date":"2025-10-31T11:28:11","date_gmt":"2025-10-31T11:28:11","guid":{"rendered":"https:\/\/www.europesays.com\/fr\/502091\/"},"modified":"2025-10-31T11:28:11","modified_gmt":"2025-10-31T11:28:11","slug":"usa-en-plein-shutdown-trump-appelle-a-changer-le-reglement-du-senat","status":"publish","type":"post","link":"https:\/\/www.europesays.com\/fr\/502091\/","title":{"rendered":"USA : en plein shutdown, Trump appelle \u00e0 changer le r\u00e8glement du S\u00e9nat"},"content":{"rendered":"<p>Le pr\u00e9sident am\u00e9ricain, Donald Trump, a appel\u00e9 \u00e0 supprimer une r\u00e8gle du S\u00e9nat demandant une majorit\u00e9 de 60 voix pour adopter un texte, \u00e0 l\u2019heure o\u00f9 les \u00c9tats-Unis s\u2019enlisent dans la paralysie budg\u00e9taire faute d\u2019accord au Congr\u00e8s.<\/p>\n<p>Cette r\u00e8gle permet \u00e0 41 des 100 s\u00e9nateurs de bloqueur tout projet de loi avant qu\u2019il ne soit d\u00e9battu ou vot\u00e9, une technique d\u2019obstruction parlementaire \u00e9tablie de longue date, surnomm\u00e9e \u00ab filibuster \u00bb.<\/p>\n","protected":false},"excerpt":{"rendered":"Le pr\u00e9sident am\u00e9ricain, Donald Trump, a appel\u00e9 \u00e0 supprimer une r\u00e8gle du S\u00e9nat demandant une majorit\u00e9 de 60&hellip;\n","protected":false},"author":2,"featured_media":502092,"comment_status":"","ping_status":"","sticky":false,"template":"","format":"standard","meta":{"footnotes":""},"categories":[1589],"tags":[55322,11,73,1866,12,62419,467,1864,1865,1863,308],"class_list":{"0":"post-502091","1":"post","2":"type-post","3":"status-publish","4":"format-standard","5":"has-post-thumbnail","7":"category-etats-unis","8":"tag-shutdown","9":"tag-actualites","10":"tag-etats-unis","11":"tag-etats-unis-damerique","12":"tag-news","13":"tag-reglement-du-senat","14":"tag-trump","15":"tag-united-states","16":"tag-united-states-of-america","17":"tag-us","18":"tag-usa"},"share_on_mastodon":{"url":"https:\/\/pubeurope.com\/@fr\/115468547261792248","error":""},"_links":{"self":[{"href":"https:\/\/www.europesays.com\/fr\/wp-json\/wp\/v2\/posts\/502091","targetHints":{"allow":["GET"]}}],"collection":[{"href":"https:\/\/www.europesays.com\/fr\/wp-json\/wp\/v2\/posts"}],"about":[{"href":"https:\/\/www.europesays.com\/fr\/wp-json\/wp\/v2\/types\/post"}],"author":[{"embeddable":true,"href":"https:\/\/www.europesays.com\/fr\/wp-json\/wp\/v2\/users\/2"}],"replies":[{"embeddable":true,"href":"https:\/\/www.europesays.com\/fr\/wp-json\/wp\/v2\/comments?post=502091"}],"version-history":[{"count":0,"href":"https:\/\/www.europesays.com\/fr\/wp-json\/wp\/v2\/posts\/502091\/revisions"}],"wp:featuredmedia":[{"embeddable":true,"href":"https:\/\/www.europesays.com\/fr\/wp-json\/wp\/v2\/media\/502092"}],"wp:attachment":[{"href":"https:\/\/www.europesays.com\/fr\/wp-json\/wp\/v2\/media?parent=502091"}],"wp:term":[{"taxonomy":"category","embeddable":true,"href":"https:\/\/www.europesays.com\/fr\/wp-json\/wp\/v2\/categories?post=502091"},{"taxonomy":"post_tag","embeddable":true,"href":"https:\/\/www.europesays.com\/fr\/wp-json\/wp\/v2\/tags?post=502091"}],"curies":[{"name":"wp","href":"https:\/\/api.w.org\/{rel}","templated":true}]}}