{"id":502095,"date":"2025-10-31T11:30:24","date_gmt":"2025-10-31T11:30:24","guid":{"rendered":"https:\/\/www.europesays.com\/fr\/502095\/"},"modified":"2025-10-31T11:30:24","modified_gmt":"2025-10-31T11:30:24","slug":"grippe-aviaire-un-demi-million-doiseaux-et-volailles-abattus-en-allemagne-craintes-en-france-et-aux-etats-unis","status":"publish","type":"post","link":"https:\/\/www.europesays.com\/fr\/502095\/","title":{"rendered":"Grippe aviaire\u00a0: un demi-million d&rsquo;oiseaux et volailles abattus en Allemagne, craintes en France et aux Etats-Unis"},"content":{"rendered":"<p class=\"PopSlotParagraph qg-tx2 qg-xtra-lh svelte-1r0pyek\"><strong>Plus d&rsquo;un demi-million de volailles et d&rsquo;oiseaux ont \u00e9t\u00e9 abattus en Allemagne pour tenter de contenir la propagation de la grippe aviaire<\/strong> et encore, ce n&rsquo;est qu&rsquo;un bilan provisoire tant la situation \u00e9volue rapidement \u00e0 cause du virus \u00ab\u00a0hautement contagieux\u00a0\u00bb,\u00a0pr\u00e9vient le centre national allemand de recherche sur les maladies animales,\u00a0<a href=\"https:\/\/www.faz.net\/aktuell\/wirtschaft\/folgen-der-vogelgrippe-fuer-bauern-und-verbraucher-110756974.html\" target=\"_blank\" rel=\"noopener noreferrer nofollow\" class=\"\" data-testid=\"link\">dans les colonnes de la Frankfurter Allgemeine Zeitung.<\/a>\u00a0Sur les 167 millions de volailles que compte l&rsquo;Allemagne, note\u00a0<a href=\"https:\/\/www.zeit.de\/gesellschaft\/zeitgeschehen\/2025-10\/vogelgrippe-breitet-sich-aus-bauernverband\" target=\"_blank\" rel=\"noopener noreferrer nofollow\" class=\"\" data-testid=\"link\">Die Zeit<\/a>,\u00a0500 000 poulets, canards, oies et dindes ont d\u00fb \u00eatre abattus. Plusieurs milliers de grues ont \u00e9t\u00e9 retrouv\u00e9es mortes.<\/p>\n<p class=\"qg-sr-only\" role=\"heading\" aria-level=\"3\">Pour voir ce contenu, acceptez les cookies.<\/p>\n<p class=\"ConsentNotice-description qg-tx3 svelte-m9wmt1\">Pour afficher ce contenu X (anciennement Twitter), vous devez accepter les cookies <b>R\u00e9seaux Sociaux<\/b>.<br \/>Ces cookies permettent de partager ou r\u00e9agir directement sur les r\u00e9seaux sociaux auxquels vous \u00eates connect\u00e9s ou d&rsquo;int\u00e9grer du contenu initialement post\u00e9 sur ces r\u00e9seaux sociaux. Ils permettent aussi aux r\u00e9seaux sociaux d&rsquo;utiliser vos visites sur nos sites et applications \u00e0 des fins de personnalisation et de ciblage publicitaire.<\/p>\n<p>  G\u00e9rer mes choix     J&rsquo;autorise  <\/p>\n<p class=\"PopSlotParagraph qg-tx2 qg-xtra-lh svelte-1r0pyek\"><strong>\u00ab\u00a0Silence complet dans une ferme avicole.\u00a0Plus de caqu\u00e8tements, plus de cancanements, rien\u00a0\u00bb :<\/strong>\u00a0 Dans le Bade-Wurtemberg, dans le sud de l&rsquo;Allemagne o\u00f9 s&rsquo;est rendue <a href=\"https:\/\/www.swr.de\/swraktuell\/baden-wuerttemberg\/ulm\/vogelgrippe-hof-oellingen-100.html\" target=\"_blank\" rel=\"noopener noreferrer nofollow\" class=\"\" data-testid=\"link\">la radio SWR<\/a>, \u00ab\u00a0oies, poulets, dindes, canards \u2013 15 000 animaux sont tous morts.\u00a0Abattus apr\u00e8s la d\u00e9tection de la grippe aviaire chez des canards, la semaine derni\u00e8re\u00a0\u00bb.\u00a0Les b\u00e2timents de la ferme ont beau avoir \u00e9t\u00e9 d\u00e9sinfect\u00e9s, on ignore quand d&rsquo;autres animaux pourront revenir, d\u00e9crit\u00a0<a href=\"https:\/\/www.swr.de\/swraktuell\/baden-wuerttemberg\/ulm\/vogelgrippe-hof-oellingen-100.html\" target=\"_blank\" rel=\"noopener noreferrer nofollow\" class=\"\" data-testid=\"link\">la SWR.<\/a>\u00a0Auparavant, \u00ab\u00a0le virus de la grippe aviaire n&rsquo;apparaissait en Allemagne que durant les mois d&rsquo;hiver\u00a0mais depuis 2011, suite \u00e0 des mutations, <strong>le virus a perdu sa saisonnalit\u00e9\u00a0\u00bb<\/strong>, pr\u00e9cise\u00a0<a href=\"https:\/\/www.faz.net\/aktuell\/wirtschaft\/folgen-der-vogelgrippe-fuer-bauern-und-verbraucher-110756974.html\" target=\"_blank\" rel=\"noopener noreferrer nofollow\" class=\"\" data-testid=\"link\">la Frankfurter Allgemeine Zeitung.<\/a>\u00a0Et dans les \u00e9levages en plein air, les poulets \u00ab\u00a0peuvent \u00eatre infect\u00e9s par contact direct avec des oiseaux sauvages porteurs du virus, par exemple par le biais d&rsquo;excr\u00e9ments ou d&rsquo;urine pr\u00e9sents dans les flaques d&rsquo;eau. Cependant, m\u00eame les b\u00e2timents d&rsquo;\u00e9levage apparemment ferm\u00e9s pr\u00e9sentent un risque\u00a0\u00bb via les personnes au contact des animaux, ajoute\u00a0<a href=\"https:\/\/www.faz.net\/aktuell\/wirtschaft\/folgen-der-vogelgrippe-fuer-bauern-und-verbraucher-110756974.html\" target=\"_blank\" rel=\"noopener noreferrer nofollow\" class=\"\" data-testid=\"link\">la Frankfurter Allgemeine Zeitung.<\/a>\u00a0\u00ab\u00a0Cage apr\u00e8s cage, des \u00e9leveurs de volailles retirent leurs animaux. Cent canards par cage. Ils sont ensuite plac\u00e9s dans des conteneurs et abattus avec un m\u00e9lange d&rsquo;argon et de dioxyde de carbone. <strong>Un travail cauchemardesque pour les hommes qui travaillent ici<\/strong>\u00ab\u00a0, d\u00e9crit\u00a0<a href=\"https:\/\/www.youtube.com\/watch?v=SjPnVcKLlgc\" target=\"_blank\" rel=\"noopener noreferrer nofollow\" class=\"\" data-testid=\"link\">le m\u00e9dia public RBB 24<\/a>\u00a0qui a tourn\u00e9 un reportage t\u00e9l\u00e9vis\u00e9\u00a0dans le nord-est de l&rsquo;Allemagne. Mais selon les services v\u00e9t\u00e9rinaires, seul un abattage massif peut enrayer la propagation de la grippe aviaire, rapporte\u00a0 <a href=\"https:\/\/www.youtube.com\/watch?v=SjPnVcKLlgc\" target=\"_blank\" rel=\"noopener noreferrer nofollow\" class=\"\" data-testid=\"link\">RBB 24<\/a>. Au micro du <a href=\"https:\/\/www.youtube.com\/watch?v=SjPnVcKLlgc\" target=\"_blank\" rel=\"noopener noreferrer nofollow\" class=\"\" data-testid=\"link\">m\u00e9dia public<\/a>, le\u00a0pr\u00e9fet se dit profond\u00e9ment boulevers\u00e9 par ces images\u00a0et inquiet, \u00e9galement, des cons\u00e9quences pour les \u00e9leveurs avant les f\u00eates de fin d&rsquo;ann\u00e9e\u00a0: \u00ab\u00a0ce chiffre d&rsquo;affaires est perdu. Dans ce cas pr\u00e9cis, on parle d&rsquo;un demi-million d&rsquo;euros.\u00a0\u00bb\u00a0Actuellement, les \u00e9leveurs per\u00e7oivent une indemnisation de 50 euros par volaille, par canard,\u00a0ajoute <a href=\"https:\/\/www.faz.net\/aktuell\/wirtschaft\/folgen-der-vogelgrippe-fuer-bauern-und-verbraucher-110756974.html\" target=\"_blank\" rel=\"noopener noreferrer nofollow\" class=\"\" data-testid=\"link\">la Frankfurter Allgemeine Zeitung.<\/a>\u00a0Ce montant sera bient\u00f4t port\u00e9 \u00e0 110 euros.<\/p>\n<p class=\"qg-sr-only\" role=\"heading\" aria-level=\"3\">Pour voir ce contenu, acceptez les cookies.<\/p>\n<p class=\"ConsentNotice-description qg-tx3 svelte-m9wmt1\">Pour afficher ce contenu Youtube, vous devez accepter les cookies <b>Publicit\u00e9<\/b>.<br \/>Ces cookies permettent \u00e0 nos partenaires de vous proposer des publicit\u00e9s et des contenus personnalis\u00e9s en fonction de votre navigation, de votre profil et de vos centres d&rsquo;int\u00e9r\u00eat. <\/p>\n<p>  G\u00e9rer mes choix     J&rsquo;autorise  <\/p>\n<p class=\"PopSlotParagraph qg-tx2 qg-xtra-lh svelte-1r0pyek\"><strong>Confinement local des volailles et bient\u00f4t national\u00a0?<\/strong>\u00a0Le minist\u00e8re f\u00e9d\u00e9ral de l&rsquo;Agriculture estime que les L\u00e4nder sont les mieux plac\u00e9s pour g\u00e9rer la situation\u00a0et d\u00e9terminer d&rsquo;un \u00e9ventuel confinement obligatoire voire de la fermeture des march\u00e9s\u00a0: \u00ab\u00a0par mesure de pr\u00e9caution, les autorit\u00e9s ont annonc\u00e9 la mise en place obligatoire de b\u00e2timents d&rsquo;\u00e9levage pour les oiseaux dans le district de Tr\u00e8ves-Sarrebourg\u00a0\u00bb, \u00e0 partir de demain, annonce\u00a0<a href=\"https:\/\/www.volksfreund.de\/region\/rheinland-pfalz\/gefluegel-stallpflicht-soll-ab-samstag-im-raum-trier-gelten_aid-138006169\" target=\"_blank\" rel=\"noopener noreferrer nofollow\" class=\"\" data-testid=\"link\">le journal local Trierischer Volksfreund.<\/a>\u00a0Il est tout de m\u00eame possible d&rsquo;aller un peu en ext\u00e9rieur mais \u00e0 condition que le b\u00e2timent agricole \u00ab\u00a0soit couvert sur le toit et sur les c\u00f4t\u00e9s pour emp\u00eacher l&rsquo;entr\u00e9e des oiseaux sauvages\u00a0\u00bb, pr\u00e9cise\u00a0<a href=\"https:\/\/www.swr.de\/swraktuell\/rheinland-pfalz\/vogelgrippe-gefluegelpest-erstmals-stallpflicht-in-rlp-h5n1-virus-100.html\" target=\"_blank\" rel=\"noopener noreferrer nofollow\" class=\"\" data-testid=\"link\">la\u00a0 SWR.<\/a>\u00a0La r\u00e9gion de Tr\u00e8ves-Sarrebourg compte 1 400 \u00e9leveurs de volailles, pr\u00e9cise\u00a0<a href=\"https:\/\/www.swr.de\/swraktuell\/rheinland-pfalz\/vogelgrippe-gefluegelpest-erstmals-stallpflicht-in-rlp-h5n1-virus-100.html\" target=\"_blank\" rel=\"noopener noreferrer nofollow\" class=\"\" data-testid=\"link\">la radio SWR<\/a>, pour la plupart de petits exploitants poursuit\u00a0<a href=\"https:\/\/www.volksfreund.de\/region\/rheinland-pfalz\/gefluegel-stallpflicht-soll-ab-samstag-im-raum-trier-gelten_aid-138006169\" target=\"_blank\" rel=\"noopener noreferrer nofollow\" class=\"\" data-testid=\"link\">Trierischer Volksfreund<\/a>\u00a0; des exploitants\u00a0inquiets pour la fin de l&rsquo;ann\u00e9e.<\/p>\n<p class=\"qg-sr-only\" role=\"heading\" aria-level=\"3\">Pour voir ce contenu, acceptez les cookies.<\/p>\n<p class=\"ConsentNotice-description qg-tx3 svelte-m9wmt1\">Pour afficher ce contenu X (anciennement Twitter), vous devez accepter les cookies <b>R\u00e9seaux Sociaux<\/b>.<br \/>Ces cookies permettent de partager ou r\u00e9agir directement sur les r\u00e9seaux sociaux auxquels vous \u00eates connect\u00e9s ou d&rsquo;int\u00e9grer du contenu initialement post\u00e9 sur ces r\u00e9seaux sociaux. Ils permettent aussi aux r\u00e9seaux sociaux d&rsquo;utiliser vos visites sur nos sites et applications \u00e0 des fins de personnalisation et de ciblage publicitaire.<\/p>\n<p>  G\u00e9rer mes choix     J&rsquo;autorise  <\/p>\n<p>L&rsquo;enjeu de la vaccination pour \u00e9viter des abattages massifs<\/p>\n<p class=\"PopSlotParagraph qg-tx2 qg-xtra-lh svelte-1r0pyek\"><strong>La grippe aviaire touche \u00e9galement d&rsquo;autres pays europ\u00e9ens, dont les Pays-Bas, le Danemark, la Pologne et la France<\/strong>, \u00e9num\u00e8re\u00a0<a href=\"https:\/\/www.poultryworld.net\/health-nutrition\/health\/avian-influenza-hits-most-countries-in-europe-again\/\" target=\"_blank\" rel=\"noopener noreferrer nofollow\" class=\"\" data-testid=\"link\">le magazine britannique sp\u00e9cialis\u00e9 Poultry World.<\/a>\u00a0L&rsquo;Association britannique des producteurs d&rsquo;\u0153ufs de poules \u00e9lev\u00e9es en plein air demande\u00a0un \u00ab\u00a0confinement dans toute la r\u00e9gion ouest de la Grande-Bretagne\u00a0\u00bb pour limiter la propagation du virus, indique\u00a0<a href=\"https:\/\/www.poultryworld.net\/health-nutrition\/health\/avian-influenza-hits-most-countries-in-europe-again\/\" target=\"_blank\" rel=\"noopener noreferrer nofollow\" class=\"\" data-testid=\"link\">Poultry World.<\/a>\u00a0<strong>En France, la grippe aviaire est pass\u00e9 au niveau de \u00ab\u00a0risque \u00e9lev\u00e9\u00a0\u00bb<\/strong>, selon un\u00a0<a href=\"https:\/\/agriculture.gouv.fr\/influenza-aviaire-hautement-pathogene-la-france-place-son-territoire-en-niveau-de-risque-eleve\" target=\"_blank\" rel=\"noopener noreferrer nofollow\" class=\"\" data-testid=\"link\">arr\u00eat\u00e9 paru cette semaine au Journal officiel, repris par le minist\u00e8re de l&rsquo;Agriculture.<\/a>\u00a0Le virus de l&rsquo;influenza aviaire hautement pathog\u00e8ne (IAHP) fait des ravages chez les grues cendr\u00e9es, en pleine p\u00e9riode de migration, ce qui\u00a0ravive les inqui\u00e9tudes des \u00e9leveurs de volailles en France, souligne\u00a0<a href=\"https:\/\/www.sudouest.fr\/sante\/grippe-aviaire\/vaccin-contre-l-influenza-aviaire-on-ne-devient-pas-eleveur-pour-claustrer-les-canards-dit-un-eleveur-des-landes-26521596.php\" target=\"_blank\" rel=\"noopener noreferrer nofollow\" class=\"\" data-testid=\"link\">le journal Sud-Ouest\u00a0:<\/a>\u00a0les agriculteurs esp\u00e8rent n\u00e9anmoins \u00e9viter une nouvelle \u00e9pizootie gr\u00e2ce \u00e0 la vaccination.<\/p>\n<p class=\"qg-sr-only\" role=\"heading\" aria-level=\"3\">Pour voir ce contenu, acceptez les cookies.<\/p>\n<p class=\"ConsentNotice-description qg-tx3 svelte-m9wmt1\">Pour afficher ce contenu X (anciennement Twitter), vous devez accepter les cookies <b>R\u00e9seaux Sociaux<\/b>.<br \/>Ces cookies permettent de partager ou r\u00e9agir directement sur les r\u00e9seaux sociaux auxquels vous \u00eates connect\u00e9s ou d&rsquo;int\u00e9grer du contenu initialement post\u00e9 sur ces r\u00e9seaux sociaux. Ils permettent aussi aux r\u00e9seaux sociaux d&rsquo;utiliser vos visites sur nos sites et applications \u00e0 des fins de personnalisation et de ciblage publicitaire.<\/p>\n<p>  G\u00e9rer mes choix     J&rsquo;autorise  <\/p>\n<p class=\"qg-sr-only\" role=\"heading\" aria-level=\"3\">Pour voir ce contenu, acceptez les cookies.<\/p>\n<p class=\"ConsentNotice-description qg-tx3 svelte-m9wmt1\">Pour afficher ce contenu X (anciennement Twitter), vous devez accepter les cookies <b>R\u00e9seaux Sociaux<\/b>.<br \/>Ces cookies permettent de partager ou r\u00e9agir directement sur les r\u00e9seaux sociaux auxquels vous \u00eates connect\u00e9s ou d&rsquo;int\u00e9grer du contenu initialement post\u00e9 sur ces r\u00e9seaux sociaux. Ils permettent aussi aux r\u00e9seaux sociaux d&rsquo;utiliser vos visites sur nos sites et applications \u00e0 des fins de personnalisation et de ciblage publicitaire.<\/p>\n<p>  G\u00e9rer mes choix     J&rsquo;autorise  <\/p>\n<p class=\"PopSlotParagraph qg-tx2 qg-xtra-lh svelte-1r0pyek\"><strong>La France privil\u00e9gie la vaccination pour \u00e9viter des abattages massifs, les Etats-Unis font le contraire<\/strong>\u00a0: La France est l&rsquo;un des rares pays, avec la Chine, \u00e0 proposer la vaccination de ses volailles, note\u00a0<a href=\"https:\/\/asm.org\/articles\/2025\/march\/avian-influenza-h5n1-vaccines-what-status\" target=\"_blank\" rel=\"noopener noreferrer nofollow\" class=\"\" data-testid=\"link\">l&rsquo;American Society for Microbiology<\/a>. Jusqu&rsquo;\u00e0 pr\u00e9sent, les \u00c9tats-Unis ont privil\u00e9gi\u00e9 l&rsquo;abattage des volailles infect\u00e9es plut\u00f4t que la vaccination pour \u00e9radiquer la grippe aviaire. \u00ab\u00a0La grippe aviaire est de retour, apr\u00e8s un \u00e9t\u00e9 calme\u00a0\u00bb, alerte\u00a0<a href=\"https:\/\/www.nytimes.com\/2025\/10\/22\/health\/h5n1-bird-flu.html\" target=\"_blank\" rel=\"noopener noreferrer nofollow\" class=\"\" data-testid=\"link\">le New York Times<\/a>\u00a0: <strong>\u00ab\u00a0le virus a touch\u00e9 des dizaines d&rsquo;\u00e9levages de volailles, entra\u00eenant la mort de pr\u00e8s de sept millions d&rsquo;oiseaux d&rsquo;\u00e9levage aux \u00c9tats-Unis depuis d\u00e9but septembre.<\/strong> Parmi eux\u00a0: environ 1,3 million de dindes, ce qui met \u00e0 rude \u00e9preuve l&rsquo;approvisionnement national en dindes \u00e0 l&rsquo;approche de Thanksgiving\u00a0\u00bb, note\u00a0<a href=\"https:\/\/www.nytimes.com\/2025\/10\/22\/health\/h5n1-bird-flu.html\" target=\"_blank\" rel=\"noopener noreferrer nofollow\" class=\"\" data-testid=\"link\">le New York Times<\/a>.\u00a0Trois \u00c9tats \u2014 l\u2019Idaho, le Nebraska et le Texas \u2014 ont \u00e9galement identifi\u00e9 des foyers d\u2019infection chez les vaches laiti\u00e8res.<\/p>\n<p class=\"qg-sr-only\" role=\"heading\" aria-level=\"3\">Pour voir ce contenu, acceptez les cookies.<\/p>\n<p class=\"ConsentNotice-description qg-tx3 svelte-m9wmt1\">Pour afficher ce contenu X (anciennement Twitter), vous devez accepter les cookies <b>R\u00e9seaux Sociaux<\/b>.<br \/>Ces cookies permettent de partager ou r\u00e9agir directement sur les r\u00e9seaux sociaux auxquels vous \u00eates connect\u00e9s ou d&rsquo;int\u00e9grer du contenu initialement post\u00e9 sur ces r\u00e9seaux sociaux. Ils permettent aussi aux r\u00e9seaux sociaux d&rsquo;utiliser vos visites sur nos sites et applications \u00e0 des fins de personnalisation et de ciblage publicitaire.<\/p>\n<p>  G\u00e9rer mes choix     J&rsquo;autorise  <\/p>\n<p class=\"PopSlotParagraph qg-tx2 qg-xtra-lh svelte-1r0pyek\"><strong>Strat\u00e9gie \u00e0 revoir pour le bien-\u00eatre des animaux et des consommateurs, avec la crainte de flamb\u00e9es des prix de la viande et des \u0153ufs<\/strong>, alors qu&rsquo;ils avaient baiss\u00e9 derni\u00e8rement, remarque\u00a0<a href=\"https:\/\/www.nytimes.com\/2025\/10\/22\/health\/h5n1-bird-flu.html\" target=\"_blank\" rel=\"noopener noreferrer nofollow\" class=\"\" data-testid=\"link\">le New York Times<\/a>\u00a0:\u00a0\u00ab\u00a0Les prix de gros des dindes sont d\u00e9j\u00e0 40 % plus \u00e9lev\u00e9s que l&rsquo;an dernier\u00a0\u00bb, explique, au\u00a0<a href=\"https:\/\/www.nytimes.com\/2025\/10\/22\/health\/h5n1-bird-flu.html\" target=\"_blank\" rel=\"noopener noreferrer nofollow\" class=\"\" data-testid=\"link\">quotidien am\u00e9ricain<\/a>,\u00a0Bernt Nelson, \u00e9conomiste \u00e0 la F\u00e9d\u00e9ration am\u00e9ricaine des bureaux agricoles.\u00a0Si\u00a0 la vaccination n&rsquo;est pas utilis\u00e9e aux Etats-Unis pour contenir la grippe aviaire, rappellent\u00a0<a href=\"https:\/\/www.nytimes.com\/2025\/10\/22\/health\/h5n1-bird-flu.html\" target=\"_blank\" rel=\"noopener noreferrer nofollow\" class=\"\" data-testid=\"link\"><\/a><a href=\"https:\/\/www.nytimes.com\/2025\/10\/22\/health\/h5n1-bird-flu.html\" target=\"_blank\" rel=\"noopener noreferrer nofollow\" class=\"\" data-testid=\"link\">le New York Times<\/a>\u00a0et\u00a0<a href=\"https:\/\/www.newsweek.com\/why-us-not-vaccinating-poultry-against-bird-flu-2010511\" target=\"_blank\" rel=\"noopener noreferrer nofollow\" class=\"\" data-testid=\"link\">le magazine Newsweek<\/a>, c&rsquo;est par crainte de r\u00e9percussions sur les exportations de poulet, notamment\u00a0: \u00ab\u00a0la\u00a0viande de volaille vaccin\u00e9e n&rsquo;est pas reconnue comme exempte de grippe aviaire\u00a0\u00bb dans certains pays qui ach\u00e8tent des produits aux Etats-Unis, poursuit <a href=\"https:\/\/www.newsweek.com\/why-us-not-vaccinating-poultry-against-bird-flu-2010511\" target=\"_blank\" rel=\"noopener noreferrer nofollow\" class=\"\" data-testid=\"link\">Newsweek<\/a>.\u00a0\u00ab\u00a0Cela signifie que c\u2019est le commerce mondial, et non la sant\u00e9 publique, qui est \u00e0 l\u2019origine de l\u2019abattage quotidien de volailles et donc du prix de nos \u0153ufs\u00a0\u00bb, d\u00e9plorait, l&rsquo;an dernier,\u00a0<a href=\"https:\/\/www.denverpost.com\/2025\/02\/04\/bird-flu-vaccine-h5n1-exports-egg-costs-colorado\/\" target=\"_blank\" rel=\"noopener noreferrer nofollow\" class=\"\" data-testid=\"link\">un \u00e9ditorialiste du Denver Post.<\/a>\u00a0Dans les pages de <a href=\"https:\/\/www.newsweek.com\/why-us-not-vaccinating-poultry-against-bird-flu-2010511\" target=\"_blank\" rel=\"noopener noreferrer nofollow\" class=\"\" data-testid=\"link\">Newsweek<\/a>,\u00a0Andrew deCoriolis, directeur ex\u00e9cutif de Farm Forward, un groupe qui plaide pour la fin de l&rsquo;\u00e9levage industriel,\u00a0regrette que \u00ab\u00a0ces deux derni\u00e8res ann\u00e9es, les contribuables am\u00e9ricains aient d\u00e9pens\u00e9 des milliards pour renflouer des producteurs de volailles et de dindes touch\u00e9es par des \u00e9pizooties\u00a0\u00bb.\u00a0Et\u00a0<a href=\"https:\/\/www.vox.com\/future-perfect\/466446\/bird-flu-vaccine-eggs-chicken\" target=\"_blank\" rel=\"noopener noreferrer nofollow\" class=\"\" data-testid=\"link\">Vox<\/a>\u00a0de critiquer cette strat\u00e9gie dite de l&rsquo;\u00e9radication, de l&rsquo;abattage en masse qui a entra\u00een\u00e9 la <strong>mort de 180 millions d&rsquo;oiseaux, de volailles aux Etats-Unis depuis 2022.<\/strong><\/p>\n<p> Une question\u00a0? Une remarque\u00a0? \u00c9crivez-nous\u00a0!<\/p>\n<p class=\"PopSlotParagraph qg-tx2 qg-xtra-lh svelte-1r0pyek\">Si vous souhaitez un approfondissement sur un sujet \u00e9voqu\u00e9 \u00e0 l&rsquo;antenne ou si vous voyez passer un th\u00e8me que nous n&rsquo;avons pas abord\u00e9, et pour alimenter la chronique interactive du samedi, \u00e9crivez-nous \u00e0 l&rsquo;adresse\u00a0:<\/p>\n<p class=\"PopSlotParagraph qg-tx2 qg-xtra-lh svelte-1r0pyek\"><strong>fcrdpi@radiofrance.com<\/strong><\/p>\n<p class=\"PopSlotParagraph qg-tx2 qg-xtra-lh svelte-1r0pyek\"><a href=\"https:\/\/www.whatsapp.com\/channel\/0029VanU8rV5vKA1OjuADe3i\" target=\"_blank\" rel=\"noopener noreferrer nofollow\" class=\"\" data-testid=\"link\">Rendez-vous \u00e9galement sur notre cha\u00eene WhatsApp en suivant ce lien<\/a><\/p>\n","protected":false},"excerpt":{"rendered":"Plus d&rsquo;un demi-million de volailles et d&rsquo;oiseaux ont \u00e9t\u00e9 abattus en Allemagne pour tenter de contenir la propagation&hellip;\n","protected":false},"author":2,"featured_media":502096,"comment_status":"","ping_status":"","sticky":false,"template":"","format":"standard","meta":{"footnotes":""},"categories":[1587],"tags":[11,672,1804,1805,1803,1777,674,1801,12,1802],"class_list":{"0":"post-502095","1":"post","2":"type-post","3":"status-publish","4":"format-standard","5":"has-post-thumbnail","7":"category-allemagne","8":"tag-actualites","9":"tag-allemagne","10":"tag-bundesrepublik-deutschland","11":"tag-de","12":"tag-deutschland","13":"tag-eu","14":"tag-europe","15":"tag-germany","16":"tag-news","17":"tag-republique-federale-dallemagne"},"share_on_mastodon":{"url":"https:\/\/pubeurope.com\/@fr\/115468555090565469","error":""},"_links":{"self":[{"href":"https:\/\/www.europesays.com\/fr\/wp-json\/wp\/v2\/posts\/502095","targetHints":{"allow":["GET"]}}],"collection":[{"href":"https:\/\/www.europesays.com\/fr\/wp-json\/wp\/v2\/posts"}],"about":[{"href":"https:\/\/www.europesays.com\/fr\/wp-json\/wp\/v2\/types\/post"}],"author":[{"embeddable":true,"href":"https:\/\/www.europesays.com\/fr\/wp-json\/wp\/v2\/users\/2"}],"replies":[{"embeddable":true,"href":"https:\/\/www.europesays.com\/fr\/wp-json\/wp\/v2\/comments?post=502095"}],"version-history":[{"count":0,"href":"https:\/\/www.europesays.com\/fr\/wp-json\/wp\/v2\/posts\/502095\/revisions"}],"wp:featuredmedia":[{"embeddable":true,"href":"https:\/\/www.europesays.com\/fr\/wp-json\/wp\/v2\/media\/502096"}],"wp:attachment":[{"href":"https:\/\/www.europesays.com\/fr\/wp-json\/wp\/v2\/media?parent=502095"}],"wp:term":[{"taxonomy":"category","embeddable":true,"href":"https:\/\/www.europesays.com\/fr\/wp-json\/wp\/v2\/categories?post=502095"},{"taxonomy":"post_tag","embeddable":true,"href":"https:\/\/www.europesays.com\/fr\/wp-json\/wp\/v2\/tags?post=502095"}],"curies":[{"name":"wp","href":"https:\/\/api.w.org\/{rel}","templated":true}]}}