{"id":502101,"date":"2025-10-31T11:33:11","date_gmt":"2025-10-31T11:33:11","guid":{"rendered":"https:\/\/www.europesays.com\/fr\/502101\/"},"modified":"2025-10-31T11:33:11","modified_gmt":"2025-10-31T11:33:11","slug":"un-jeune-homme-de-22-ans-tue-de-trois-balles-dans-la-tete-sur-le-parking-dun-fast-food","status":"publish","type":"post","link":"https:\/\/www.europesays.com\/fr\/502101\/","title":{"rendered":"Un jeune homme de 22 ans tu\u00e9 de trois balles dans la t\u00eate sur le parking d\u2019un fast-food"},"content":{"rendered":"<p>Une <a href=\"https:\/\/www.20minutes.fr\/monde\/execution\/\" class=\"c-link c-link--is-underlined\" target=\"_blank\" rel=\"noopener\">ex\u00e9cution<\/a> gla\u00e7ante. Jeudi soir, un jeune homme de 22 ans a \u00e9t\u00e9 tu\u00e9 de trois balles dans la t\u00eate alors qu\u2019il se trouvait dans sa voiture sur le parking d\u2019un fast-food situ\u00e9 sur la rocade, \u00e0 l\u2019entr\u00e9e d\u2019<a href=\"https:\/\/www.20minutes.fr\/dossier\/ales\" class=\"c-link c-link--is-underlined\" target=\"_blank\" rel=\"noopener\">Al\u00e8s<\/a>, dans le <a href=\"https:\/\/www.20minutes.fr\/societe\/gard\/\" class=\"c-link c-link--is-underlined\" target=\"_blank\" rel=\"noopener\">Gard<\/a>.<\/p>\n<p>Deux jeunes femmes, l\u2019une se pr\u00e9sentant comme la petite amie de la victime et l\u2019autre comme une amie de la premi\u00e8re, \u00e9taient pr\u00e9sentes au moment des faits, survenus peu avant minuit. Elles ont pu s\u2019enfuir sans \u00eatre bless\u00e9es. Interpell\u00e9es et plac\u00e9es en <a href=\"https:\/\/www.20minutes.fr\/dossier\/garde_a_vue\" class=\"c-link c-link--is-underlined\" target=\"_blank\" rel=\"noopener\">garde \u00e0 vue<\/a> pour \u00eatre interrog\u00e9es, elles ne sont pas consid\u00e9r\u00e9es \u00e0 ce stade comme suspectes, selon une autre source polici\u00e8re.<\/p>\n<\/p>\n<p>Une affaire de vente de stup\u00e9fiant\u00a0?<\/p>\n<p>Les faits, qui pourraient \u00eatre li\u00e9s \u00e0 une <a href=\"https:\/\/www.20minutes.fr\/dossier\/trafic_de_drogue\" class=\"c-link c-link--is-underlined\" target=\"_blank\" rel=\"noopener\">affaire de vente de stup\u00e9fiants<\/a>, se sont d\u00e9roul\u00e9s vers 23h30. La voiture de la victime \u00e9tait gar\u00e9e, feux allum\u00e9s et moteur en marche, qu\u2019un second v\u00e9hicule s\u2019est approch\u00e9 et son ou ses occupants ont ouvert le feu \u00e0 bout portant sur le jeune homme.<\/p>\n<p>Touch\u00e9 de trois balles dans la t\u00eate, le jeune homme \u00e9tait mort \u00e0 l\u2019arriv\u00e9e des secours. Une source polici\u00e8re pr\u00e9cise que les auteurs \u00e9taient toujours recherch\u00e9s vendredi matin.<\/p>\n<p><a href=\"https:\/\/www.20minutes.fr\/societe\/gard\/\" class=\"c-link c-btn c-btn--primary\" target=\"_blank\" rel=\"noopener\">Retrouvez tous nos articles sur l&rsquo;actualit\u00e9 dans le Gard<\/a><\/p>\n<p>Le parquet d\u2019Al\u00e8s a \u00e9t\u00e9 avis\u00e9 des faits mais n\u2019\u00e9tait pas joignable dans l\u2019imm\u00e9diat pour commenter ces informations, indique l\u2019AFP.<\/p>\n<p>En ao\u00fbt dernier, dans une commune pr\u00e8s d\u2019Al\u00e8s, <a href=\"https:\/\/www.20minutes.fr\/faits_divers\/4167610-20250812-gard-jeune-tue-plusieurs-coups-feu-vehicule-pres-ales\" class=\"c-link c-link--is-underlined\" target=\"_blank\" rel=\"noopener\">un jeune homme a \u00e9t\u00e9 tu\u00e9 de \u00ab\u00a0plusieurs coups de feu\u00a0\u00bb<\/a> tir\u00e9s par deux ou trois inconnus alors qu\u2019il se trouvait dans son v\u00e9hicule avec sa compagne.<\/p>\n","protected":false},"excerpt":{"rendered":"Une ex\u00e9cution gla\u00e7ante. Jeudi soir, un jeune homme de 22 ans a \u00e9t\u00e9 tu\u00e9 de trois balles dans&hellip;\n","protected":false},"author":2,"featured_media":502102,"comment_status":"","ping_status":"","sticky":false,"template":"","format":"standard","meta":{"footnotes":""},"categories":[2],"tags":[47,11,2678,6376,6744,118,1011,27,2679,7774,2681,777,12,2680,1072,25],"class_list":{"0":"post-502101","1":"post","2":"type-post","3":"status-publish","4":"format-standard","5":"has-post-thumbnail","7":"category-actualites","8":"tag-actualite","9":"tag-actualites","10":"tag-ales","11":"tag-armes","12":"tag-assassinat","13":"tag-faits-divers","14":"tag-fr","15":"tag-france","16":"tag-gard","17":"tag-garde-a-vue","18":"tag-languedoc-roussillon","19":"tag-meurtre","20":"tag-news","21":"tag-occitanie","22":"tag-police","23":"tag-republique-francaise"},"share_on_mastodon":{"url":"https:\/\/pubeurope.com\/@fr\/115468567000224833","error":""},"_links":{"self":[{"href":"https:\/\/www.europesays.com\/fr\/wp-json\/wp\/v2\/posts\/502101","targetHints":{"allow":["GET"]}}],"collection":[{"href":"https:\/\/www.europesays.com\/fr\/wp-json\/wp\/v2\/posts"}],"about":[{"href":"https:\/\/www.europesays.com\/fr\/wp-json\/wp\/v2\/types\/post"}],"author":[{"embeddable":true,"href":"https:\/\/www.europesays.com\/fr\/wp-json\/wp\/v2\/users\/2"}],"replies":[{"embeddable":true,"href":"https:\/\/www.europesays.com\/fr\/wp-json\/wp\/v2\/comments?post=502101"}],"version-history":[{"count":0,"href":"https:\/\/www.europesays.com\/fr\/wp-json\/wp\/v2\/posts\/502101\/revisions"}],"wp:featuredmedia":[{"embeddable":true,"href":"https:\/\/www.europesays.com\/fr\/wp-json\/wp\/v2\/media\/502102"}],"wp:attachment":[{"href":"https:\/\/www.europesays.com\/fr\/wp-json\/wp\/v2\/media?parent=502101"}],"wp:term":[{"taxonomy":"category","embeddable":true,"href":"https:\/\/www.europesays.com\/fr\/wp-json\/wp\/v2\/categories?post=502101"},{"taxonomy":"post_tag","embeddable":true,"href":"https:\/\/www.europesays.com\/fr\/wp-json\/wp\/v2\/tags?post=502101"}],"curies":[{"name":"wp","href":"https:\/\/api.w.org\/{rel}","templated":true}]}}