{"id":502103,"date":"2025-10-31T11:34:11","date_gmt":"2025-10-31T11:34:11","guid":{"rendered":"https:\/\/www.europesays.com\/fr\/502103\/"},"modified":"2025-10-31T11:34:11","modified_gmt":"2025-10-31T11:34:11","slug":"cest-lenterrement-le-plus-drole-que-jai-vecu-quand-le-cercueil-est-trop-grand-pour-descendre-dans-le-caveau","status":"publish","type":"post","link":"https:\/\/www.europesays.com\/fr\/502103\/","title":{"rendered":"\u00ab\u00a0C\u2019est l\u2019enterrement le plus dr\u00f4le que j\u2019ai v\u00e9cu\u00a0\u00bb\u2026 Quand le cercueil est trop grand pour descendre dans le caveau"},"content":{"rendered":"<p>Garder le souvenir d\u2019un <a href=\"https:\/\/www.20minutes.fr\/dossier\/enterrement\" class=\"c-link c-link--is-underlined\" target=\"_blank\" rel=\"noopener\">enterrement<\/a> comme d\u2019un moment dr\u00f4le, c\u2019est rare. Alors quand il s\u2019agit en plus de celui de son p\u00e8re avec lequel on entretient de bonnes relations, cela devient presque incompr\u00e9hensible. Pourtant, c\u2019est arriv\u00e9 \u00e0 Catherine. Son p\u00e8re, m\u00e9decin \u00e0 l\u2019h\u00f4pital de Chamb\u00e9ry, a \u00e9t\u00e9 enterr\u00e9 en juillet\u00a02014 dans le village de la maison de vacances familiale, pr\u00e8s de <a href=\"https:\/\/www.20minutes.fr\/dossier\/narbonne\" class=\"c-link c-link--is-underlined\" target=\"_blank\" rel=\"noopener\">Narbonne<\/a>. Si la c\u00e9r\u00e9monie religieuse, avec \u00ab\u00a0des personnes tr\u00e8s catholiques\u00a0\u00bb, s\u2019est pass\u00e9e sans encombre, tout ne s\u2019est ensuite pas d\u00e9roul\u00e9 comme pr\u00e9vu.<\/p>\n<p>Alors que le pr\u00eatre finit de r\u00e9citer les derni\u00e8res pri\u00e8res, les proches du d\u00e9funt s\u2019amassent devant le <a href=\"https:\/\/www.20minutes.fr\/societe\/4180441-20251024-vu-bras-momifie-tas-terre-quand-enterrements-passent-comme-prevu\" class=\"c-link c-link--is-underlined\" target=\"_blank\" rel=\"noopener\">caveau familial<\/a>. Un des employ\u00e9s municipaux en charge de la mise en terre ouvre la trappe du caveau et descend \u00e0 l\u2019int\u00e9rieur. Les autres employ\u00e9s poussent le bout du cercueil afin de le faire glisser \u00e0 travers la porte de la dalle rectangulaire. Mais, \u00e7a coince.<\/p>\n<p>\u00ab\u00a0On a eu un \u00e9norme fou rire\u00a0\u00bb<\/p>\n<p>Le p\u00e8re de Catherine \u00e9tant grand, plus de 1m90, le cercueil \u00e9tait plus long mais aussi plus large que les habituels. \u00ab\u00a0On avait calcul\u00e9 et \u00e7a rentrait en longueur mais c\u2019\u00e9tait en largeur que \u00e7a ne passait manifestement pas.\u00a0\u00bb Les deux hommes essaient par tous les moyens de faire rentrer la bo\u00eete, en vain. \u00ab\u00a0Les employ\u00e9s municipaux, qu\u2019on connaissait tr\u00e8s bien, nous ont regard\u00e9s un peu g\u00ean\u00e9s et nous, on a eu un \u00e9norme fou rire.\u00a0\u00bb<\/p>\n<p>Pour faire diversion, le cur\u00e9 poursuit la c\u00e9r\u00e9monie en ajoutant de nouvelles pri\u00e8res. Parmi lesquelles un \u00ab\u00a0Je vous salue Marie\u00a0\u00bb dont Catherine avait promis \u00e0 son fr\u00e8re, protestant, l\u2019absence pendant l\u2019hommage \u00e0 leur p\u00e8re. \u00ab\u00a0Quand le pr\u00eatre a commenc\u00e9 cette pri\u00e8re, on a vu la t\u00eate de mon fr\u00e8re et on a beaucoup ri, se souvient-elle. Honn\u00eatement, c\u2019est l\u2019enterrement le plus dr\u00f4le que j\u2019ai v\u00e9cu.\u00a0\u00bb<\/p>\n<\/p>\n<p>\u00ab\u00a0Il s\u2019est retrouv\u00e9 coinc\u00e9 dans le caveau\u00a0\u00bb<\/p>\n<p>Mais les employ\u00e9s municipaux, eux, sont moins rieurs. \u00ab\u00a0Celui qui \u00e9tait \u00e0 l\u2019int\u00e9rieur s\u2019est retrouv\u00e9 coinc\u00e9 dans le caveau le temps de r\u00e9ussir \u00e0 faire sortir le cercueil. Il a d\u00fb passer un sale quart d\u2019heure. D\u2019ailleurs, quand je retourne l\u00e0-bas, il me dit souvent \u201cl\u2019enterrement de ton p\u00e8re, ne m\u2019en parle pas\u00a0!\u201d \u00bb Apr\u00e8s de multiples \u00e9checs, les agents invitent la famille \u00e0 quitter le <a href=\"https:\/\/www.20minutes.fr\/dossier\/cimetiere\" class=\"c-link c-link--is-underlined\" target=\"_blank\" rel=\"noopener\">cimeti\u00e8re<\/a> le temps de d\u00e9bloquer la situation. \u00ab\u00a0Ils ont d\u00fb y aller au burin et \u00e0 la massette pour agrandir la trappe.\u00a0\u00bb<\/p>\n<p>Une fois au restaurant, tout le monde rigole de la situation. \u00ab\u00a0Mon p\u00e8re avait un humour noir qui le caract\u00e9risait et qui avait disparu avec la maladie d\u2019<a href=\"https:\/\/www.20minutes.fr\/dossier\/alzheimer\" class=\"c-link c-link--is-underlined\" target=\"_blank\" rel=\"noopener\">Alzheimer<\/a>. Alors on a vu \u00e7a comme un dernier clin d\u2019\u0153il de sa part. L\u2019espace d\u2019un instant, on a retrouv\u00e9 notre papa d\u2019avant.\u00a0\u00bb<\/p>\n","protected":false},"excerpt":{"rendered":"Garder le souvenir d\u2019un enterrement comme d\u2019un moment dr\u00f4le, c\u2019est rare. Alors quand il s\u2019agit en plus de&hellip;\n","protected":false},"author":2,"featured_media":502104,"comment_status":"","ping_status":"","sticky":false,"template":"","format":"standard","meta":{"footnotes":""},"categories":[2],"tags":[47,11,6313,3983,15085,1011,27,12,15086,62420,25,104,240,10919],"class_list":{"0":"post-502103","1":"post","2":"type-post","3":"status-publish","4":"format-standard","5":"has-post-thumbnail","7":"category-actualites","8":"tag-actualite","9":"tag-actualites","10":"tag-cimetiere","11":"tag-deces","12":"tag-enterrement","13":"tag-fr","14":"tag-france","15":"tag-news","16":"tag-obseques","17":"tag-pompes-funebres","18":"tag-republique-francaise","19":"tag-societe","20":"tag-temoignage","21":"tag-toussaint"},"share_on_mastodon":{"url":"https:\/\/pubeurope.com\/@fr\/115468570856898939","error":""},"_links":{"self":[{"href":"https:\/\/www.europesays.com\/fr\/wp-json\/wp\/v2\/posts\/502103","targetHints":{"allow":["GET"]}}],"collection":[{"href":"https:\/\/www.europesays.com\/fr\/wp-json\/wp\/v2\/posts"}],"about":[{"href":"https:\/\/www.europesays.com\/fr\/wp-json\/wp\/v2\/types\/post"}],"author":[{"embeddable":true,"href":"https:\/\/www.europesays.com\/fr\/wp-json\/wp\/v2\/users\/2"}],"replies":[{"embeddable":true,"href":"https:\/\/www.europesays.com\/fr\/wp-json\/wp\/v2\/comments?post=502103"}],"version-history":[{"count":0,"href":"https:\/\/www.europesays.com\/fr\/wp-json\/wp\/v2\/posts\/502103\/revisions"}],"wp:featuredmedia":[{"embeddable":true,"href":"https:\/\/www.europesays.com\/fr\/wp-json\/wp\/v2\/media\/502104"}],"wp:attachment":[{"href":"https:\/\/www.europesays.com\/fr\/wp-json\/wp\/v2\/media?parent=502103"}],"wp:term":[{"taxonomy":"category","embeddable":true,"href":"https:\/\/www.europesays.com\/fr\/wp-json\/wp\/v2\/categories?post=502103"},{"taxonomy":"post_tag","embeddable":true,"href":"https:\/\/www.europesays.com\/fr\/wp-json\/wp\/v2\/tags?post=502103"}],"curies":[{"name":"wp","href":"https:\/\/api.w.org\/{rel}","templated":true}]}}