{"id":502117,"date":"2025-10-31T11:46:12","date_gmt":"2025-10-31T11:46:12","guid":{"rendered":"https:\/\/www.europesays.com\/fr\/502117\/"},"modified":"2025-10-31T11:46:12","modified_gmt":"2025-10-31T11:46:12","slug":"vous-allez-devenir-marc-olivier-fogiel-pince-sans-rire-ary-abittan-rebondit-sur-la-blague-douteuse","status":"publish","type":"post","link":"https:\/\/www.europesays.com\/fr\/502117\/","title":{"rendered":"\u00ab\u00a0Vous allez devenir&#8230;\u00a0\u00bb : Marc-Olivier Fogiel pince-sans-rire, Ary Abittan rebondit sur la blague douteuse"},"content":{"rendered":"<p>Ce vendredi 31 octobre 2025, <a href=\"https:\/\/www.closermag.fr\/people\/imposer-une-sodomie-lors-face-a-ary-abittan-marc-olivier-fogiel-ne-prend-pas-de-detours-et-finit-par-semporter-3590630\" target=\"_blank\" rel=\"noopener\"><br \/>\nAry Abittan \u00e9tait l\u2019invit\u00e9 de Marc-Olivier Fogiel<\/a> sur RTL pour<br \/>\nla promotion de son nouveau spectacle, marquant ainsi son grand<br \/>\nretour m\u00e9diatique apr\u00e8s plusieurs ann\u00e9es de silence. Le com\u00e9dien,<br \/>\n<strong>mis en examen en 2021 pour viol<\/strong>, une affaire<br \/>\nd\u00e9sormais class\u00e9e, a accept\u00e9 d\u2019\u00e9voquer cette p\u00e9riode difficile,<br \/>\ntout en insistant sur la s\u00e9r\u00e9nit\u00e9 retrouv\u00e9e qui l\u2019habite<br \/>\naujourd\u2019hui.<\/p>\n<p>Face \u00e0 un Marc-Olivier Fogiel incisif, Ary Abittan a confi\u00e9<br \/>\nvouloir retenir le positif de cette \u00e9preuve : \u201cJe pr\u00e9f\u00e8re me<br \/>\nsouvenir des gens qui sont rest\u00e9s. Je ne leur en veux pas. Mais<br \/>\nc\u2019est comme \u00e7a, en fait. Je trouve que quand il y a une temp\u00eate,<br \/>\nc\u2019est bien parce que \u00e7a emporte les branches mortes. <strong>Ce qui<br \/>\nreste, c\u2019est les racines<\/strong>. Et \u00e7a, je n\u2019oublie pas. Je n\u2019ai<br \/>\naucune col\u00e8re, aucun ressentiment. J\u2019avance avec cette paix et<br \/>\ncette lumi\u00e8re. Je ne veux plus m\u2019enfermer dans la rancune. Je veux<br \/>\n\u00eatre libre\u201d.<\/p>\n<p>Marc-Olivier Fogiel envoie les pieds dans le plat avec Ary<br \/>\nAbittan<\/p>\n<p>Une d\u00e9claration empreinte de sagesse et d\u2019apaisement, qui a<br \/>\ninspir\u00e9 \u00e0 <a href=\"https:\/\/www.closermag.fr\/politique\/marc-olivier-fogiel-titille-eric-zemmour-sur-sa-compagne-sarah-knafo-en-plein-direct-il-ne-se-demonte-pas-3588085\" target=\"_blank\" rel=\"noopener\"><br \/>\nMarc-Olivier Fogiel une r\u00e9plique inattendue<\/a>. D\u2019un ton<br \/>\npince-sans-rire, le journaliste a lanc\u00e9 : \u201cL\u2019\u00e9tape d\u2019apr\u00e8s,<br \/>\nvous \u00e9coutez&#8230; <strong>Vous allez devenir rabbin ?\u201d<\/strong><br \/>\nUne remarque aussi ironique que d\u00e9stabilisante, qui aurait pu cr\u00e9er<br \/>\nun malaise en plein direct.<\/p>\n<p>Mais fid\u00e8le \u00e0 lui-m\u00eame, Ary Abittan a d\u00e9samorc\u00e9 la situation<br \/>\navec humour, dans un timing parfait : \u201cAlors, je ne sais pas si<br \/>\nje vais devenir rabbin, Marc-Olivier, parce que je suis aux Grosses<br \/>\nT\u00eates la semaine prochaine. <strong>\u00c7a va \u00eatre compliqu\u00e9<br \/>\n!\u201d.<\/strong><\/p>\n<p>Le com\u00e9dien, de retour sur sc\u00e8ne,<br \/>\nrevient sur son parcours<\/p>\n<p>Une r\u00e9ponse qui a imm\u00e9diatement d\u00e9tendu l\u2019atmosph\u00e8re en studio,<br \/>\nprovoquant les rires du journaliste et de l\u2019\u00e9quipe. Marc-Olivier<br \/>\nFogiel, dans son style provocateur, a alors surench\u00e9ri : \u201cChez<br \/>\nles lib\u00e9raux ?\u201d <a href=\"https:\/\/www.closermag.fr\/people\/ary-abittan-cette-histoire-ne-ma-pas-detruit-lhumoriste-revient-sur-les-accusations-de-viols-contre-lui-3545846\" target=\"_blank\" rel=\"noopener\"><br \/>\nL\u2019humoriste, accus\u00e9 puis innocent\u00e9<\/a>, a r\u00e9pliqu\u00e9 avec le m\u00eame<br \/>\naplomb : \u201cNon, surtout pas. <strong>Vous allez faire de la<br \/>\npeine \u00e0 ma m\u00e8re, Marc-Olivier !\u201d.<\/strong><\/p>\n<p>Apr\u00e8s des ann\u00e9es d\u2019\u00e9loignement des m\u00e9dias, Ary Abittan montre<br \/>\nsouhaite aller de l\u2019avant. En quelques phrases, le com\u00e9dien a<br \/>\nprouv\u00e9 qu\u2019il est pr\u00eat \u00e0 reprendre sa place dans le paysage<br \/>\nhumoristique fran\u00e7ais, tout en assumant les zones d\u2019ombre de son<br \/>\npass\u00e9. Qu\u2019importent les rumeurs et les personnes qui l\u2019ont<br \/>\nabandonn\u00e9 en cours de route, le com\u00e9dien souhaite faire son retour<br \/>\nsur le devant de la sc\u00e8ne.<\/p>\n","protected":false},"excerpt":{"rendered":"Ce vendredi 31 octobre 2025, Ary Abittan \u00e9tait l\u2019invit\u00e9 de Marc-Olivier Fogiel sur RTL pour la promotion de&hellip;\n","protected":false},"author":2,"featured_media":502118,"comment_status":"","ping_status":"","sticky":false,"template":"","format":"standard","meta":{"footnotes":""},"categories":[1359],"tags":[19796,58,59,1011,27,45887,973],"class_list":{"0":"post-502117","1":"post","2":"type-post","3":"status-publish","4":"format-standard","5":"has-post-thumbnail","7":"category-people","8":"tag-ary-abittan","9":"tag-divertissement","10":"tag-entertainment","11":"tag-fr","12":"tag-france","13":"tag-marc-olivier-fogiel","14":"tag-people"},"share_on_mastodon":{"url":"https:\/\/pubeurope.com\/@fr\/115468618083207731","error":""},"_links":{"self":[{"href":"https:\/\/www.europesays.com\/fr\/wp-json\/wp\/v2\/posts\/502117","targetHints":{"allow":["GET"]}}],"collection":[{"href":"https:\/\/www.europesays.com\/fr\/wp-json\/wp\/v2\/posts"}],"about":[{"href":"https:\/\/www.europesays.com\/fr\/wp-json\/wp\/v2\/types\/post"}],"author":[{"embeddable":true,"href":"https:\/\/www.europesays.com\/fr\/wp-json\/wp\/v2\/users\/2"}],"replies":[{"embeddable":true,"href":"https:\/\/www.europesays.com\/fr\/wp-json\/wp\/v2\/comments?post=502117"}],"version-history":[{"count":0,"href":"https:\/\/www.europesays.com\/fr\/wp-json\/wp\/v2\/posts\/502117\/revisions"}],"wp:featuredmedia":[{"embeddable":true,"href":"https:\/\/www.europesays.com\/fr\/wp-json\/wp\/v2\/media\/502118"}],"wp:attachment":[{"href":"https:\/\/www.europesays.com\/fr\/wp-json\/wp\/v2\/media?parent=502117"}],"wp:term":[{"taxonomy":"category","embeddable":true,"href":"https:\/\/www.europesays.com\/fr\/wp-json\/wp\/v2\/categories?post=502117"},{"taxonomy":"post_tag","embeddable":true,"href":"https:\/\/www.europesays.com\/fr\/wp-json\/wp\/v2\/tags?post=502117"}],"curies":[{"name":"wp","href":"https:\/\/api.w.org\/{rel}","templated":true}]}}