{"id":502126,"date":"2025-10-31T11:52:17","date_gmt":"2025-10-31T11:52:17","guid":{"rendered":"https:\/\/www.europesays.com\/fr\/502126\/"},"modified":"2025-10-31T11:52:17","modified_gmt":"2025-10-31T11:52:17","slug":"deja-a-paris-lepidemie-demarre-cette-annee-de-maniere-precoce-ma-sante","status":"publish","type":"post","link":"https:\/\/www.europesays.com\/fr\/502126\/","title":{"rendered":"d\u00e9j\u00e0 \u00e0 Paris, l\u2019\u00e9pid\u00e9mie d\u00e9marre cette ann\u00e9e de mani\u00e8re pr\u00e9coce- Ma Sant\u00e9"},"content":{"rendered":"<p>             <a href=\"https:\/\/ma-sante.news\/wp-content\/uploads\/2025\/10\/reprise-precoce-epidemie-de-bronchiolite-ile-de-france-paris-autorites-de-sante-Ma-Sante.jpg\" data-caption=\"Le virus de la bronchiolite a fait une offensive pr\u00e9coce \u00e0 Paris \u00a9 Freepik\" target=\"_blank\" rel=\"noopener\"><img loading=\"lazy\" decoding=\"async\" width=\"696\" height=\"392\" class=\"entry-thumb td-modal-image ewww_webp_lazy_load\" src=\"data:image\/svg+xml,%3Csvg%20xmlns=\" http:=\"\" data-lazy- data-lazy- alt=\"Une foule de gens apeur\u00e9e par la reprise \u00e9pid\u00e9mique de la bronchiolite en \u00cele-de-France.\" title=\"reprise pre\u0301coce e\u0301pide\u0301mie de bronchiolite ile de france paris autorite\u0301s de sante\u0301 Ma Sante\u0301\" data-lazy-src=\"https:\/\/www.europesays.com\/fr\/wp-content\/uploads\/2025\/10\/reprise-precoce-epidemie-de-bronchiolite-ile-de-france-paris-autorites-de-sante-Ma-Sante-696x392.jpg\" data-lazy-src-webp=\"https:\/\/www.europesays.com\/fr\/wp-content\/uploads\/2025\/10\/reprise-precoce-epidemie-de-bronchiolite-ile-de-france-paris-autorites-de-sante-Ma-Sante-696x392.jpg.webp\" data-lazy-srcset-webp=\"https:\/\/www.europesays.com\/fr\/wp-content\/uploads\/2025\/10\/reprise-precoce-epidemie-de-bronchiolite-ile-de-france-paris-autorites-de-sante-Ma-Sante-696x392.jpg.webp 696w, https:\/\/ma-sante.news\/wp-content\/uploads\/2025\/10\/reprise-precoce-epidemie-de-bronchiolite-ile-de-france-paris-autorites-de-sante-Ma-Sante-300x169.jpg.webp 300w, https:\/\/ma-sante.news\/wp-content\/uploads\/2025\/10\/reprise-precoce-epidemie-de-bronchiolite-ile-de-france-paris-autorites-de-sante-Ma-Sante-768x432.jpg.webp 768w, https:\/\/ma-sante.news\/wp-content\/uploads\/2025\/10\/reprise-precoce-epidemie-de-bronchiolite-ile-de-france-paris-autorites-de-sante-Ma-Sante-747x420.jpg.webp 747w, https:\/\/ma-sante.news\/wp-content\/uploads\/2025\/10\/reprise-precoce-epidemie-de-bronchiolite-ile-de-france-paris-autorites-de-sante-Ma-Sante.jpg.webp 800w\"\/><\/a>Le virus de la bronchiolite a fait une offensive pr\u00e9coce \u00e0 Paris \u00a9 Freepik                                    \t\t\t             <a class=\"gofollow\" data-track=\"MjgsMCw2MA==\" href=\"https:\/\/ma-sante.news\/inscrivez-vous-a-notre-newsletter\/\" target=\"_blank\" rel=\"noopener\"><img loading=\"lazy\" decoding=\"async\" width=\"1068\" height=\"131\" src=\"data:image\/svg+xml,%3Csvg%20xmlns=\" http:=\"\" data-lazy-src=\"https:\/\/www.europesays.com\/fr\/wp-content\/uploads\/2025\/03\/banniere-newsletter.png\"\/><\/a> <\/p>\n<p>Nous ne sommes pas encore en hiver. Mais les virus, eux, ne connaissent pas le calendrier. Dans le dernier bulletin de Sant\u00e9 publique France, l\u2019\u00cele-de-France est pass\u00e9e <a href=\"https:\/\/ma-sante.news\/bronchiolite-avec-le-froid-lepidemie-reprend-encore-de-la-vigueur\/\" target=\"_blank\" rel=\"noopener\">officiellement en phase \u00e9pid\u00e9mique de bronchiolite<\/a> selon <a href=\"https:\/\/www.santepubliquefrance.fr\/maladies-et-traumatismes\/maladies-et-infections-respiratoires\/grippe\/documents\/bulletin-national\/infections-respiratoires-aigues-grippe-bronchiolite-covid-19-.-bulletin-du-29-octobre-2025\" target=\"_blank\" rel=\"noopener\">le rapport hebdomadaire sur les infections respiratoires aigu\u00ebs<\/a>.<\/p>\n<p>Dans le reste de la France m\u00e9tropolitaine, l\u2019\u00e9pid\u00e9mie est latente mais sous surveillance. Bref, le calme avant la temp\u00eate.. La preuve ? Les indicateurs soient d\u00e9j\u00e0 en augmentation chez les enfants de moins de 5 ans. En clair, la machine se remet en marche doucement, et la r\u00e9gion parisienne ouvre la (triste) danse.<\/p>\n<p>        La bronchiolite, qu\u2019est-ce que c\u2019est exactement ?\u00a0    <\/p>\n<p><a href=\"https:\/\/ma-sante.news\/bronchiolite-un-virus-infantile-qui-menace-aussi-nos-aines\/\" target=\"_blank\" rel=\"noopener\">La bronchiolite est une infection virale des petites bronches<\/a>, souvent due au virus respiratoire syncytial (VRS). Chaque hiver, elle touche pr\u00e8s de 30 % des enfants de moins de 2 ans, selon Sant\u00e9 publique France. La maladie se manifeste d\u2019abord comme un banal rhume : nez qui coule, toux, fatigue. Puis, chez certains nourrissons, le virus descend dans les bronchioles et provoque une g\u00eane respiratoire parfois impressionnante.<\/p>\n<p>Dans 9 cas sur 10,<a href=\"https:\/\/ma-sante.news\/bronchiolite-nourrisson-et-kine-respiratoire\/\" target=\"_blank\" rel=\"noopener\"> la bronchiolite gu\u00e9rit sans hospitalisation<\/a>, mais elle reste la premi\u00e8re cause d\u2019admission \u00e0 l\u2019h\u00f4pital chez les b\u00e9b\u00e9s de moins d\u2019un an. En moyenne, 2 \u00e0 3 % des nourrissons de cette tranche d\u2019\u00e2ge sont hospitalis\u00e9s chaque ann\u00e9e.<\/p>\n<p>Lors de la saison 2024-2025, l\u2019\u00e9pid\u00e9mie avait commenc\u00e9 plus tard, mi-novembre, et s\u2019\u00e9tait r\u00e9v\u00e9l\u00e9e d\u2019intensit\u00e9 mod\u00e9r\u00e9e. Cette ann\u00e9e, tout semble d\u00e9marrer avec deux \u00e0 trois semaines d\u2019avance, ce qui laisse pr\u00e9sager une activit\u00e9 plus soutenue dans les prochaines semaines.<\/p>\n<p>        Bronchiolite : comment expliquer cette reprise \u00e9pid\u00e9mique pr\u00e9coce ?\u00a0    <strong>\u00c9pid\u00e9mie de bronchiolite : pourquoi Paris avant les autres ?<\/strong>    <\/p>\n<p>Pourquoi l\u2019\u00cele-de-France avant la Bretagne, la Normandie, Auvergne-Rh\u00f4ne-Alpes ou la r\u00e9gion PACA ? D\u2019abord, parce que le virus adore la promiscuit\u00e9. Dans une r\u00e9gion dense, o\u00f9 les cr\u00e8ches, transports et \u00e9coles maternelles sont satur\u00e9s, le VRS trouve un terrain id\u00e9al. Il suffit d\u2019un b\u00e9b\u00e9 enrhum\u00e9 dans une salle de jeux pour qu\u2019une dizaine d\u2019autres toussent la semaine suivante.<\/p>\n<p>Les mouvements de population jouent aussi un r\u00f4le. Les trajets quotidiens en transports collectifs, les retours de vacances de la Toussaint, les fratries scolaris\u00e9es\u2026 tout cela cr\u00e9e des passerelles virales. Une sorte d\u2019autoroute \u00e0 virus.<\/p>\n<p>Le bulletin de Sant\u00e9 publique France \u00e9voque aussi<a href=\"https:\/\/ma-sante.news\/les-maladies-hivernales-ce-que-vous-devez-savoir-sur-les-virus-de-la-saison\/\" target=\"_blank\" rel=\"noopener\"> la circulation d\u2019autres virus respiratoires, notamment les rhinovirus<\/a>, souvent responsables des premiers rhumes automnaux, qui peuvent induire des bronchiolites chez les plus jeunes.<\/p>\n<p>        <strong>Une reprise \u00e9pid\u00e9mique pr\u00e9coce, certes, mais rien d\u2019alarmant<\/strong>    <\/p>\n<p>Entre le 20 et 26 octobre 2025, la bronchiolite a repr\u00e9sent\u00e9 11,7 % des passages aux urgences pour les enfants de moins d\u2019un an et 21,5 % des hospitalisations dans cette tranche d\u2019\u00e2ge. Sur la semaine, 1 498 b\u00e9b\u00e9s ont \u00e9t\u00e9 vus aux urgences pour bronchiolite, dont 468 ont \u00e9t\u00e9 hospitalis\u00e9s, soit pr\u00e8s d\u2019un tiers. Il y a donc une progression \u00e0 des niveaux proches de la saison pr\u00e9c\u00e9dente.<\/p>\n<p>En \u00cele-de-France, les urgences p\u00e9diatriques enregistrent d\u00e9j\u00e0 des afflux de nourrissons pr\u00e9sentant les sympt\u00f4mes typiques : toux, respiration sifflante, difficult\u00e9 \u00e0 s\u2019alimenter. Les p\u00e9diatres confirment que la bronchiolite est revenue plus t\u00f4t que d\u2019habitude, mais pour l\u2019instant, pas de forme plus grave que les ann\u00e9es pr\u00e9c\u00e9dentes.<\/p>\n<p>        <strong>\u00c0 La R\u00e9union aussi, les urgences d\u00e9bordent<\/strong>    <\/p>\n<p>A la R\u00e9union, les autorit\u00e9s observent \u00e9galement une recrudescence marqu\u00e9e. Selon La 1\u00e8re R\u00e9union (29 octobre 2025), 160 nourrissons ont \u00e9t\u00e9 pris en charge aux urgences en deux semaines.<\/p>\n<p>\u00ab Nous sommes sur une tendance haussi\u00e8re, avec une intensit\u00e9 d\u00e9j\u00e0 forte \u00bb, pr\u00e9cise l\u2019Agence r\u00e9gionale de sant\u00e9 locale. La saison y commence plus t\u00f4t chaque ann\u00e9e, probablement en lien avec le climat tropical, propice \u00e0 la circulation continue du VRS.<\/p>\n<p>        Bronchiolite : une maladie qui impressionne plus qu\u2019elle ne menace    <\/p>\n<p>Pour les parents, la bronchiolite est souvent une source d\u2019angoisse. Voir son b\u00e9b\u00e9 peiner \u00e0 respirer est terrifiant. Pourtant, dans 95 % des cas, la maladie reste b\u00e9nigne. \u00ab Il n\u2019existe pas de traitement miracle \u00bb, rappellent les autorit\u00e9s sanitaires. La prise en charge repose surtout sur des mesures de confort :\u00a0<\/p>\n<ul class=\"wp-block-list\">\n<li>lavage du nez,\u00a0<\/li>\n<li>hydratation,\u00a0<\/li>\n<li>fractionnement des repas,\u00a0<\/li>\n<li>surveillance rapproch\u00e9e.<\/li>\n<\/ul>\n<p>En revanche, il y a des signes d\u2019alerte \u00e0 ne pas n\u00e9gliger :\u00a0<\/p>\n<ul class=\"wp-block-list\">\n<li>respiration tr\u00e8s rapide,\u00a0<\/li>\n<li>creusement entre les c\u00f4tes (le \u00ab tirage \u00bb),\u00a0<\/li>\n<li>refus de s\u2019alimenter,\u00a0<\/li>\n<li>l\u00e8vres bleut\u00e9es,<\/li>\n<li>fatigue excessive.\u00a0<\/li>\n<\/ul>\n<p>Dans ces cas-l\u00e0, il faut consulter en urgence. Les p\u00e9diatres insistent : pas besoin de sur-m\u00e9dicaliser la bronchiolite, mais il faut savoir la reconna\u00eetre quand elle devient s\u00e9rieuse.<\/p>\n<p>        Comment faire face \u00e0 cette reprise \u00e9pid\u00e9mique ?\u00a0    <strong>\u00c9pid\u00e9mie de bronchiolite : ce que chacun peut faire<\/strong>    <\/p>\n<p>C\u2019est le chapitre le plus simple, et le plus efficace. Les gestes barri\u00e8res classiques restent redoutablement utiles :<\/p>\n<ul class=\"wp-block-list\">\n<li>se laver les mains souvent,<\/li>\n<li>a\u00e9rer les pi\u00e8ces,<\/li>\n<li>\u00e9viter les bisous quand on est enrhum\u00e9,<\/li>\n<li>ne pas partager les t\u00e9tines ni les couverts,<\/li>\n<li>et surtout : \u00e9viter les lieux clos avec un nourrisson de moins de trois mois.<\/li>\n<\/ul>\n<p>Le tabagisme passif est un facteur aggravant majeur. Un seul m\u00e9got fum\u00e9 \u00e0 la fen\u00eatre suffit \u00e0 augmenter les risques de bronchiolite s\u00e9v\u00e8re.<\/p>\n<p>C\u00f4t\u00e9 pr\u00e9vention m\u00e9dicale, la France dispose d\u00e9sormais de deux outils :<\/p>\n<ul class=\"wp-block-list\">\n<li><a href=\"https:\/\/ma-sante.news\/bronchiolite-un-vaccin-disponible-pour-les-femmes-enceintes\/\" target=\"_blank\" rel=\"noopener\">Le vaccin Abrysvo\u00ae, recommand\u00e9 aux femmes enceintes<\/a> entre la 32\u1d49 et la 36\u1d49 semaine de grossesse, pour transmettre des anticorps au b\u00e9b\u00e9 avant la naissance ;<\/li>\n<li><a href=\"https:\/\/ma-sante.news\/vaccin-beyfortus-deux-etudes-efficacite-nourrissons-bronchiolite\/\" target=\"_blank\" rel=\"noopener\">Le Beyfortus\u00ae (nirsevimab)<\/a>, un anticorps monoclonal administr\u00e9 aux nouveau-n\u00e9s \u00e0 risque, qui r\u00e9duit les formes graves de bronchiolite.<br \/>Ces dispositifs, int\u00e9gr\u00e9s depuis 2023 dans la strat\u00e9gie nationale, permettent d\u00e9j\u00e0 de limiter les hospitalisations chez les plus fragiles.<\/li>\n<\/ul>\n<p>        <strong>Une pression \u00e0 surveiller dans les h\u00f4pitaux<\/strong>    <\/p>\n<p>Ce qui inqui\u00e8te aujourd\u2019hui les soignants, ce n\u2019est pas tant la virulence du virus que la pression hospitali\u00e8re qui l\u2019accompagne. \u00c0 chaque pic de bronchiolite, les urgences p\u00e9diatriques d\u00e9bordent, les lits manquent, et le personnel s\u2019\u00e9puise.\u00a0<\/p>\n<p>En 2022, certaines r\u00e9gions avaient d\u00fb d\u00e9clencher des plans d\u2019urgence hospitaliers. Depuis, le syst\u00e8me est mieux pr\u00e9par\u00e9, mais reste sous tension.<\/p>\n<p>Le syndicat des p\u00e9diatres d\u2019\u00cele-de-France appelle d\u2019ailleurs \u00e0 une meilleure coordination entre h\u00f4pitaux et m\u00e9decine de ville : \u00ab La majorit\u00e9 des bronchiolites peuvent \u00eatre suivies par les m\u00e9decins g\u00e9n\u00e9ralistes. Il faut r\u00e9server les urgences aux cas graves. \u00bb<\/p>\n<p>Cette ann\u00e9e, les autorit\u00e9s sanitaires comptent aussi sur une large adh\u00e9sion \u00e0 la vaccination pour limiter les les cas s\u00e9v\u00e8res et ainsi r\u00e9duire la pression hospitali\u00e8re.<\/p>\n<blockquote class=\"wp-block-quote is-layout-flow wp-block-quote-is-layout-flow\">\n<p><strong>\u00c0 SAVOIR<\/strong><\/p>\n<p>L\u2019an dernier, la bronchiolite avait \u00e9t\u00e9 plut\u00f4t cl\u00e9mente. La saison 2024-2025, qui s\u2019est \u00e9tendue sur environ huit semaines (de la mi-novembre \u00e0 la mi-janvier), a \u00e9t\u00e9 jug\u00e9e mod\u00e9r\u00e9e par Sant\u00e9 publique France. Selon le minist\u00e8re de la Sant\u00e9, plus de 450 000 b\u00e9b\u00e9s ont \u00e9t\u00e9 prot\u00e9g\u00e9s d\u2019une forme grave lors de la campagne de vaccination.\u00a0<\/p>\n<\/blockquote>\n<p>  <a class=\"gofollow\" data-track=\"MTIsMCw2MA==\" href=\"https:\/\/ma-sante.news\/annonceurs\/\" target=\"_blank\" rel=\"noopener\"><img loading=\"lazy\" decoding=\"async\" width=\"2560\" height=\"2133\" src=\"data:image\/svg+xml,%3Csvg%20xmlns=\" http:=\"\" data-lazy-src=\"https:\/\/www.europesays.com\/fr\/wp-content\/uploads\/2025\/03\/pub-annonceurs-4-scaled.jpg\"\/><\/a>    <img loading=\"lazy\" decoding=\"async\" width=\"755\" height=\"495\" src=\"data:image\/svg+xml,%3Csvg%20xmlns=\" http:=\"\" data-lazy-src=\"https:\/\/www.europesays.com\/fr\/wp-content\/uploads\/2025\/03\/Image1.jpg\" data-lazy-src-webp=\"https:\/\/www.europesays.com\/fr\/wp-content\/uploads\/2025\/03\/Image1.jpg.webp\" class=\"ewww_webp_lazy_load\"\/>Inscrivez-vous \u00e0 notre newsletter <br \/>Ma Sant\u00e9                      <\/p>\n","protected":false},"excerpt":{"rendered":"Le virus de la bronchiolite a fait une offensive pr\u00e9coce \u00e0 Paris \u00a9 Freepik Nous ne sommes pas&hellip;\n","protected":false},"author":2,"featured_media":502127,"comment_status":"","ping_status":"","sticky":false,"template":"","format":"standard","meta":{"footnotes":""},"categories":[10],"tags":[58155,1011,27,72,28761,71],"class_list":{"0":"post-502126","1":"post","2":"type-post","3":"status-publish","4":"format-standard","5":"has-post-thumbnail","7":"category-sante","8":"tag-bronchiolite","9":"tag-fr","10":"tag-france","11":"tag-health","12":"tag-maladies-respiratoires","13":"tag-sante"},"share_on_mastodon":{"url":"https:\/\/pubeurope.com\/@fr\/115468641453390675","error":""},"_links":{"self":[{"href":"https:\/\/www.europesays.com\/fr\/wp-json\/wp\/v2\/posts\/502126","targetHints":{"allow":["GET"]}}],"collection":[{"href":"https:\/\/www.europesays.com\/fr\/wp-json\/wp\/v2\/posts"}],"about":[{"href":"https:\/\/www.europesays.com\/fr\/wp-json\/wp\/v2\/types\/post"}],"author":[{"embeddable":true,"href":"https:\/\/www.europesays.com\/fr\/wp-json\/wp\/v2\/users\/2"}],"replies":[{"embeddable":true,"href":"https:\/\/www.europesays.com\/fr\/wp-json\/wp\/v2\/comments?post=502126"}],"version-history":[{"count":0,"href":"https:\/\/www.europesays.com\/fr\/wp-json\/wp\/v2\/posts\/502126\/revisions"}],"wp:featuredmedia":[{"embeddable":true,"href":"https:\/\/www.europesays.com\/fr\/wp-json\/wp\/v2\/media\/502127"}],"wp:attachment":[{"href":"https:\/\/www.europesays.com\/fr\/wp-json\/wp\/v2\/media?parent=502126"}],"wp:term":[{"taxonomy":"category","embeddable":true,"href":"https:\/\/www.europesays.com\/fr\/wp-json\/wp\/v2\/categories?post=502126"},{"taxonomy":"post_tag","embeddable":true,"href":"https:\/\/www.europesays.com\/fr\/wp-json\/wp\/v2\/tags?post=502126"}],"curies":[{"name":"wp","href":"https:\/\/api.w.org\/{rel}","templated":true}]}}