{"id":502130,"date":"2025-10-31T11:54:11","date_gmt":"2025-10-31T11:54:11","guid":{"rendered":"https:\/\/www.europesays.com\/fr\/502130\/"},"modified":"2025-10-31T11:54:11","modified_gmt":"2025-10-31T11:54:11","slug":"bob-dylan-jusquau-bout-de-lennui-au-palais-des-congres","status":"publish","type":"post","link":"https:\/\/www.europesays.com\/fr\/502130\/","title":{"rendered":"Bob Dylan jusqu\u2019au bout de l\u2019ennui au Palais des Congr\u00e8s"},"content":{"rendered":"<p>\n    <strong>CRITIQUE &#8211;<\/strong> La l\u00e9gende de la musique am\u00e9ricaine se produisait jeudi soir \u00e0 Paris. Une prestation sans magie, mais pas sans probl\u00e8me.<\/p>\n<p class=\"fig-paragraph\">Il ne faut rien attendre mais tout esp\u00e9rer d\u2019un concert de\u00a0<a href=\"http:\/\/www.lefigaro.fr\/musique\/bob-dylan-a-paris-cet-automne-pour-deux-concerts-surprises-20250710\" data-fig-type=\"NewsFlash\" data-gtm-custom-categorie=\"navigation\" data-gtm-custom-action=\"crossclick\" data-gtm-custom-label=\"Contextuel\" data-gtm-event=\"customEventSPE\" data-fig-domain=\"LEFIGARO\" rel=\"nofollow noopener\" target=\"_blank\">Bob Dylan<\/a>. Cela fait pr\u00e8s de trente ans que nous allons l\u2019\u00e9couter lors de chacun de ses passages parisiens. Et ceux-ci sont nombreux. L\u2019homme se produisait ainsi \u00e0 la\u00a0<a href=\"http:\/\/www.lefigaro.fr\/musique\/bob-dylan-comme-un-jeune-homme-a-la-seine-musicale-20241025\" data-fig-type=\"Article\" data-gtm-custom-categorie=\"navigation\" data-gtm-custom-action=\"crossclick\" data-gtm-custom-label=\"Contextuel\" data-gtm-event=\"customEventSPE\" data-fig-domain=\"LEFIGARO\" rel=\"nofollow noopener\" target=\"_blank\">Seine Musicale<\/a>\u00a0les 24 et 25 octobre 2024, soit il y a \u00e0 peine plus d\u2019un an. Cette fois-ci, c\u2019est au Palais des Congr\u00e8s. Il y avait chant\u00e9, en avril 2009.\u00a0<a href=\"https:\/\/photo.lefigaro.fr\/actualite-france\/nicolas-sarkozy-en-prison-les-images-de-son-incarceration-20251021\" data-fig-type=\"SlideShowResource\" data-gtm-custom-categorie=\"navigation\" data-gtm-custom-action=\"crossclick\" data-gtm-custom-label=\"Contextuel\" data-gtm-event=\"customEventSPE\" data-fig-domain=\"LEFIGARO\" rel=\"nofollow noopener\" target=\"_blank\">Nicolas Sarkozy<\/a>\u00a0\u00e9tait pr\u00e9sident de la R\u00e9publique et avait assist\u00e9 au concert avec son \u00e9pouse. Dylan les avait m\u00eame re\u00e7us dans sa loge apr\u00e8s le show.<\/p>\n<p class=\"fig-paragraph\">Les places pour les deux concerts de cette ann\u00e9e, mises en vente cet \u00e9t\u00e9, se sont \u00e9coul\u00e9es rapidement. C\u2019est donc une salle remplie (3\u00a0723 si\u00e8ges en tout) qui attendait Dylan, qui s\u2019installa sur sc\u00e8ne \u00e0 20\u00a0heures tapantes, tandis que les rang\u00e9es continuaient de se garnir. Le d\u00e9cor est immuable depuis des ann\u00e9es, et sans chichis\u00a0: quelques projecteurs hauts et une lumi\u00e8re tr\u00e8s l\u00e9g\u00e8re sur sc\u00e8ne. Piano au centre, batterie derri\u00e8re, guitares sur les c\u00f4t\u00e9s. D\u00e8s l\u2019intro\u2026<\/p>\n<p class=\"fig-premium-paywall__infos\">\n        Cet article est r\u00e9serv\u00e9 aux abonn\u00e9s.        Il vous reste 58% \u00e0 d\u00e9couvrir.\n    <\/p>\n<p>                <img  data- alt=\"Le Figaro\" class=\"fig-img--complete fig-img\"\/><\/p>\n<p class=\"fig-premium-paywall__title\">Vous avez envie de lire la suite ?<\/p>\n<p class=\"fig-premium-paywall__subtitle\">D\u00e9bloquez tous les articles imm\u00e9diatement.<\/p>\n<p class=\"fig-premium-paywall__connect\">\n                D\u00e9j\u00e0 abonn\u00e9\u00a0?                <a class=\"fig-premium-paywall__connect-link\" href=\"https:\/\/connect.lefigaro.fr\/login?client=horizon_web&amp;type=main&amp;redirect_uri=https%3A%2F%2Fwww.lefigaro.fr%2Fmusique%2Fbob-dylan-jusqu-au-bout-de-l-ennui-au-palais-des-congres-20251031\" data-js-gtm=\"{&quot;customCategorie&quot;: &quot;conversion&quot;, &quot;customAction&quot;: &quot;before_Landing_Connexion_paywall_auto&quot;, &quot;customLabel&quot;: &quot;bGVmaWdhcm8uZnJfXzFmMGI2M2MxLWEzNjEtNjM0NC1hYzRlLWI3ZjcyZjdmMDM1Yl9fQXJ0aWNsZQ==_Bob Dylan jusqu\u2019au bout de l\u2019ennui au Palais des Congr\u00e8s_472&quot;, &quot;customIDSPE&quot;: &quot;bGVmaWdhcm8uZnJfXzFmMGI2M2MxLWEzNjEtNjM0NC1hYzRlLWI3ZjcyZjdmMDM1Yl9fQXJ0aWNsZQ==&quot;, &quot;event&quot;: &quot;customEventSPE&quot;}\" rel=\"nofollow noopener\" target=\"_blank\"><br \/>\n                    Connectez-vous<br \/>\n                <\/a>\n            <\/p>\n","protected":false},"excerpt":{"rendered":"CRITIQUE &#8211; La l\u00e9gende de la musique am\u00e9ricaine se produisait jeudi soir \u00e0 Paris. Une prestation sans magie,&hellip;\n","protected":false},"author":2,"featured_media":502131,"comment_status":"","ping_status":"","sticky":false,"template":"","format":"standard","meta":{"footnotes":""},"categories":[8],"tags":[19366,58,59,1011,27],"class_list":{"0":"post-502130","1":"post","2":"type-post","3":"status-publish","4":"format-standard","5":"has-post-thumbnail","7":"category-divertissement","8":"tag-bob-dylan","9":"tag-divertissement","10":"tag-entertainment","11":"tag-fr","12":"tag-france"},"share_on_mastodon":{"url":"https:\/\/pubeurope.com\/@fr\/115468649588905573","error":""},"_links":{"self":[{"href":"https:\/\/www.europesays.com\/fr\/wp-json\/wp\/v2\/posts\/502130","targetHints":{"allow":["GET"]}}],"collection":[{"href":"https:\/\/www.europesays.com\/fr\/wp-json\/wp\/v2\/posts"}],"about":[{"href":"https:\/\/www.europesays.com\/fr\/wp-json\/wp\/v2\/types\/post"}],"author":[{"embeddable":true,"href":"https:\/\/www.europesays.com\/fr\/wp-json\/wp\/v2\/users\/2"}],"replies":[{"embeddable":true,"href":"https:\/\/www.europesays.com\/fr\/wp-json\/wp\/v2\/comments?post=502130"}],"version-history":[{"count":0,"href":"https:\/\/www.europesays.com\/fr\/wp-json\/wp\/v2\/posts\/502130\/revisions"}],"wp:featuredmedia":[{"embeddable":true,"href":"https:\/\/www.europesays.com\/fr\/wp-json\/wp\/v2\/media\/502131"}],"wp:attachment":[{"href":"https:\/\/www.europesays.com\/fr\/wp-json\/wp\/v2\/media?parent=502130"}],"wp:term":[{"taxonomy":"category","embeddable":true,"href":"https:\/\/www.europesays.com\/fr\/wp-json\/wp\/v2\/categories?post=502130"},{"taxonomy":"post_tag","embeddable":true,"href":"https:\/\/www.europesays.com\/fr\/wp-json\/wp\/v2\/tags?post=502130"}],"curies":[{"name":"wp","href":"https:\/\/api.w.org\/{rel}","templated":true}]}}