{"id":502138,"date":"2025-10-31T11:58:10","date_gmt":"2025-10-31T11:58:10","guid":{"rendered":"https:\/\/www.europesays.com\/fr\/502138\/"},"modified":"2025-10-31T11:58:10","modified_gmt":"2025-10-31T11:58:10","slug":"laccord-de-1968-a-encore-du-sens-pour-olivier-faure","status":"publish","type":"post","link":"https:\/\/www.europesays.com\/fr\/502138\/","title":{"rendered":"l&rsquo;accord de 1968 a \u00abencore du sens\u00bb pour Olivier Faure"},"content":{"rendered":"<p>\n    Avec l\u2019Alg\u00e9rie, la France a \u00abune histoire douloureuse\u00bb, a analys\u00e9 Olivier Faure, \u00abon ne r\u00e9pare pas forc\u00e9ment l\u2019histoire en deux ans, en trois ans ou m\u00eame en 50 ans\u00a0\u00bb.<\/p>\n<p class=\"fig-paragraph\">Le premier secr\u00e9taire du parti socialiste Olivier Faure a estim\u00e9 vendredi que l\u2019accord de 1968 r\u00e9gissant l\u2019immigration des Alg\u00e9riens en France avait \u00abencore du sens\u00bb et qu\u2019il ne fallait \u00abpas le changer\u00bb, au lendemain du vote d\u2019une\u00a0<a href=\"http:\/\/www.lefigaro.fr\/politique\/denonciation-des-accords-de-1968-avec-l-algerie-la-resolution-du-rn-un-texte-politiquement-symbolique-mais-juridiquement-non-contraignant-20251030\" data-fig-type=\"Article\" data-gtm-custom-categorie=\"navigation\" data-gtm-custom-action=\"crossclick\" data-gtm-custom-label=\"Contextuel\" data-gtm-event=\"customEventSPE\" data-fig-domain=\"LEFIGARO\" target=\"_blank\" rel=\"noopener\">r\u00e9solution du RN<\/a>\u00a0\u00e0 l\u2019Assembl\u00e9e le d\u00e9non\u00e7ant. \u00abOn ne le change pas et on cherche au contraire \u00e0 entretenir une relation que j\u2019esp\u00e8re apais\u00e9e avec l\u2019Alg\u00e9rie\u00bb, a d\u00e9clar\u00e9 le responsable socialiste \u00e0 RMC-BFMTV, fustigeant un Rassemblement national qui cherche \u00abdans un moment o\u00f9 on parle beaucoup d\u2019\u00e9conomie et de social\u00bb \u00e0 revenir sur \u00ables questions migratoires, qui l\u2019obs\u00e8dent\u00bb.<\/p>\n<p>\u00abUne histoire douloureuse\u00bb<\/p>\n<p class=\"fig-paragraph\">Jeudi, lors d\u2019une journ\u00e9e d\u00e9di\u00e9e \u00e0 l\u2019examen de ses textes \u00e0 l\u2019Assembl\u00e9e, le\u00a0<a href=\"https:\/\/www.lefigaro.fr\/tag\/rassemblement-national\" target=\"_blank\" rel=\"sponsored noopener\" data-gtm-custom-categorie=\"navigation\" data-gtm-custom-action=\"crossclick\" data-gtm-custom-label=\"Contextuel\" data-gtm-event=\"customEventSPE\">parti nationaliste<\/a>\u00a0a obtenu une premi\u00e8re victoire qu\u2019il a qualifi\u00e9e d\u2019\u00abhistorique\u00bb avec l\u2019adoption \u00e0 une voix pr\u00e8s, gr\u00e2ce \u00e0 des suffrages de LR et d\u2019Horizons, de sa r\u00e9solution pour d\u00e9noncer cet accord. Dans la foul\u00e9e, le premier ministre S\u00e9bastien Lecornu a estim\u00e9 qu\u2019il fallait \u00abren\u00e9gocier\u00bb cet accord qui selon lui \u00abappartient \u00e0 une autre \u00e9poque\u00bb.<\/p>\n<p>                                    <a class=\"fig-a11y-skip a11y-hidden\" href=\"#fig-a11y-skip-main-inarticle\"><br \/>\n        Passer la publicit\u00e9<br \/>\n    <\/a><\/p>\n<p class=\"fig-paragraph\">Avec l\u2019Alg\u00e9rie, la France a \u00abune histoire douloureuse\u00bb, a analys\u00e9 Olivier Faure, pour qui \u00abon ne r\u00e9pare pas forc\u00e9ment l\u2019histoire en deux ans, en trois ans ou m\u00eame en 50 ans\u00bb. Il a rappel\u00e9 que le premier ministre avait \u00e9galement assur\u00e9 qu\u2019une telle d\u00e9nonciation ne devait pas d\u00e9grader les relations avec l\u2019Alg\u00e9rie \u00ab parce qu\u2019il y a des questions s\u00e9curitaires qui sont derri\u00e8re, sur le renseignement, sur la lutte contre le terrorisme\u00a0\u00bb.<\/p>\n<p>Un accord favorable pour l\u2019immigration alg\u00e9rienne<\/p>\n<p class=\"fig-paragraph\">Cet accord, sign\u00e9 six ans apr\u00e8s la fin de la guerre d\u2019Alg\u00e9rie, cr\u00e9e un r\u00e9gime d\u2019immigration favorable pour les Alg\u00e9riens, qui n\u2019ont pas besoin de visa sp\u00e9cifique pour rester plus de trois mois en France et acc\u00e8dent plus rapidement que les autres \u00e9trangers aux titres de s\u00e9jour pour 10 ans, y compris dans le cadre du regroupement familial. L\u2019acc\u00e8s est \u00ab facilit\u00e9\u00a0\u00bb car \u00ab au lieu d\u2019avoir cinq ans \u00e0 attendre, vous avez trois ans avant de pouvoir avoir un titre long s\u00e9jour\u00a0\u00bb, a insist\u00e9 le patron socialiste.<\/p>\n<p class=\"fig-paragraph\">\u00ab Ce n\u2019est pas parce que vous allez entraver la vie d\u2019un certain nombre de gens qui sont ressortissants alg\u00e9riens que vous allez forc\u00e9ment, dans le m\u00eame temps, faire en sorte que Christophe Gleizes et Boualem Sansal puissent revenir\u00a0\u00bb, a-t-il d\u00e9velopp\u00e9, en r\u00e9f\u00e9rence au journaliste fran\u00e7ais et \u00e0 l\u2019\u00e9crivain franco-alg\u00e9rien actuellement d\u00e9tenus en Alg\u00e9rie.<\/p>\n","protected":false},"excerpt":{"rendered":"Avec l\u2019Alg\u00e9rie, la France a \u00abune histoire douloureuse\u00bb, a analys\u00e9 Olivier Faure, \u00abon ne r\u00e9pare pas forc\u00e9ment l\u2019histoire&hellip;\n","protected":false},"author":2,"featured_media":502139,"comment_status":"","ping_status":"","sticky":false,"template":"","format":"standard","meta":{"footnotes":""},"categories":[4],"tags":[11,15,1011,27,12,4393,25,2848],"class_list":{"0":"post-502138","1":"post","2":"type-post","3":"status-publish","4":"format-standard","5":"has-post-thumbnail","7":"category-france","8":"tag-actualites","9":"tag-algerie","10":"tag-fr","11":"tag-france","12":"tag-news","13":"tag-olivier-faure","14":"tag-republique-francaise","15":"tag-rn"},"share_on_mastodon":{"url":"https:\/\/pubeurope.com\/@fr\/115468665119269981","error":""},"_links":{"self":[{"href":"https:\/\/www.europesays.com\/fr\/wp-json\/wp\/v2\/posts\/502138","targetHints":{"allow":["GET"]}}],"collection":[{"href":"https:\/\/www.europesays.com\/fr\/wp-json\/wp\/v2\/posts"}],"about":[{"href":"https:\/\/www.europesays.com\/fr\/wp-json\/wp\/v2\/types\/post"}],"author":[{"embeddable":true,"href":"https:\/\/www.europesays.com\/fr\/wp-json\/wp\/v2\/users\/2"}],"replies":[{"embeddable":true,"href":"https:\/\/www.europesays.com\/fr\/wp-json\/wp\/v2\/comments?post=502138"}],"version-history":[{"count":0,"href":"https:\/\/www.europesays.com\/fr\/wp-json\/wp\/v2\/posts\/502138\/revisions"}],"wp:featuredmedia":[{"embeddable":true,"href":"https:\/\/www.europesays.com\/fr\/wp-json\/wp\/v2\/media\/502139"}],"wp:attachment":[{"href":"https:\/\/www.europesays.com\/fr\/wp-json\/wp\/v2\/media?parent=502138"}],"wp:term":[{"taxonomy":"category","embeddable":true,"href":"https:\/\/www.europesays.com\/fr\/wp-json\/wp\/v2\/categories?post=502138"},{"taxonomy":"post_tag","embeddable":true,"href":"https:\/\/www.europesays.com\/fr\/wp-json\/wp\/v2\/tags?post=502138"}],"curies":[{"name":"wp","href":"https:\/\/api.w.org\/{rel}","templated":true}]}}