{"id":502155,"date":"2025-10-31T12:07:15","date_gmt":"2025-10-31T12:07:15","guid":{"rendered":"https:\/\/www.europesays.com\/fr\/502155\/"},"modified":"2025-10-31T12:07:15","modified_gmt":"2025-10-31T12:07:15","slug":"un-etablissement-ferme-trois-mois-par-le-prefet","status":"publish","type":"post","link":"https:\/\/www.europesays.com\/fr\/502155\/","title":{"rendered":"un \u00e9tablissement ferm\u00e9 trois mois par le pr\u00e9fet"},"content":{"rendered":"<p>\nUne nouvelle fermeture administrative a \u00e9t\u00e9 d\u00e9cid\u00e9e par le pr\u00e9fet \u00e0 Montpellier.<\/p>\n<p>\n\u00a9 Pr\u00e9fet de l\u2019H\u00e9rault \u2013 fermeture administrative de l\u2019\u00e9tablissement Les Pyramides \u00e0 Montpellier.<\/p>\n<p><a data-no-instant=\"1\" href=\"https:\/\/www.lunel.com\/2025\/09\/25\/flamenco-2025-une-cinquieme-edition-prometteuse\/\" rel=\"noopener\" class=\"a2t-link\" aria-label=\"3672-image\" target=\"_blank\"><img decoding=\"async\" loading=\"lazy\" src=\"https:\/\/www.europesays.com\/fr\/wp-content\/uploads\/2025\/10\/3672-image.jpg\" alt=\"\"   width=\"1220\" height=\"260\"\/><\/a><\/p>\n<p>Le <strong>pr\u00e9fet de l\u2019H\u00e9rault<\/strong>, Fran\u00e7ois-Xavier Lauch, a d\u00e9cid\u00e9 d\u2019une <strong>nouvelle fermeture administrative<\/strong> \u00e0 <a href=\"https:\/\/infoccitanie.fr\/tag\/montpellier\/\" target=\"_blank\" rel=\"noopener\">Montpellier<\/a>. En effet, l\u2019\u00e9tablissement <strong>Les Pyramides<\/strong>, situ\u00e9 rue de l\u2019Universit\u00e9 \u00e0 Montpellier, fait l\u2019objet d\u2019une fermeture administrative de <strong>trois mois<\/strong> en raison de l\u2019emploi d\u2019\u00e9trangers sans autorisation de travail et dissimulation d\u2019emploi salari\u00e9.<\/p>\n","protected":false},"excerpt":{"rendered":"Une nouvelle fermeture administrative a \u00e9t\u00e9 d\u00e9cid\u00e9e par le pr\u00e9fet \u00e0 Montpellier. \u00a9 Pr\u00e9fet de l\u2019H\u00e9rault \u2013 fermeture&hellip;\n","protected":false},"author":2,"featured_media":502156,"comment_status":"","ping_status":"","sticky":false,"template":"","format":"standard","meta":{"footnotes":""},"categories":[9599],"tags":[1111,11,1777,674,13624,1011,27,2208,12,2680,25],"class_list":{"0":"post-502155","1":"post","2":"type-post","3":"status-publish","4":"format-standard","5":"has-post-thumbnail","7":"category-montpellier","8":"tag-actu","9":"tag-actualites","10":"tag-eu","11":"tag-europe","12":"tag-fermeture-administrative","13":"tag-fr","14":"tag-france","15":"tag-montpellier","16":"tag-news","17":"tag-occitanie","18":"tag-republique-francaise"},"share_on_mastodon":{"url":"https:\/\/pubeurope.com\/@fr\/115468701109395801","error":""},"_links":{"self":[{"href":"https:\/\/www.europesays.com\/fr\/wp-json\/wp\/v2\/posts\/502155","targetHints":{"allow":["GET"]}}],"collection":[{"href":"https:\/\/www.europesays.com\/fr\/wp-json\/wp\/v2\/posts"}],"about":[{"href":"https:\/\/www.europesays.com\/fr\/wp-json\/wp\/v2\/types\/post"}],"author":[{"embeddable":true,"href":"https:\/\/www.europesays.com\/fr\/wp-json\/wp\/v2\/users\/2"}],"replies":[{"embeddable":true,"href":"https:\/\/www.europesays.com\/fr\/wp-json\/wp\/v2\/comments?post=502155"}],"version-history":[{"count":0,"href":"https:\/\/www.europesays.com\/fr\/wp-json\/wp\/v2\/posts\/502155\/revisions"}],"wp:featuredmedia":[{"embeddable":true,"href":"https:\/\/www.europesays.com\/fr\/wp-json\/wp\/v2\/media\/502156"}],"wp:attachment":[{"href":"https:\/\/www.europesays.com\/fr\/wp-json\/wp\/v2\/media?parent=502155"}],"wp:term":[{"taxonomy":"category","embeddable":true,"href":"https:\/\/www.europesays.com\/fr\/wp-json\/wp\/v2\/categories?post=502155"},{"taxonomy":"post_tag","embeddable":true,"href":"https:\/\/www.europesays.com\/fr\/wp-json\/wp\/v2\/tags?post=502155"}],"curies":[{"name":"wp","href":"https:\/\/api.w.org\/{rel}","templated":true}]}}