{"id":502157,"date":"2025-10-31T12:08:09","date_gmt":"2025-10-31T12:08:09","guid":{"rendered":"https:\/\/www.europesays.com\/fr\/502157\/"},"modified":"2025-10-31T12:08:09","modified_gmt":"2025-10-31T12:08:09","slug":"agressee-sexuellement-a-la-fac-une-etudiante-de-rouen-part-en-bataille-contre-luniversite","status":"publish","type":"post","link":"https:\/\/www.europesays.com\/fr\/502157\/","title":{"rendered":"Agress\u00e9e sexuellement \u00e0 la fac, une \u00e9tudiante de Rouen part en bataille contre l&rsquo;Universit\u00e9"},"content":{"rendered":"<p>            Par<br \/>\n        <strong><br \/>\n            <a href=\"https:\/\/actu.fr\/auteur\/adrien-filoche\" title=\"Consulter tous les articles de Adrien Filoche\" target=\"_blank\" rel=\"noopener\">Adrien Filoche<\/a><br \/>\n        <\/strong><\/p>\n<p>        Publi\u00e9 le<\/p>\n<p>            31 oct. 2025 \u00e0 12h02        <\/p>\n<p><strong>Elle souhaite \u00eatre \u00e9cout\u00e9e et soutenue.\u00a0<\/strong>Victime d\u2019une agression sexuelle en novembre\u00a02024 sur le campus de la <a href=\"https:\/\/actu.fr\/tag\/universite-de-rouen\" target=\"_blank\" rel=\"noopener\">facult\u00e9 Pasteur \u00e0 Rouen<\/a>, Laura* a b\u00e9n\u00e9fici\u00e9 en 2024 d\u2019un am\u00e9nagement exceptionnel lui permettant de <strong>passer ses examens \u00e0 distance,<\/strong> depuis son domicile. \u00ab\u2009C\u2019est devenu pour moi insupportable de me rendre \u00e0 l\u2019universit\u00e9\u2009\u00bb, raconte l\u2019\u00e9tudiante aupr\u00e8s de 76actu. Malgr\u00e9 des attestations de son m\u00e9decin, cet am\u00e9nagement n\u2019a pas \u00e9t\u00e9 reconduit pour l\u2019ann\u00e9e scolaire 2025\/2026, ce qui plonge la jeune femme dans l\u2019incertitude totale vis-\u00e0-vis de son <a href=\"https:\/\/actu.fr\/tag\/etudiantses\" target=\"_blank\" rel=\"noopener\">ann\u00e9e universitaire<\/a>. Depuis, Laura cherche gain de cause et accuse l\u2019Universit\u00e9 d\u2019un \u00ab\u2009harc\u00e8lement institutionnel\u2009\u00bb.<\/p>\n<p>\u00ab\u2009Il a essay\u00e9 de m\u2019embrasser\u2009\u00bb<\/p>\n<p class=\" wall-content\"><strong>Le 15\u00a0novembre 2024 restera grav\u00e9 dans sa m\u00e9moire.<\/strong> Ce jour-l\u00e0, Laura a \u00e9t\u00e9 victime d\u2019une agression sexuelle sur le campus de la facult\u00e9 Pasteur. Arriv\u00e9e en avance ce matin, l\u2019\u00e9tudiante se trouvait au niveau de l\u2019accueil lorsqu\u2019un agent de s\u00e9curit\u00e9 a commenc\u00e9 \u00e0 lui faire des signes, l\u2019invitant \u00e0 la rejoindre. \u00ab\u2009Au d\u00e9but, je n\u2019avais pas compris qu\u2019il s\u2019adressait \u00e0 moi\u2009\u00bb, explique-t-elle aupr\u00e8s de 76actu.<\/p>\n<p class=\" wall-content\">Peu apr\u00e8s, l\u2019agent l\u2019invite \u00e0 le suivre. \u00ab\u2009De par sa fonction, je me suis sentie oblig\u00e9e d\u2019y aller\u2009\u00bb, poursuit la jeune femme. Elle raconte alors que l\u2019homme l\u2019a amen\u00e9e dans une pi\u00e8ce isol\u00e9e en passant par une porte badg\u00e9e. C\u2019est \u00e0 ce moment-l\u00e0 qu\u2019il a tent\u00e9 de l\u2019agresser.<\/p>\n<blockquote class=\"ac-article-quote wall-content\">\n<p>Il a essay\u00e9 de m&#8217;embrasser. Il m&rsquo;a saisie les poignets. Il y a eu des attouchements.<\/p>\n<p>    <strong>Laura<\/strong>\n            <\/p><\/blockquote>\n<p class=\" wall-content\">\u00ab\u2009Sous l\u2019adr\u00e9naline, j\u2019ai r\u00e9ussi \u00e0 me d\u00e9fendre\u2009\u00bb, souligne Laura, qui indique avoir profit\u00e9 de ses comp\u00e9tences en sport de combat. \u00ab\u2009C\u2019est certain que \u00e7a m\u2019a aid\u00e9. Si je ne m\u2019\u00e9tais pas d\u00e9fendu, il y aurait eu un viol.\u2009\u00bb<\/p>\n<p class=\" wall-content\">Elle parvient alors \u00e0 s\u2019extirper de la tenaille de son agresseur. \u00ab\u2009Je n\u2019allais pas bien, mais j\u2019\u00e9tais tellement stup\u00e9faite que j\u2019ai absorb\u00e9 le choc\u2009\u00bb, explique l\u2019\u00e9tudiante qui est retourn\u00e9e en cours apr\u00e8s les faits. C\u2019est v\u00e9ritablement le soir, en rentrant chez elle, qu\u2019elle se rend compte de ce qu\u2019elle a v\u00e9cu.<\/p>\n<p>Une plainte d\u00e9pos\u00e9e<\/p>\n<p class=\" wall-content\">Le lundi suivant, elle recroise son agresseur \u00e0 la fac. \u00ab\u2009Je me suis cach\u00e9e dans les toilettes, je n\u2019\u00e9tais vraiment pas bien.\u2009\u00bb Le 19 novembre 2024, Laura d\u00e9cide de d\u00e9poser plainte aupr\u00e8s de la gendarmerie. \u00c0 ce stade, la proc\u00e9dure judiciaire suit son cours.<\/p>\n<p>Votre r\u00e9gion, votre actu !<\/p>\n<p>Recevez chaque jour les infos qui comptent pour vous.<\/p>\n<p>\t<a href=\"https:\/\/actu.fr\/newsletter\" class=\"ac-btn ac-btn--corner ac-btn--medium ac-btn--blue800\" target=\"_blank\" rel=\"noopener\">S&rsquo;incrire<\/a><\/p>\n<p class=\" wall-content\">Elle se rapproche \u00e9galement de la cellule de veille contre le harc\u00e8lement sexuel de l\u2019Universit\u00e9.<\/p>\n<blockquote class=\"ac-article-quote wall-content\">\n<p>J&rsquo;ai consult\u00e9 un m\u00e9decin qui a attest\u00e9 qu&rsquo;il \u00e9tait impossible que je reprenne les cours \u00e0 la fac.<\/p>\n<p>    <strong>Laura<\/strong>\n            <\/p><\/blockquote>\n<p class=\" wall-content\">De son c\u00f4t\u00e9, l\u2019Universit\u00e9 de Rouen explique avoir \u00ab\u2009imm\u00e9diatement r\u00e9agi en prenant des mesures conservatoires. L\u2019agresseur pr\u00e9sum\u00e9 n\u2019exerce plus ses fonctions sur nos campus\u2009\u00bb. De plus, au vu de sa situation, un am\u00e9nagement exceptionnel est mis en place pour l\u2019ann\u00e9e scolaire 2024\/2025, permettant \u00e0 Laura de passer ses examens \u00e0 domicile. L\u2019ann\u00e9e scolaire 2024\/2025 se termine.<\/p>\n<p class=\" wall-content\">Vient la rentr\u00e9e 2025. Toujours tr\u00e8s fragilis\u00e9e et sous traitement, Laura fait une nouvelle fois la demande d\u2019un am\u00e9nagement \u00e0 distance. Mais les \u00e9changes avec l\u2019Universit\u00e9 ne prennent pas la tournure esp\u00e9r\u00e9e.<\/p>\n<blockquote class=\"ac-article-quote wall-content\">\n<p>Pour l\u2019ann\u00e9e universitaire 2025\/2026, cette \u00e9tudiante a demand\u00e9 un renouvellement d\u2019am\u00e9nagement de ses examens. Plusieurs am\u00e9nagements lui ont \u00e9t\u00e9 accord\u00e9s : temps major\u00e9, pause et dispense d\u2019assiduit\u00e9. Seule sa demande concernant la passation d\u2019examens \u00e0 domicile n\u2019a, en revanche, pas pu lui \u00eatre accord\u00e9e, cet am\u00e9nagement lui ayant \u00e9t\u00e9 propos\u00e9 \u00e0 titre exceptionnel et ne constituant pas un am\u00e9nagement de droit.<\/p>\n<p>    <strong>Universit\u00e9 de Rouen<\/strong>\n            <\/p><\/blockquote>\n<p class=\" wall-content\">M\u00e9contente et l\u00e9s\u00e9e, Laura estime avoir \u00e9t\u00e9 victime d\u2019une expulsion p\u00e9dagogique indirecte et juge que le dialogue est rompu avec l\u2019administration.<\/p>\n<p>\u00ab\u2009C\u2019est un r\u00e9el besoin m\u00e9dical\u2009\u00bb<\/p>\n<p class=\" wall-content\">Malgr\u00e9 la pr\u00e9sentation d\u2019un certificat m\u00e9dical de son m\u00e9decin, qui atteste qu\u2019elle\u00a0pr\u00e9sente un<strong> trouble anxieux g\u00e9n\u00e9ralis\u00e9<\/strong> et souffre d\u2019un <strong>syndrome post-traumatique<\/strong> \u00ab\u00a0li\u00e9 \u00e0 l\u2019environnement de sa facult\u00e9\u00a0\u00bb, l\u2019am\u00e9nagement sp\u00e9cifique de 2024 n\u2019est pas reconduit.<\/p>\n<p class=\" wall-content\">L\u2019Universit\u00e9 lui soumet l\u2019alternative de passer ses examens sur un autre campus. Mais l\u2019\u00e9tudiante rejette\u2009: \u00ab\u2009J\u2019ai d\u00e9velopp\u00e9 une phobie de l\u2019universit\u00e9. Me rendre dans un autre campus, ce n\u2019est pas possible \u00bb.<\/p>\n<p class=\" wall-content\">Face au mur auquel se heurte Laura, le syndicat l\u2019Union \u00c9tudiante s\u2019est empar\u00e9 du dossier. En octobre 2025, des rassemblements ont eu lieu devant la facult\u00e9 pour alerter sur l\u2019urgence de la situation. Des \u00e9tudiants ont \u00e9galement menac\u00e9 de bloquer un examen.<\/p>\n<p class=\" wall-content\">Lucie, repr\u00e9sentante de l\u2019Union \u00c9tudiante, pointe par ailleurs le manque de transparence de l\u2019Universit\u00e9, estimant que l\u2019administration n\u2019a pas communiqu\u00e9 clairement au moment de l\u2019agression de Laura\u2009: \u00ab\u2009On n\u2019a jamais \u00e9t\u00e9 pr\u00e9venu qu\u2019un agent de s\u00e9curit\u00e9 avait agress\u00e9 une \u00e9tudiante\u2009\u00bb.<\/p>\n<p class=\" wall-content\">Aujourd\u2019hui,<strong> la situation scolaire de Laura reste plong\u00e9e dans le flou.<\/strong> L\u2019\u00e9tudiante conclut\u2009: \u00ab\u2009Je suis suivi par un m\u00e9decin et une psychoth\u00e9rapeute. Ce sont eux qui me disent que c\u2019est le mieux pour moi de passer mes examens \u00e0 distance, chez moi. Ce n\u2019est pas une demande que je fais par confort. C\u2019est un r\u00e9el besoin m\u00e9dical pour ma sant\u00e9\u2009\u00bb.<\/p>\n<p>Suivez l\u2019actualit\u00e9 de Rouen sur <a href=\"https:\/\/www.whatsapp.com\/channel\/0029VaKfnf99hXF2ddApFB1D\" target=\"_blank\" rel=\"noopener\">notre cha\u00eene WhatsApp<\/a> et sur <a href=\"https:\/\/www.tiktok.com\/@76actu.fr?lang=fr\" target=\"_blank\" rel=\"noopener\">notre compte TikTok<\/a><\/p>\n<p class=\" wall-content\">*pr\u00e9nom d\u2019emprunt<\/p>\n<p class=\" wall-content\">Personnalisez votre actualit\u00e9 en ajoutant vos villes et m\u00e9dias en favori avec <a href=\"https:\/\/moncompte.actu.fr\" title=\"D\u00e9couvez Mon Actu\" rel=\"nofollow noopener\" data-trk=\"{&quot;cta&quot;:{&quot;action&quot;:&quot;https:\\\/\\\/moncompte.actu.fr&quot;,&quot;category&quot;:&quot;mon compte&quot;,&quot;from&quot;:&quot;article footer&quot;,&quot;name&quot;:&quot;Mon actu&quot;,&quot;type&quot;:&quot;cta&quot;}}\" target=\"_blank\">Mon Actu<\/a>.<\/p>\n<p>                    <script async src=\"\/\/www.tiktok.com\/embed.js\"><\/script><\/p>\n","protected":false},"excerpt":{"rendered":"Par Adrien Filoche Publi\u00e9 le 31 oct. 2025 \u00e0 12h02 Elle souhaite \u00eatre \u00e9cout\u00e9e et soutenue.\u00a0Victime d\u2019une agression&hellip;\n","protected":false},"author":2,"featured_media":502158,"comment_status":"","ping_status":"","sticky":false,"template":"","format":"standard","meta":{"footnotes":""},"categories":[9587],"tags":[1111,11,1777,674,1011,27,12,5161,25,9590,104,240,18094,799],"class_list":{"0":"post-502157","1":"post","2":"type-post","3":"status-publish","4":"format-standard","5":"has-post-thumbnail","7":"category-rouen","8":"tag-actu","9":"tag-actualites","10":"tag-eu","11":"tag-europe","12":"tag-fr","13":"tag-france","14":"tag-news","15":"tag-normandie","16":"tag-republique-francaise","17":"tag-rouen","18":"tag-societe","19":"tag-temoignage","20":"tag-universite-de-rouen","21":"tag-violences-sexuelles"},"share_on_mastodon":{"url":"https:\/\/pubeurope.com\/@fr\/115468704444407826","error":""},"_links":{"self":[{"href":"https:\/\/www.europesays.com\/fr\/wp-json\/wp\/v2\/posts\/502157","targetHints":{"allow":["GET"]}}],"collection":[{"href":"https:\/\/www.europesays.com\/fr\/wp-json\/wp\/v2\/posts"}],"about":[{"href":"https:\/\/www.europesays.com\/fr\/wp-json\/wp\/v2\/types\/post"}],"author":[{"embeddable":true,"href":"https:\/\/www.europesays.com\/fr\/wp-json\/wp\/v2\/users\/2"}],"replies":[{"embeddable":true,"href":"https:\/\/www.europesays.com\/fr\/wp-json\/wp\/v2\/comments?post=502157"}],"version-history":[{"count":0,"href":"https:\/\/www.europesays.com\/fr\/wp-json\/wp\/v2\/posts\/502157\/revisions"}],"wp:featuredmedia":[{"embeddable":true,"href":"https:\/\/www.europesays.com\/fr\/wp-json\/wp\/v2\/media\/502158"}],"wp:attachment":[{"href":"https:\/\/www.europesays.com\/fr\/wp-json\/wp\/v2\/media?parent=502157"}],"wp:term":[{"taxonomy":"category","embeddable":true,"href":"https:\/\/www.europesays.com\/fr\/wp-json\/wp\/v2\/categories?post=502157"},{"taxonomy":"post_tag","embeddable":true,"href":"https:\/\/www.europesays.com\/fr\/wp-json\/wp\/v2\/tags?post=502157"}],"curies":[{"name":"wp","href":"https:\/\/api.w.org\/{rel}","templated":true}]}}