{"id":50217,"date":"2025-04-24T22:10:19","date_gmt":"2025-04-24T22:10:19","guid":{"rendered":"https:\/\/www.europesays.com\/fr\/50217\/"},"modified":"2025-04-24T22:10:19","modified_gmt":"2025-04-24T22:10:19","slug":"laura-felpin-raconte-la-reaction-tres-surprenante-dhakim-jemili-lorsquelle-lui-a-annonce-etre-atteinte-dun-cancer","status":"publish","type":"post","link":"https:\/\/www.europesays.com\/fr\/50217\/","title":{"rendered":"Laura Felpin raconte la r\u00e9action tr\u00e8s surprenante d&rsquo;Hakim Jemili lorsqu&rsquo;elle lui a annonc\u00e9 \u00eatre atteinte d&rsquo;un cancer"},"content":{"rendered":"<p>Il y a quelques semaines, Laura Felpin avait r\u00e9v\u00e9l\u00e9 <a href=\"https:\/\/www.programme-tv.net\/news\/people\/377004-il-ny-a-rien-qui-me-bouleverse-plus-laura-felpin-en-radiotherapie-elle-partage-un-moment-bouleversant\/\" data-api-deeplink=\"teleloisirs:\/\/news\/377004\" target=\"_blank\" rel=\"noopener\">\u00eatre atteinte d&rsquo;un cancer de la thyro\u00efde<\/a> dans les colonnes de GQ. Actuellement en promotion du film <a href=\"https:\/\/www.programme-tv.net\/news\/cinema\/369152-festival-de-l-alpe-d-huez-2025-laura-felpin-et-hakim-jemili-genial-duo-du-premier-gros-coup-de-coeur-avec-l-amour-c-est-surcote\/\" data-api-deeplink=\"teleloisirs:\/\/news\/369152\" target=\"_blank\" rel=\"noopener\">L&rsquo;amour c&rsquo;est surcot\u00e9<\/a> de Mourad Winter, aux c\u00f4t\u00e9s d&rsquo;Hakim Jemili, le duo a r\u00e9pondu aux questions BFF de <a href=\"https:\/\/www.youtube.com\/watch?v=mhdUhm75kAI\" target=\"_blank\" rel=\"noopener\">Konbini<\/a>. L&rsquo;actrice de 35 ans est revenue sur le jour o\u00f9 elle a appris le diagnostic et a notamment r\u00e9v\u00e9l\u00e9 la r\u00e9action folle de son partenaire de jeu face \u00e0 cette annonce. L&rsquo;\u00e9poux de l&rsquo;humoriste Fadily Camara a d\u00fb se faire pardonner\u2026<\/p>\n<p>Laura Felpin raconte la r\u00e9action d&rsquo;Hakim Jemili lorsqu&rsquo;elle lui a annonc\u00e9 \u00eatre atteinte d&rsquo;un cancer de la thyro\u00efde<\/p>\n<p>Devant la cam\u00e9ra de Konbini, le duo devait r\u00e9pondre \u00e0 la question : \u00ab\u00a0Qui est le plus romantique ?\u00a0\u00bb. Si Laura Felpin a r\u00e9pondu \u00ab\u00a0\u00c9galit\u00e9\u00a0\u00bb, Hakim Jemili a \u00e9crit sur sa tablette \u00ab\u00a0Moi\u00a0\u00bb, ce qui n&rsquo;a pas plu \u00e0 l&rsquo;actrice. \u00ab\u00a0N&rsquo;importe quoi ! Tu ne retiens jamais rien\u00a0\u00bb, a-t-elle lanc\u00e9. \u00ab\u00a0Je ne t&rsquo;ai pas envoy\u00e9 des fleurs avec un joli mot, il n&rsquo;y a pas longtemps\u00a0\u00bb, a-t-il r\u00e9torqu\u00e9. \u00ab\u00a0On t&rsquo;a forc\u00e9, parce que tu avais abus\u00e9, parce que j&rsquo;avais un cancer, tu ne vas pas encore me dire\u2026\u00a0\u00bb, a d\u00e9clar\u00e9 Laura Felpin avant de raconter la r\u00e9action folle de l&rsquo;acteur de 35 ans lorsqu&rsquo;elle lui a annonc\u00e9 \u00eatre <a href=\"https:\/\/www.programme-tv.net\/news\/people\/377273-elle-vit-des-moments-tres-difficiles-hakim-jemili-donne-des-nouvelles-de-laura-felpin-atteinte-d-un-cancer\/\" data-api-deeplink=\"teleloisirs:\/\/news\/377273\" target=\"_blank\" rel=\"noopener\">atteinte d&rsquo;un cancer de la thyro\u00efde<\/a> : \u00ab\u00a0Tu sais ce qui m&rsquo;a fait ce zinzin ! J&rsquo;apprends le diagnostic, il commence \u00e0 me casser la t\u00eate &lsquo;tu ne r\u00e9ponds jamais, on ne peut jamais te parler&rsquo;. (&#8230;) je lui dis &lsquo;je te r\u00e9ponds plus tard&rsquo;, il me dit &lsquo;oui, c&rsquo;est \u00e7a&rsquo; et l\u00e0, je dis &lsquo;\u00e9coute en fait, j&rsquo;ai appris que j&rsquo;avais un cancer, maintenant calme-toi&rsquo;. <b>Tu crois qu&rsquo;il va me r\u00e9pondre &lsquo;oh la la, je suis d\u00e9sol\u00e9, j&rsquo;esp\u00e8re que \u00e7a va aller&rsquo;, il me dit : &lsquo;bah put*n, j&rsquo;esp\u00e8re que tu ne vas pas mourir'\u00a0\u00bb<\/b>.<\/p>\n<p>                        Laura Felpin et Hakim Jemili se chamaillent : \u00ab\u00a0Je fais \u00e9couter cette note vocale, tu es mal !\u00a0\u00bb<\/p>\n<p>Laura Felpin a ensuite expliqu\u00e9 qu&rsquo;Hakim Jemili lui a envoy\u00e9 un bouquet de fleurs pour se faire pardonner. \u00ab\u00a0&lsquo;J&rsquo;esp\u00e8re que tu ne vas pas mourir&rsquo;, c&rsquo;est extraordinaire de dire \u00e7a \u00e0 quelqu&rsquo;un\u00a0\u00bb, a lanc\u00e9 l&rsquo;acteur. \u00ab\u00a0Non, tu n&rsquo;as pas dit \u00e7a comme \u00e7a. Tu as dit &lsquo;Eh bah dis donc, super, sublime, excellent (&#8230;) j&rsquo;esp\u00e8re que tu ne vas pas mourir dis donc, c&rsquo;est un peu chaud'\u00a0\u00bb, a exprim\u00e9 \u00e0 son tour la com\u00e9dienne. \u00ab\u00a0Elle abuse !\u00a0\u00bb, a r\u00e9torqu\u00e9 l&rsquo;\u00e9poux de Fadily Camara. <b>\u00ab\u00a0Mon t\u00e9l\u00e9phone, il est l\u00e0 ! Je fais \u00e9couter cette note vocale, tu es mal carr\u00e9ment !\u00a0\u00bb<\/b>, a conclu Laura Felpin.<\/p>\n","protected":false},"excerpt":{"rendered":"Il y a quelques semaines, Laura Felpin avait r\u00e9v\u00e9l\u00e9 \u00eatre atteinte d&rsquo;un cancer de la thyro\u00efde dans les&hellip;\n","protected":false},"author":2,"featured_media":50218,"comment_status":"","ping_status":"","sticky":false,"template":"","format":"standard","meta":{"footnotes":""},"categories":[1359],"tags":[101,244,58,59,1011,27,12841,12837,973,1630],"class_list":{"0":"post-50217","1":"post","2":"type-post","3":"status-publish","4":"format-standard","5":"has-post-thumbnail","7":"category-people","8":"tag-cancer","9":"tag-commentaire","10":"tag-divertissement","11":"tag-entertainment","12":"tag-fr","13":"tag-france","14":"tag-hakim-jemili","15":"tag-laura-felpin","16":"tag-people","17":"tag-zapping"},"share_on_mastodon":{"url":"https:\/\/pubeurope.com\/@fr\/114395232588982619","error":""},"_links":{"self":[{"href":"https:\/\/www.europesays.com\/fr\/wp-json\/wp\/v2\/posts\/50217","targetHints":{"allow":["GET"]}}],"collection":[{"href":"https:\/\/www.europesays.com\/fr\/wp-json\/wp\/v2\/posts"}],"about":[{"href":"https:\/\/www.europesays.com\/fr\/wp-json\/wp\/v2\/types\/post"}],"author":[{"embeddable":true,"href":"https:\/\/www.europesays.com\/fr\/wp-json\/wp\/v2\/users\/2"}],"replies":[{"embeddable":true,"href":"https:\/\/www.europesays.com\/fr\/wp-json\/wp\/v2\/comments?post=50217"}],"version-history":[{"count":0,"href":"https:\/\/www.europesays.com\/fr\/wp-json\/wp\/v2\/posts\/50217\/revisions"}],"wp:featuredmedia":[{"embeddable":true,"href":"https:\/\/www.europesays.com\/fr\/wp-json\/wp\/v2\/media\/50218"}],"wp:attachment":[{"href":"https:\/\/www.europesays.com\/fr\/wp-json\/wp\/v2\/media?parent=50217"}],"wp:term":[{"taxonomy":"category","embeddable":true,"href":"https:\/\/www.europesays.com\/fr\/wp-json\/wp\/v2\/categories?post=50217"},{"taxonomy":"post_tag","embeddable":true,"href":"https:\/\/www.europesays.com\/fr\/wp-json\/wp\/v2\/tags?post=50217"}],"curies":[{"name":"wp","href":"https:\/\/api.w.org\/{rel}","templated":true}]}}