{"id":502174,"date":"2025-10-31T12:17:16","date_gmt":"2025-10-31T12:17:16","guid":{"rendered":"https:\/\/www.europesays.com\/fr\/502174\/"},"modified":"2025-10-31T12:17:16","modified_gmt":"2025-10-31T12:17:16","slug":"65-de-la-reconstruction-achevee-mais-des-chantiers-majeurs-de-la-metropole-de-nice-toujours-en-attente","status":"publish","type":"post","link":"https:\/\/www.europesays.com\/fr\/502174\/","title":{"rendered":"65% de la reconstruction achev\u00e9e mais des chantiers majeurs de la m\u00e9tropole de Nice toujours en attente"},"content":{"rendered":"<p>\n    La pr\u00e9fecture des Alpes-Maritimes a list\u00e9 l\u2019avancement des travaux dans les vall\u00e9es sinistr\u00e9es par les temp\u00eates Alex et Aline.<\/p>\n<p class=\"fig-paragraph\">L\u2019arri\u00e8re-pays ni\u00e7ois continue de panser ses plaies cinq ans apr\u00e8s le passage d\u00e9vastateur de\u00a0<a href=\"http:\/\/www.lefigaro.fr\/nice\/cinq-ans-apres-la-devastatrice-tempete-alex-les-vallees-des-alpes-maritimes-en-quete-de-resilience-20251003\" data-fig-type=\"NewsFlash\" data-gtm-custom-categorie=\"navigation\" data-gtm-custom-action=\"crossclick\" data-gtm-custom-label=\"Contextuel\" data-gtm-event=\"customEventSPE\" data-fig-domain=\"LEFIGARO\" rel=\"nofollow noopener\" target=\"_blank\">la temp\u00eate Alex<\/a>\u00a0et deux ans apr\u00e8s celui de\u00a0<a href=\"http:\/\/www.lefigaro.fr\/nice\/trois-jours-apres-le-passage-de-la-tempete-aline-dans-la-vesubie-le-village-de-venanson-toujours-coupe-du-monde-20231023\" data-fig-type=\"NewsFlash\" data-gtm-custom-categorie=\"navigation\" data-gtm-custom-action=\"crossclick\" data-gtm-custom-label=\"Contextuel\" data-gtm-event=\"customEventSPE\" data-fig-domain=\"LEFIGARO\" rel=\"nofollow noopener\" target=\"_blank\">la d\u00e9pression Aline<\/a>, qui avait engendr\u00e9 de nouveaux d\u00e9g\u00e2ts. Dans un point d\u2019avancement des travaux, la pr\u00e9fecture des Alpes-Maritimes r\u00e9v\u00e8le que 83 des 126 op\u00e9rations lanc\u00e9es sont termin\u00e9es, soit plus de la moiti\u00e9 (65%). Cela correspond \u00e0 21 chantiers suppl\u00e9mentaires boucl\u00e9s\u00a0<a href=\"http:\/\/www.lefigaro.fr\/nice\/quatre-ans-apres-la-tempete-alex-la-moitie-des-travaux-de-reconstruction-acheves-20241024\" data-fig-type=\"NewsFlash\" data-gtm-custom-categorie=\"navigation\" data-gtm-custom-action=\"crossclick\" data-gtm-custom-label=\"Contextuel\" data-gtm-event=\"customEventSPE\" data-fig-domain=\"LEFIGARO\" rel=\"nofollow noopener\" target=\"_blank\">par rapport \u00e0 l\u2019ann\u00e9e derni\u00e8re<\/a>, pr\u00e9cisent encore les services de l\u2019\u00c9tat.<\/p>\n<p class=\"fig-paragraph\">Sur les 43 op\u00e9rations restantes, 26 sont en cours mais 17 n\u2019ont pas encore d\u00e9marr\u00e9, rel\u00e8ve n\u00e9anmoins la pr\u00e9fecture. Dans un tableau partag\u00e9 \u00e0 la presse et listant pr\u00e9cis\u00e9ment tous les chantiers, on peut noter que 14 de ces travaux qui n\u2019ont pas commenc\u00e9 concernent la m\u00e9tropole de Nice-C\u00f4te d\u2019Azur ou sa r\u00e9gie des eaux.<\/p>\n<p>                                    <a class=\"fig-a11y-skip a11y-hidden\" href=\"#fig-a11y-skip-main-inarticle\"><br \/>\n        Passer la publicit\u00e9<br \/>\n    <\/a><\/p>\n<p class=\"fig-paragraph\">Il faut dire que la collectivit\u00e9, dirig\u00e9e par\u00a0<a href=\"http:\/\/www.lefigaro.fr\/nice\/a-nice-estrosi-et-dupond-moretti-s-echarpent-dans-un-celebre-restaurant-20251029\" data-fig-type=\"NewsFlash\" data-gtm-custom-categorie=\"navigation\" data-gtm-custom-action=\"crossclick\" data-gtm-custom-label=\"Contextuel\" data-gtm-event=\"customEventSPE\" data-fig-domain=\"LEFIGARO\" rel=\"nofollow noopener\" target=\"_blank\">Christian Estrosi (Horizons)<\/a>, reste\u00a0<a href=\"http:\/\/www.lefigaro.fr\/nice\/affaires-des-chantiers-post-tempete-alex-les-21-gardes-a-vue-levees-aucune-poursuite-a-ce-stade-20240315\" data-fig-type=\"NewsFlash\" data-gtm-custom-categorie=\"navigation\" data-gtm-custom-action=\"crossclick\" data-gtm-custom-label=\"Contextuel\" data-gtm-event=\"customEventSPE\" data-fig-domain=\"LEFIGARO\" rel=\"nofollow noopener\" target=\"_blank\">englu\u00e9e dans une affaire<\/a>\u00a0concernant des soup\u00e7ons de malversations financi\u00e8res. Une information judiciaire a \u00e9t\u00e9 ouverte par le parquet de Marseille pour, entre autres, \u00abescroquerie en bande organis\u00e9e\u00bb, \u00abd\u00e9tournement de fonds publics\u00bb et \u00abblanchiment\u00bb, en lien avec la gestion de ces chantiers de reconstruction dans les vall\u00e9es ni\u00e7oises. Une vingtaine de personnes avaient m\u00eame \u00e9t\u00e9 plac\u00e9es en garde \u00e0 vue et les enqu\u00eateurs avaient \u00e9galement fait d\u2019importantes saisies.<\/p>\n<p>Affaire et expertise judiciaire<\/p>\n<p class=\"fig-paragraph\">Cela a bien pu ralentir l\u2019avanc\u00e9e de certaines r\u00e9alisations d\u2019envergure dans la V\u00e9subie, \u00e0 l\u2019instar de constructions de routes, sur fond d\u2019all\u00e9gations de surfacturations et de malfa\u00e7ons. La route de la Madone de Fenestre est devenue le symbole des difficult\u00e9s rencontr\u00e9es en lien avec l\u2019affaire judiciaire\u00a0: une\u00a0<a href=\"http:\/\/www.lefigaro.fr\/nice\/affaire-des-chantiers-de-la-tempete-alex-surfacturation-ou-malfacons-la-justice-ordonne-une-nouvelle-expertise-20250514\" data-fig-type=\"NewsFlash\" data-gtm-custom-categorie=\"navigation\" data-gtm-custom-action=\"crossclick\" data-gtm-custom-label=\"Contextuel\" data-gtm-event=\"customEventSPE\" data-fig-domain=\"LEFIGARO\" rel=\"nofollow noopener\" target=\"_blank\">nouvelle expertise<\/a>\u00a0a d\u2019ailleurs \u00e9t\u00e9 ordonn\u00e9e cette fois par le tribunal administratif de Nice apr\u00e8s deux rapports contradictoires, l\u2019un pointant la gestion par un syst\u00e8me de \u00abbons\u00bb de commande de la m\u00e9tropole, l\u2019autre en ciblant les entreprises missionn\u00e9es.<\/p>\n<p class=\"fig-body-link\">\n            \u00c0 lire aussi<br \/>\n        <a class=\"fig-body-link__link\" href=\"http:\/\/www.lefigaro.fr\/nice\/affaire-des-chantiers-de-la-tempete-alex-surfacturation-ou-malfacons-la-justice-ordonne-une-nouvelle-expertise-20250514\" data-fig-type=\"NewsFlash\" data-gtm-custom-categorie=\"navigation\" data-gtm-custom-action=\"crossclick\" data-gtm-custom-label=\"Contextuel\" data-gtm-event=\"customEventSPE\" data-fig-domain=\"LEFIGARO\" rel=\"nofollow noopener\" target=\"_blank\"><\/p>\n<p>        Affaire des chantiers de la temp\u00eate Alex\u00a0: surfacturation ou malfa\u00e7ons, une expertise judiciaire toujours en cours<br \/>\n    <\/a>\n<\/p>\n<p class=\"fig-paragraph\">Des mesures de \u00absimplification administrative\u00bb avec une \u00abreconnaissance du caract\u00e8re d\u2019urgence\u00bb ont \u00e9t\u00e9 prises par l\u2019\u00c9tat afin d\u2019acc\u00e9l\u00e9rer cette reconstruction de ces vall\u00e9es sinistr\u00e9es qui restent toujours sous la menace d\u2019\u00e9v\u00e9nements climatiques d\u2019ampleur. Lors de la temp\u00eate Alex en octobre 2020, 18 personnes avaient perdu la vie.<\/p>\n<p class=\"fig-paragraph\">Ce sont donc \u00ab26 r\u00e9unions de suivi de l\u2019avancement des travaux qui ont \u00e9t\u00e9 organis\u00e9es par les services de l\u2019\u00c9tat depuis la temp\u00eate Aline (octobre 2023), en pr\u00e9sence de l\u2019ensemble des ma\u00eetres d\u2019ouvrage concern\u00e9s\u00bb, rappelle la pr\u00e9fecture des Alpes-Maritimes. L\u2019objectif\u00a0? \u00abIdentifier et lever les points de blocage techniques ou administratifs\u00bb, souligne l\u2019institution, afin de \u00abpr\u00e9ciser le calendrier\u00bb. Les collectivit\u00e9s telles la m\u00e9tropole de Nice-C\u00f4te d\u2019Azur, le conseil d\u00e9partemental ou la communaut\u00e9 d\u2019agglom\u00e9ration de la Riviera fran\u00e7aise, mais aussi EDF et la SNCF, sont charg\u00e9es des missions de reconstruction.<\/p>\n<p>Ouvrages provisoires \u00abplus r\u00e9silients\u00bb<\/p>\n<p class=\"fig-paragraph\">Concernant la route du Vernet, les travaux sont ainsi pr\u00e9vus \u00aben deux phases\u00bb par la m\u00e9tropole et dureront au moins jusqu\u2019\u00e0 2028. Idem pour le d\u00e9senclavement d\u2019un quartier du village de Saint-Martin-V\u00e9subie, o\u00f9 des \u00e9tudes sont \u00aben cours\u00bb tandis que les premi\u00e8res op\u00e9rations de chantier ne sont pas pr\u00e9vues pas avant 2027. Des appels d\u2019offres ont encore \u00e9t\u00e9 relanc\u00e9s pour les ponts de Venanson et Ma\u00efssa. Concernant l\u2019ouvrage dit \u00abdes trois points\u00bb, l\u00e0 encore, les travaux sont programm\u00e9s en 2028.<\/p>\n<p>                                    <a class=\"fig-a11y-skip a11y-hidden\" href=\"#fig-a11y-skip-main-inarticle_mtf\"><br \/>\n        Passer la publicit\u00e9<br \/>\n    <\/a><\/p>\n<p class=\"fig-paragraph\">\u00abLa reconstruction des vall\u00e9es se poursuit et progresse\u00bb, a r\u00e9sum\u00e9\u00a0<a href=\"http:\/\/www.lefigaro.fr\/nice\/je-serai-un-prefet-impartial-dans-les-alpes-maritimes-laurent-hottiaux-vise-l-ordre-et-l-unite-20250520\" data-fig-type=\"NewsFlash\" data-gtm-custom-categorie=\"navigation\" data-gtm-custom-action=\"crossclick\" data-gtm-custom-label=\"Contextuel\" data-gtm-event=\"customEventSPE\" data-fig-domain=\"LEFIGARO\" rel=\"nofollow noopener\" target=\"_blank\">le pr\u00e9fet Laurent Hottiaux<\/a>. \u00abDes ouvrages provisoires plus r\u00e9silients ont \u00e9t\u00e9 r\u00e9alis\u00e9s\u00bb, souligne-t-il aussi, en assurant une \u00abmobilisation collective\u00bb. Pr\u00e8s de 40 projets sont aussi soutenus\u00a0<a href=\"http:\/\/www.lefigaro.fr\/nice\/dans-les-vallees-sinistrees-par-la-tempete-alex-une-enveloppe-de-50-millions-pour-relancer-de-l-activite-20241210\" data-fig-type=\"NewsFlash\" data-gtm-custom-categorie=\"navigation\" data-gtm-custom-action=\"crossclick\" data-gtm-custom-label=\"Contextuel\" data-gtm-event=\"customEventSPE\" data-fig-domain=\"LEFIGARO\" rel=\"nofollow noopener\" target=\"_blank\">par \u00abAvenir vall\u00e9es\u00bb<\/a>, une d\u00e9marche de l\u2019\u00c9tat pour encourager un rebond \u00e9conomique et une meilleure attractivit\u00e9.<\/p>\n","protected":false},"excerpt":{"rendered":"La pr\u00e9fecture des Alpes-Maritimes a list\u00e9 l\u2019avancement des travaux dans les vall\u00e9es sinistr\u00e9es par les temp\u00eates Alex et&hellip;\n","protected":false},"author":2,"featured_media":502175,"comment_status":"","ping_status":"","sticky":false,"template":"","format":"standard","meta":{"footnotes":""},"categories":[2819],"tags":[1111,11,1129,1777,674,1011,27,12,2401,882,25,62422,2086],"class_list":{"0":"post-502174","1":"post","2":"type-post","3":"status-publish","4":"format-standard","5":"has-post-thumbnail","7":"category-nice","8":"tag-actu","9":"tag-actualites","10":"tag-climat","11":"tag-eu","12":"tag-europe","13":"tag-fr","14":"tag-france","15":"tag-news","16":"tag-nice","17":"tag-provence-alpes-cote-dazur","18":"tag-republique-francaise","19":"tag-tempete-alex","20":"tag-travaux"},"share_on_mastodon":{"url":"https:\/\/pubeurope.com\/@fr\/115468739906750577","error":""},"_links":{"self":[{"href":"https:\/\/www.europesays.com\/fr\/wp-json\/wp\/v2\/posts\/502174","targetHints":{"allow":["GET"]}}],"collection":[{"href":"https:\/\/www.europesays.com\/fr\/wp-json\/wp\/v2\/posts"}],"about":[{"href":"https:\/\/www.europesays.com\/fr\/wp-json\/wp\/v2\/types\/post"}],"author":[{"embeddable":true,"href":"https:\/\/www.europesays.com\/fr\/wp-json\/wp\/v2\/users\/2"}],"replies":[{"embeddable":true,"href":"https:\/\/www.europesays.com\/fr\/wp-json\/wp\/v2\/comments?post=502174"}],"version-history":[{"count":0,"href":"https:\/\/www.europesays.com\/fr\/wp-json\/wp\/v2\/posts\/502174\/revisions"}],"wp:featuredmedia":[{"embeddable":true,"href":"https:\/\/www.europesays.com\/fr\/wp-json\/wp\/v2\/media\/502175"}],"wp:attachment":[{"href":"https:\/\/www.europesays.com\/fr\/wp-json\/wp\/v2\/media?parent=502174"}],"wp:term":[{"taxonomy":"category","embeddable":true,"href":"https:\/\/www.europesays.com\/fr\/wp-json\/wp\/v2\/categories?post=502174"},{"taxonomy":"post_tag","embeddable":true,"href":"https:\/\/www.europesays.com\/fr\/wp-json\/wp\/v2\/tags?post=502174"}],"curies":[{"name":"wp","href":"https:\/\/api.w.org\/{rel}","templated":true}]}}