{"id":502184,"date":"2025-10-31T12:22:13","date_gmt":"2025-10-31T12:22:13","guid":{"rendered":"https:\/\/www.europesays.com\/fr\/502184\/"},"modified":"2025-10-31T12:22:13","modified_gmt":"2025-10-31T12:22:13","slug":"centres-commerciaux-boutiques-supermarches-ce-qui-est-ouvert","status":"publish","type":"post","link":"https:\/\/www.europesays.com\/fr\/502184\/","title":{"rendered":"centres commerciaux, boutiques, supermarch\u00e9s\u2026 ce qui est ouvert"},"content":{"rendered":"<p><strong>Ce vendredi 1er novembre, jour de la Toussaint, la plupart des centres commerciaux et des boutiques de Toulouse restent ouverts. Mode, alimentation, bricolage ou loisirs : il sera facile de faire ses courses, mais attention, les horaires varient selon les enseignes.<\/strong><\/p>\n<p><img fetchpriority=\"high\" decoding=\"async\" width=\"1200\" height=\"675\" src=\"https:\/\/www.europesays.com\/fr\/wp-content\/uploads\/2025\/10\/commerces-toulouse.jpg\" alt=\"Voici des commerces ouverts le 1er novembre, jour de la Toussaint, \u00e0 Toulouse.\"  \/><\/p>\n<p>Ce vendredi, jour de la Toussaint, la majorit\u00e9 des commerces toulousains resteront ouverts. \u00a9 Bryan Faham \/ Le JT<\/p>\n<p><strong>La Toussaint est un jour f\u00e9ri\u00e9. <\/strong>Cette f\u00eate chr\u00e9tienne, souvent associ\u00e9e \u00e0 un moment de recueillement familial, est d\u00e9di\u00e9e \u00e0 tous les saints, connus ou inconnus. Mais<strong> la quasi-totalit\u00e9<\/strong> des centres commerciaux, supermarch\u00e9s et enseignes de mode ou de loisirs <strong>seront ouverts ce vendredi 1er novembre <\/strong>dans l\u2019agglom\u00e9ration de Toulouse, <a href=\"https:\/\/www.lejournaltoulousain.fr\/occitanie\/haute-garonne\/toulouse\/toussaint-commerces-seront-ouverts-1-novembre-toulouse-288887\/\" data-type=\"post\" data-id=\"288887\" target=\"_blank\" rel=\"noopener\">comme l\u2019an dernier<\/a>. Les horaires peuvent toutefois diff\u00e9rer d\u2019un jour normal. Il vaut mieux v\u00e9rifier avant de se d\u00e9placer. Cette liste est \u00e9videment non exhaustive.<\/p>\n<p>Les centres commerciaux ouverts le 1er novembre<\/p>\n<p>Les centres commerciaux de l\u2019agglom\u00e9ration toulousaine seront ouverts en ce jour de Toussaint. Mais<strong> attention aux diff\u00e9rences d\u2019horaires <\/strong>entre les boutiques et les supermarch\u00e9s ou hypermarch\u00e9s.<\/p>\n<ul class=\"wp-block-list\">\n<li>Les boutiques Saint-Georges : magasins ouverts de 11h \u00e0 18h, supermarch\u00e9 de 9h \u00e0 20h<\/li>\n<li>Reflets Compans : de 10h \u00e0 20h (de 8h30 \u00e0 21h pour le supermarch\u00e9)<\/li>\n<li>Espace Gramont : ouvert de 10h \u00e0 19h (de 9h \u00e0 20h pour l\u2019hypermarch\u00e9)<\/li>\n<li>Centre commercial Lab\u00e8ge 2 : de 10h \u00e0 19h (de 9h \u00e0 20h pour le supermarch\u00e9)<\/li>\n<li>Centre commercial Blagnac : ouvert de 9h30 \u00e0 20h<\/li>\n<li>Centre commercial Purpan : ouvert de 10h \u00e0 18h<\/li>\n<li>Centre commercial Portet : de 10h \u00e0 18h30 (de 9h \u00e0 19h pour le supermarch\u00e9)<\/li>\n<\/ul>\n<p>Mode et loisirs : ces boutiques l\u00e8vent le rideau<\/p>\n<p><strong>Les magasins sont ouverts<\/strong> ce vendredi 1er novembre, que ce soit dans le centre-ville toulousain ou dans les zones commerciales. Il y a du choix.<\/p>\n<ul class=\"wp-block-list\">\n<li>Galeries Lafayette : ouvert de 10h \u00e0 19h<\/li>\n<li>Primark : de 11h \u00e0 19h<\/li>\n<li>Zara, square Charles-de-Gaulle : de 10h \u00e0 19h30<\/li>\n<li>Jou\u00e9Club Colomiers : de 9h30 \u00e0 19h30<\/li>\n<li>La Grande R\u00e9cr\u00e9, rue Saint-Rome : de 9h30 \u00e0 19h30<\/li>\n<li>Cultura Balma : ouvert de 9h \u00e0 20h<\/li>\n<li>Cultura Lab\u00e8ge : ouvert de 10h \u00e0 19h<\/li>\n<li>Fnac Jeanne-d\u2019Arc : ouvert de 11h \u00e0 19h<\/li>\n<li>Fnac Wilson : de 10h \u00e0 19h<\/li>\n<\/ul>\n<p>Maison, bricolage, jardinage : ces magasins sont ouverts \u00e0 Toulouse<\/p>\n<p><strong>Plusieurs options<\/strong> sont disponibles dans la r\u00e9gion toulousaine en ce jour de la Toussaint.<\/p>\n<ul class=\"wp-block-list\">\n<li>Maisons du Monde Fenouillet : de 10h \u00e0 19h<\/li>\n<li>Midica : ouvert de 9h30 \u00e0 19h30<\/li>\n<li>Action Purpan : de 9h \u00e0 18h<\/li>\n<li>Action Ramonville-Saint-Agne : de 9h \u00e0 18h<\/li>\n<li>Castorama Portet-sur-Garonne : ouvert de 8h \u00e0 20h<\/li>\n<li>Jardinerie Truffaut Balma : de 9h30 \u00e0 19h<\/li>\n<li>Jardiland L\u2019Union : de 10h \u00e0 12h30 et de 14h30 \u00e0 19h<\/li>\n<li>Leroy Merlin Balma : ouvert de 9h \u00e0 20h<\/li>\n<li>But Lab\u00e8ge : ouvert de 10h \u00e0 19h<\/li>\n<li>Ikea : ouvert de 10h \u00e0 20h<\/li>\n<\/ul>\n<p>1er novembre : des supermarch\u00e9s et sup\u00e9rettes ouvrent \u00e0 Toulouse<\/p>\n<p>Voici une liste non exhaustive de supermarch\u00e9s et de sup\u00e9rettes<strong> ouverts ce vendredi<\/strong> dans la Ville rose.<\/p>\n<p><strong>Rive droite<\/strong><\/p>\n<ul class=\"wp-block-list\">\n<li>Auchan Borderouge : de 8h30 \u00e0 20h<\/li>\n<li>Auchan, place Marcel-Bouilloux-Lafont : de 8h30 \u00e0 21h<\/li>\n<li>Carrefour Market Saint-Michel : de 8h30 \u00e0 20h<\/li>\n<li>Carrefour Market Minimes : de 9h \u00e0 19h30<\/li>\n<li>Intermarch\u00e9, av. Honor\u00e9-Serres : de 9h \u00e0 19h<\/li>\n<li>Intermarch\u00e9 L\u2019Union : de 8h30 \u00e0 19h<\/li>\n<li>Lidl, port Saint-Sauveur : de 8h30 \u00e0 20h30<\/li>\n<li>Monoprix, rue d\u2019Alsace-Lorraine : de 9h \u00e0 20h<\/li>\n<\/ul>\n<p><strong>Rive gauche<\/strong><\/p>\n<ul class=\"wp-block-list\">\n<li>Auchan, all\u00e9es Charles-de-Fitte : de 8h30 \u00e0 20h<\/li>\n<li>Auchan Plaisance-du-Touch : de 9h \u00e0 12h30 et de 13h \u00e0 19h<\/li>\n<li>Carrefour City, place Laganne : de 9h \u00e0 22h<\/li>\n<li>Carrefour City, rue Thomas-Dupuy : de 9h \u00e0 22h<\/li>\n<\/ul>\n","protected":false},"excerpt":{"rendered":"Ce vendredi 1er novembre, jour de la Toussaint, la plupart des centres commerciaux et des boutiques de Toulouse&hellip;\n","protected":false},"author":2,"featured_media":502185,"comment_status":"","ping_status":"","sticky":false,"template":"","format":"standard","meta":{"footnotes":""},"categories":[2816],"tags":[62423,1111,11,7228,1777,674,1011,27,12,2680,25,62424,2312],"class_list":{"0":"post-502184","1":"post","2":"type-post","3":"status-publish","4":"format-standard","5":"has-post-thumbnail","7":"category-toulouse","8":"tag-1er-novembre-u00e0-toulouse-centres-commerciaux","9":"tag-actu","10":"tag-actualites","11":"tag-boutiques","12":"tag-eu","13":"tag-europe","14":"tag-fr","15":"tag-france","16":"tag-news","17":"tag-occitanie","18":"tag-republique-francaise","19":"tag-supermarchu00e9su2026-ce-qui-est-ouvert","20":"tag-toulouse"},"share_on_mastodon":{"url":"https:\/\/pubeurope.com\/@fr\/115468759799011352","error":""},"_links":{"self":[{"href":"https:\/\/www.europesays.com\/fr\/wp-json\/wp\/v2\/posts\/502184","targetHints":{"allow":["GET"]}}],"collection":[{"href":"https:\/\/www.europesays.com\/fr\/wp-json\/wp\/v2\/posts"}],"about":[{"href":"https:\/\/www.europesays.com\/fr\/wp-json\/wp\/v2\/types\/post"}],"author":[{"embeddable":true,"href":"https:\/\/www.europesays.com\/fr\/wp-json\/wp\/v2\/users\/2"}],"replies":[{"embeddable":true,"href":"https:\/\/www.europesays.com\/fr\/wp-json\/wp\/v2\/comments?post=502184"}],"version-history":[{"count":0,"href":"https:\/\/www.europesays.com\/fr\/wp-json\/wp\/v2\/posts\/502184\/revisions"}],"wp:featuredmedia":[{"embeddable":true,"href":"https:\/\/www.europesays.com\/fr\/wp-json\/wp\/v2\/media\/502185"}],"wp:attachment":[{"href":"https:\/\/www.europesays.com\/fr\/wp-json\/wp\/v2\/media?parent=502184"}],"wp:term":[{"taxonomy":"category","embeddable":true,"href":"https:\/\/www.europesays.com\/fr\/wp-json\/wp\/v2\/categories?post=502184"},{"taxonomy":"post_tag","embeddable":true,"href":"https:\/\/www.europesays.com\/fr\/wp-json\/wp\/v2\/tags?post=502184"}],"curies":[{"name":"wp","href":"https:\/\/api.w.org\/{rel}","templated":true}]}}