{"id":502188,"date":"2025-10-31T12:24:13","date_gmt":"2025-10-31T12:24:13","guid":{"rendered":"https:\/\/www.europesays.com\/fr\/502188\/"},"modified":"2025-10-31T12:24:13","modified_gmt":"2025-10-31T12:24:13","slug":"mouvaux-il-appelle-la-police-pour-deloger-son-ex-qui-sest-introduite-chez-lui-mais-finit-en-garde-a-vue","status":"publish","type":"post","link":"https:\/\/www.europesays.com\/fr\/502188\/","title":{"rendered":"Mouvaux. Il appelle la police pour d\u00e9loger son ex qui s&rsquo;est introduite chez lui&#8230; mais finit en garde \u00e0 vue"},"content":{"rendered":"<p>            Par<br \/>\n        <strong><br \/>\n            <a href=\"https:\/\/actu.fr\/auteur\/zoe-hondt\" title=\"Consulter tous les articles de Zoe Hondt\" rel=\"nofollow noopener\" target=\"_blank\">Zoe Hondt<\/a><br \/>\n        <\/strong><\/p>\n<p>        Publi\u00e9 le<\/p>\n<p>            31 oct. 2025 \u00e0 12h10        <\/p>\n<p>Lundi 27 octobre, un homme de 31 ans a \u00e9t\u00e9 jug\u00e9 au tribunal de <a href=\"https:\/\/actu.fr\/lille\/\" rel=\"nofollow noopener\" target=\"_blank\">Lille<\/a> (Nord) pour <b>violences, r\u00e9bellion et outrage \u00e0 l\u2019encontre de fonctionnaires de police<\/b>. Les faits se d\u00e9roulent deux jours plus t\u00f4t, \u00e0 <a href=\"https:\/\/actu.fr\/hauts-de-france\/mouvaux_59421\" rel=\"nofollow noopener\" target=\"_blank\">Mouvaux<\/a> (Nord) : alors qu\u2019il rentre du travail, l\u2019homme trouve son ex-compagne, qu\u2019il a interdiction de voir, dans son canap\u00e9. Il appelle la police pour tenter de la d\u00e9loger, mais finit par se faire interpeller \u00e0 cause d\u2019une <b>forte consommation d\u2019alcool<\/b>. R\u00e9cit.<\/p>\n<p>Une \u00ab\u00a0r\u00e9action \u00e9motionnelle aberrante\u00a0\u00bb sur fond d\u2019alcool<\/p>\n<p class=\" wall-content\">Le 25 octobre, il est 19h15 lorsque la police re\u00e7oit l\u2019appel d\u2019un homme de 31 ans. Il explique avoir une\u00a0<b>interdiction de contact<\/b>\u00a0avec son ex-compagne, qui se trouve pourtant chez lui, ivre et allong\u00e9e sur le canap\u00e9. Elle aurait fait faire un double des cl\u00e9s sans qu\u2019il ne soit au courant. Une brigade est d\u00e9p\u00each\u00e9e sur place mais\u00a0<b>erreur de communication<\/b> : ils pensent devoir d\u00e9loger un homme alcoolis\u00e9.<\/p>\n<p class=\" wall-content\">Sur le palier de l\u2019appartement, les policiers s\u2019annoncent, sans r\u00e9ponse. Au bout de quelques minutes, une voix de femme les invite \u00e0 entrer. Cette derni\u00e8re se trouve bien \u00ab\u00a0avachie\u00a0\u00bb sur le canap\u00e9, mais sobre. Elle explique avoir gliss\u00e9 en sortant d\u2019un taxi, quelques jours plus t\u00f4t. Bless\u00e9e \u00e0 la cuisse et ayant nulle part o\u00f9 aller,\u00a0<b>elle s\u2019est r\u00e9fugi\u00e9e chez son ex-conjoint<\/b>\u00a0en attendant une ambulance.<\/p>\n<p class=\" wall-content\">Ce dernier est \u00e9galement pr\u00e9sent. Il \u00ab\u00a0sent fortement l\u2019alcool\u00a0\u00bb et a une \u00ab\u00a0d\u00e9marche titubante\u00a0\u00bb. Il a la m\u00eame version des faits mais <b>exige de mani\u00e8re virulente l\u2019expulsion<\/b> de son ex-compagne : \u00ab\u00a0Elle d\u00e9gage de chez moi, elle n\u2019a pas le droit d\u2019\u00eatre ici !\u00a0\u00bb <b>Bracelet \u00e9lectronique \u00e0 la cheville<\/b>, le trentenaire a en effet \u00e9cop\u00e9 d\u2019une interdiction de contact apr\u00e8s un proc\u00e8s pour violences conjugales en 2021.<\/p>\n<p class=\" wall-content\"><b>Fortement alcoolis\u00e9<\/b>, il s\u2019\u00e9nerve et insulte copieusement les policiers. Ces derniers tentent de le ma\u00eetriser au sol mais <b>il se d\u00e9bat, leur crache dessus et donne des coups<\/b>. \u00ab\u00a0Je ne voulais pas marcher, ce n\u2019\u00e9tait pas \u00e0 moi de sortir. Ils m\u2019ont soulev\u00e9 et tra\u00een\u00e9 par terre\u00a0\u00bb, explique le pr\u00e9venu au tribunal, avant de conc\u00e9der : \u00ab\u00a0Je suis d\u00e9sol\u00e9, je me suis laiss\u00e9 emporter.\u00a0\u00bb La pr\u00e9sidente d\u00e9nonce une \u00ab\u00a0r\u00e9action \u00e9motionnelle aberrante\u00a0\u00bb.<\/p>\n<p>\u00ab\u00a0Si je vais en prison, il y a un petit chat chez moi\u00a0\u00bb<\/p>\n<p class=\" wall-content\">\u00ab\u00a0Il reconna\u00eet les faits et regrette avec sinc\u00e9rit\u00e9\u00a0\u00bb, plaide l\u2019avocate de la d\u00e9fense. Elle d\u00e9crit un homme \u00ab\u00a0d\u00e9bord\u00e9 \u00e9motionnellement\u00a0\u00bb et \u00ab\u00a0constamment rattrap\u00e9 par le comportement\u00a0\u00bb de son ex-compagne. L\u2019avocate soutient qu\u2019il n\u2019avait <b>pas l\u2019intention d\u2019\u00eatre violent<\/b> et que <b>sa r\u00e9insertion se passe bien<\/b>. Elle d\u00e9voile des propos qui \u00ab\u00a0en disent long\u00a0\u00bb sur la personnalit\u00e9 du pr\u00e9venu. \u00ab\u00a0Si je vais en prison, il y a un petit chat chez moi\u00a0\u00bb, lui aurait-il dit dans les ge\u00f4les.<\/p>\n<p class=\" wall-content\">Selon l\u2019avocate, tout est une \u00ab\u00a0erreur de transmission\u00a0\u00bb : l\u2019appel de son client aux forces de l\u2019ordre \u00e9tait tr\u00e8s clair mais les policiers croyaient interpeller un homme et non une femme.<\/p>\n<p>Votre r\u00e9gion, votre actu !<\/p>\n<p>Recevez chaque jour les infos qui comptent pour vous.<\/p>\n<p>\t<a href=\"https:\/\/actu.fr\/newsletter\" class=\"ac-btn ac-btn--corner ac-btn--medium ac-btn--blue800\" rel=\"nofollow noopener\" target=\"_blank\">S&rsquo;incrire<\/a><\/p>\n<p class=\" wall-content\">\u00ab\u00a0Il y a eu m\u00e9prise\u00a0\u00bb, conc\u00e8de la procureure de la R\u00e9publique. Elle d\u00e9clare que le pr\u00e9venu a eu <b>raison d\u2019appeler la police<\/b> mais \u00ab\u00a0tout a d\u00e9g\u00e9n\u00e9r\u00e9 par sa faute\u00a0\u00bb. La procureure d\u00e9nonce une forme de \u00ab\u00a0victimisation dans son discours\u00a0\u00bb et souhaite qu\u2019il \u00ab\u00a0prenne ses responsabilit\u00e9s\u00a0\u00bb. Selon elle, \u00ab\u00a0seule la d\u00e9tention peut dissuader la r\u00e9cidive\u00a0\u00bb : elle requiert <b>12 mois d\u2019emprisonnement avec mandat de d\u00e9p\u00f4t<\/b>.<\/p>\n<p class=\" wall-content\">L\u2019homme de 31 ans est finalement condamn\u00e9 \u00e0 <b>six mois d\u2019emprisonnement avec sursis probatoire<\/b>.<\/p>\n<p class=\" wall-content\">Personnalisez votre actualit\u00e9 en ajoutant vos villes et m\u00e9dias en favori avec <a href=\"https:\/\/moncompte.actu.fr\" title=\"D\u00e9couvez Mon Actu\" rel=\"nofollow noopener\" data-trk=\"{&quot;cta&quot;:{&quot;action&quot;:&quot;https:\\\/\\\/moncompte.actu.fr&quot;,&quot;category&quot;:&quot;mon compte&quot;,&quot;from&quot;:&quot;article footer&quot;,&quot;name&quot;:&quot;Mon actu&quot;,&quot;type&quot;:&quot;cta&quot;}}\" target=\"_blank\">Mon Actu<\/a>.<\/p>\n","protected":false},"excerpt":{"rendered":"Par Zoe Hondt Publi\u00e9 le 31 oct. 2025 \u00e0 12h10 Lundi 27 octobre, un homme de 31 ans&hellip;\n","protected":false},"author":2,"featured_media":502189,"comment_status":"","ping_status":"","sticky":false,"template":"","format":"standard","meta":{"footnotes":""},"categories":[2815],"tags":[1111,11,1777,674,118,1011,27,811,303,1307,12,2694,25],"class_list":{"0":"post-502188","1":"post","2":"type-post","3":"status-publish","4":"format-standard","5":"has-post-thumbnail","7":"category-lille","8":"tag-actu","9":"tag-actualites","10":"tag-eu","11":"tag-europe","12":"tag-faits-divers","13":"tag-fr","14":"tag-france","15":"tag-hauts-de-france","16":"tag-justice","17":"tag-lille","18":"tag-news","19":"tag-proces","20":"tag-republique-francaise"},"share_on_mastodon":{"url":"https:\/\/pubeurope.com\/@fr\/115468767470511301","error":""},"_links":{"self":[{"href":"https:\/\/www.europesays.com\/fr\/wp-json\/wp\/v2\/posts\/502188","targetHints":{"allow":["GET"]}}],"collection":[{"href":"https:\/\/www.europesays.com\/fr\/wp-json\/wp\/v2\/posts"}],"about":[{"href":"https:\/\/www.europesays.com\/fr\/wp-json\/wp\/v2\/types\/post"}],"author":[{"embeddable":true,"href":"https:\/\/www.europesays.com\/fr\/wp-json\/wp\/v2\/users\/2"}],"replies":[{"embeddable":true,"href":"https:\/\/www.europesays.com\/fr\/wp-json\/wp\/v2\/comments?post=502188"}],"version-history":[{"count":0,"href":"https:\/\/www.europesays.com\/fr\/wp-json\/wp\/v2\/posts\/502188\/revisions"}],"wp:featuredmedia":[{"embeddable":true,"href":"https:\/\/www.europesays.com\/fr\/wp-json\/wp\/v2\/media\/502189"}],"wp:attachment":[{"href":"https:\/\/www.europesays.com\/fr\/wp-json\/wp\/v2\/media?parent=502188"}],"wp:term":[{"taxonomy":"category","embeddable":true,"href":"https:\/\/www.europesays.com\/fr\/wp-json\/wp\/v2\/categories?post=502188"},{"taxonomy":"post_tag","embeddable":true,"href":"https:\/\/www.europesays.com\/fr\/wp-json\/wp\/v2\/tags?post=502188"}],"curies":[{"name":"wp","href":"https:\/\/api.w.org\/{rel}","templated":true}]}}