{"id":502196,"date":"2025-10-31T12:28:12","date_gmt":"2025-10-31T12:28:12","guid":{"rendered":"https:\/\/www.europesays.com\/fr\/502196\/"},"modified":"2025-10-31T12:28:12","modified_gmt":"2025-10-31T12:28:12","slug":"28eme-edition-du-salon-gastronomique-mer-vigne","status":"publish","type":"post","link":"https:\/\/www.europesays.com\/fr\/502196\/","title":{"rendered":"28\u00e8me \u00e9dition du salon Gastronomique Mer &#038; Vigne !"},"content":{"rendered":"<p>Rendez-vous du 7 au 11 novembre 2025, \u00e0 la Palmeraie de La Tour de Salvagny, pour la 28\u00e8me \u00e9dition du Salon Gastronomique Mer &amp; Vigne.<\/p>\n<p>Depuis pr\u00e8s de 30 ans, Mer &amp; Vigne s&rsquo;impose comme un incontournable pour les amateurs de gastronomie responsable.<br \/>Le Salon Gastronomique Mer &amp; Vigne est de retour du 7 au 11 novembre pour sa 28\u00e8me \u00e9dition \u00e0 la Palmeraie de La Tour de Salvagny.<\/p>\n<p>Engag\u00e9 pour une consommation responsable et gourmande, le Salon Mer &amp; Vigne met \u00e0 l&rsquo;honneur le circuit court : parmi leurs 91 exposants, plus de 80 % sont des producteurs et artisans qui privil\u00e9gient la proximit\u00e9, la qualit\u00e9 et l&rsquo;authenticit\u00e9.<\/p>\n<p>Plus de 90 exposants pr\u00e9sents :<\/p>\n<p>&#8211; Produits de la mer : hu\u00eetres, coquillages et crustac\u00e9s tout juste arriv\u00e9s de Bretagne et de M\u00e9diterran\u00e9e.<br \/>&#8211; Vins, champagnes et ap\u00e9ritifs : domaines viticoles rh\u00f4nalpins, bulles festives et liqueurs artisanales \u00e0 d\u00e9couvrir.<br \/>&#8211; D\u00e9lices du terroir : fromages AOP d&rsquo;Auvergne, charcuteries lyonnaises, huiles d&rsquo;olive italiennes, \u00e9pices venues de Madagascar et vins portugais du Douro, invit\u00e9s d&rsquo;honneur de cette \u00e9dition.<\/p>\n<p>Au-del\u00e0 de la gourmandise, participer au salon Mer &amp; Vigne, c&rsquo;est un geste solidaire : chaque visite aide les producteurs et artisans \u00e0 vivre de leur passion et \u00e0 faire perdurer leurs traditions. Une belle id\u00e9e de sortie pour un week-end d&rsquo;automne entre amis ou en famille !<\/p>\n<p>Infos pratiques :<\/p>\n<p>&#8211; Dates : du vendredi 7 au mardi 11 novembre 2025<br \/>&#8211; Nocturnes : vendredi jusqu&rsquo;\u00e0 23h, samedi jusqu&rsquo;\u00e0 22h<br \/>&#8211; Adresse : La Palmeraie \u2013 La Tour de Salvagny (pr\u00e8s de Lyon)<br \/>&#8211; Tarifs : Entr\u00e9e gratuite en t\u00e9l\u00e9chargeant votre invitation pour 2 personnes sur le site.<br \/>Entr\u00e9e payante sur place (3\u20ac par personne) sans invitation.<\/p>\n<p>Plus d&rsquo;infos sur le site <a class=\"url\" href=\"https:\/\/www.mer-et-vigne.fr\/salons\/salon-dautomne-palmeraie-de-la-tour-de-salvagny\" target=\"_blank\" rel=\"noopener\">mer-et-vigne.fr<\/a>. <\/p>\n<p>Impact FM est partenaire de l&rsquo;\u00e9v\u00e8nement<\/p>\n<p><\/p>\n","protected":false},"excerpt":{"rendered":"Rendez-vous du 7 au 11 novembre 2025, \u00e0 la Palmeraie de La Tour de Salvagny, pour la 28\u00e8me&hellip;\n","protected":false},"author":2,"featured_media":502197,"comment_status":"","ping_status":"","sticky":false,"template":"","format":"standard","meta":{"footnotes":""},"categories":[1889],"tags":[1111,11,18004,2430,62426,1777,674,1011,27,62427,2428,6127,12,25,6290,62425],"class_list":{"0":"post-502196","1":"post","2":"type-post","3":"status-publish","4":"format-standard","5":"has-post-thumbnail","7":"category-lyon","8":"tag-actu","9":"tag-actualites","10":"tag-artisans","11":"tag-auvergne-rhone-alpes","12":"tag-circuit-court","13":"tag-eu","14":"tag-europe","15":"tag-fr","16":"tag-france","17":"tag-gastronomieproducteurs","18":"tag-lyon","19":"tag-mer","20":"tag-news","21":"tag-republique-francaise","22":"tag-salon","23":"tag-vigne"},"share_on_mastodon":{"url":"https:\/\/pubeurope.com\/@fr\/115468783102024497","error":""},"_links":{"self":[{"href":"https:\/\/www.europesays.com\/fr\/wp-json\/wp\/v2\/posts\/502196","targetHints":{"allow":["GET"]}}],"collection":[{"href":"https:\/\/www.europesays.com\/fr\/wp-json\/wp\/v2\/posts"}],"about":[{"href":"https:\/\/www.europesays.com\/fr\/wp-json\/wp\/v2\/types\/post"}],"author":[{"embeddable":true,"href":"https:\/\/www.europesays.com\/fr\/wp-json\/wp\/v2\/users\/2"}],"replies":[{"embeddable":true,"href":"https:\/\/www.europesays.com\/fr\/wp-json\/wp\/v2\/comments?post=502196"}],"version-history":[{"count":0,"href":"https:\/\/www.europesays.com\/fr\/wp-json\/wp\/v2\/posts\/502196\/revisions"}],"wp:featuredmedia":[{"embeddable":true,"href":"https:\/\/www.europesays.com\/fr\/wp-json\/wp\/v2\/media\/502197"}],"wp:attachment":[{"href":"https:\/\/www.europesays.com\/fr\/wp-json\/wp\/v2\/media?parent=502196"}],"wp:term":[{"taxonomy":"category","embeddable":true,"href":"https:\/\/www.europesays.com\/fr\/wp-json\/wp\/v2\/categories?post=502196"},{"taxonomy":"post_tag","embeddable":true,"href":"https:\/\/www.europesays.com\/fr\/wp-json\/wp\/v2\/tags?post=502196"}],"curies":[{"name":"wp","href":"https:\/\/api.w.org\/{rel}","templated":true}]}}