{"id":502208,"date":"2025-10-31T12:35:17","date_gmt":"2025-10-31T12:35:17","guid":{"rendered":"https:\/\/www.europesays.com\/fr\/502208\/"},"modified":"2025-10-31T12:35:17","modified_gmt":"2025-10-31T12:35:17","slug":"shein-ouvre-mercredi-son-premier-magasin-en-france-a-paris-en-pleine-controverse","status":"publish","type":"post","link":"https:\/\/www.europesays.com\/fr\/502208\/","title":{"rendered":"Shein ouvre mercredi son premier magasin en France, \u00e0 Paris, en pleine controverse"},"content":{"rendered":"<p>Malgr\u00e9 les vents contraires, le g\u00e9ant asiatique de la mode ultra-\u00e9ph\u00e9m\u00e8re Shein, sanctionn\u00e9 trois fois en France cette ann\u00e9e pour ses pratiques, ouvrira bien mercredi 5\u00a0novembre <a target=\"_self\" href=\"https:\/\/www.lanouvellerepublique.fr\/a-la-une\/les-galeries-lafayette-et-l-ensemble-du-secteur-de-l-habillement-refusent-l-arrivee-de-magasins-shein-en-france-1759347870\" rel=\"nofollow noopener\">son tout premier magasin physique p\u00e9renne au Bazar de l\u2019H\u00f4tel de Ville<\/a> (BHV), \u00e0 Paris. Il s\u2019agit d\u2019une \u00ab\u00a0premi\u00e8re mondiale\u00a0\u00bb, s\u2019est enthousiasm\u00e9 vendredi 31\u00a0octobre Fr\u00e9d\u00e9ric Merlin, patron de la Soci\u00e9t\u00e9 des grands magasins (SGM), propri\u00e9taire du BHV, en annon\u00e7ant cette ouverture sur Instagram.<\/p>\n<p>C\u2019est au 6e\u00a0\u00e9tage du BHV, cr\u00e9\u00e9 en 1856, que Shein s\u2019installera. Ce mariage entre un magasin embl\u00e9matique parisien et un des champions de l\u2019ultra fast-fashion suscite, depuis son annonce d\u00e9but octobre, un toll\u00e9 quasi g\u00e9n\u00e9ral.\u00a0Jusqu\u2019ici cantonn\u00e9e \u00e0 la vente en ligne et \u00e0 des magasins \u00e9ph\u00e9m\u00e8res, la soci\u00e9t\u00e9 fond\u00e9e en Chine en 2012 et bas\u00e9e \u00e0 Singapour passe une \u00e9tape strat\u00e9gique avec sa premi\u00e8re implantation durable, dans un espace de plus de 1.000\u00a0m2 au c\u0153ur de Paris, gr\u00e2ce au partenariat nou\u00e9 avec la SGM, propri\u00e9taire du BHV depuis 2023.<\/p>\n<p>Cinq autres magasins devraient ouvrir<\/p>\n<p>Avec la SGM, fonci\u00e8re commerciale cr\u00e9\u00e9e en 2021 par Fr\u00e9d\u00e9ric Merlin et sa s\u0153ur Maryline, Shein va investir cinq autres magasins dans les prochaines semaines, aux Galeries Lafayette de Dijon, Reims, Grenoble, Angers et Limoges. Ce mariage avec Shein, accus\u00e9 de concurrence d\u00e9loyale, de pollution environnementale ou encore de conditions de travail indignes, a envoy\u00e9 un \u00ab\u00a0mauvais signal\u00a0\u00bb selon Serge Papin, ministre fran\u00e7ais du Commerce, et provoqu\u00e9 la \u00ab\u00a0profonde inqui\u00e9tude\u00a0\u00bb de la maire de Paris, Anne Hidalgo.<\/p>\n<p>Cette derni\u00e8re a pouss\u00e9 plusieurs marques fran\u00e7aises (AIME, Culture Vintage, Talm\u2026) \u00e0 quitter le BHV, alors que le magasin est d\u00e9j\u00e0 d\u00e9sert\u00e9 par de nombreuses soci\u00e9t\u00e9s (Le Slip Fran\u00e7ais, Maison Lejaby\u2026) en raison de retards de paiement. Disneyland Paris, qui devait \u00eatre au BHV pour les f\u00eates, a annul\u00e9. Autre cons\u00e9quence, la Banque des territoires, entit\u00e9 de la Caisse des d\u00e9p\u00f4ts et consignations, s\u2019est retir\u00e9e des n\u00e9gociations avec la SGM pour l\u2019aider \u00e0 racheter les murs du BHV, un joyau art d\u00e9co.<\/p>\n<p>\u00ab\u00a0Hypocrisie environnante\u00a0\u00bb<\/p>\n<p>Dans ce climat de d\u00e9fiance, une manifestation a r\u00e9uni le 10\u00a0octobre quelque 150 gr\u00e9vistes \u00e0 l\u2019appel de l\u2019intersyndicale et une p\u00e9tition en ligne regroupe plus de 110.000 signataires. \u00ab\u00a0J\u2019ai sous-estim\u00e9 toute l\u2019exposition politico-m\u00e9diatique qu\u2019il y avait \u00e0 s\u2019attaquer \u00e0 ce monument de Paris\u00a0\u00bb, admettait r\u00e9cemment Fr\u00e9d\u00e9ric Merlin, d\u00e9non\u00e7ant cependant \u00ab\u00a0l\u2019hypocrisie environnante\u00a0\u00bb.<\/p>\n<p>Shein monte r\u00e9guli\u00e8rement au cr\u00e9neau pour d\u00e9fendre son mod\u00e8le \u00e9conomique de \u00ab\u00a0production \u00e0 la demande\u00a0\u00bb. C\u2019est celui-ci qui, selon le groupe, permet de r\u00e9duire les co\u00fbts, et non, notamment, les conditions de travail des 10.000 sous-traitants. Il rappelle que 97\u00a0% des textiles consomm\u00e9s en France sont import\u00e9s et que Shein partage ses fournisseurs avec \u00ab\u00a0un grand nombre de marques\u00a0\u00bb fran\u00e7aises et internationales.<\/p>\n<p>Des arguments rejet\u00e9s par le secteur fran\u00e7ais du textile, \u00e0 l\u2019image de Yann Rivoallan, pr\u00e9sident de la F\u00e9d\u00e9ration fran\u00e7aise du pr\u00eat-\u00e0-porter f\u00e9minin, pour qui Shein encha\u00eene \u00ab\u00a0mensonges apr\u00e8s mensonges\u00a0\u00bb. Pour lui, la SGM \u00ab\u00a0s\u2019allie avec ce qui peut exister de pire\u00a0\u00bb.\u00a0Vis\u00e9 par une proposition de loi contre l\u2019essor de la mode jetable ultra-\u00e9ph\u00e9m\u00e8re, Shein <a target=\"_self\" href=\"https:\/\/www.lanouvellerepublique.fr\/a-la-une\/ciblage-publicitaire-google-et-shein-condamnes-a-de-lourdes-amendes-par-la-cnil-1756965460\" rel=\"nofollow noopener\">a par ailleurs \u00e9cop\u00e9 cette ann\u00e9e en France de trois amendes<\/a>, d\u2019un total de 191\u00a0millions d\u2019euros, pour non-respect de la l\u00e9gislation sur les cookies en ligne, fausses promotions, informations trompeuses et pour ne pas avoir d\u00e9clar\u00e9 la pr\u00e9sence de microfibres plastiques dans ses produits.<\/p>\n","protected":false},"excerpt":{"rendered":"Malgr\u00e9 les vents contraires, le g\u00e9ant asiatique de la mode ultra-\u00e9ph\u00e9m\u00e8re Shein, sanctionn\u00e9 trois fois en France cette&hellip;\n","protected":false},"author":2,"featured_media":502209,"comment_status":"","ping_status":"","sticky":false,"template":"","format":"standard","meta":{"footnotes":""},"categories":[1888],"tags":[328,11,130,33,1777,674,1011,27,329,12,626,25],"class_list":{"0":"post-502208","1":"post","2":"type-post","3":"status-publish","4":"format-standard","5":"has-post-thumbnail","7":"category-paris","8":"tag-a-la-une","9":"tag-actualites","10":"tag-consommation","11":"tag-economie","12":"tag-eu","13":"tag-europe","14":"tag-fr","15":"tag-france","16":"tag-france-monde","17":"tag-news","18":"tag-paris","19":"tag-republique-francaise"},"share_on_mastodon":{"url":"https:\/\/pubeurope.com\/@fr\/115468810635266941","error":""},"_links":{"self":[{"href":"https:\/\/www.europesays.com\/fr\/wp-json\/wp\/v2\/posts\/502208","targetHints":{"allow":["GET"]}}],"collection":[{"href":"https:\/\/www.europesays.com\/fr\/wp-json\/wp\/v2\/posts"}],"about":[{"href":"https:\/\/www.europesays.com\/fr\/wp-json\/wp\/v2\/types\/post"}],"author":[{"embeddable":true,"href":"https:\/\/www.europesays.com\/fr\/wp-json\/wp\/v2\/users\/2"}],"replies":[{"embeddable":true,"href":"https:\/\/www.europesays.com\/fr\/wp-json\/wp\/v2\/comments?post=502208"}],"version-history":[{"count":0,"href":"https:\/\/www.europesays.com\/fr\/wp-json\/wp\/v2\/posts\/502208\/revisions"}],"wp:featuredmedia":[{"embeddable":true,"href":"https:\/\/www.europesays.com\/fr\/wp-json\/wp\/v2\/media\/502209"}],"wp:attachment":[{"href":"https:\/\/www.europesays.com\/fr\/wp-json\/wp\/v2\/media?parent=502208"}],"wp:term":[{"taxonomy":"category","embeddable":true,"href":"https:\/\/www.europesays.com\/fr\/wp-json\/wp\/v2\/categories?post=502208"},{"taxonomy":"post_tag","embeddable":true,"href":"https:\/\/www.europesays.com\/fr\/wp-json\/wp\/v2\/tags?post=502208"}],"curies":[{"name":"wp","href":"https:\/\/api.w.org\/{rel}","templated":true}]}}