{"id":502210,"date":"2025-10-31T12:36:14","date_gmt":"2025-10-31T12:36:14","guid":{"rendered":"https:\/\/www.europesays.com\/fr\/502210\/"},"modified":"2025-10-31T12:36:14","modified_gmt":"2025-10-31T12:36:14","slug":"situation-critique-a-pokrovsk-menacee-dencerclement-par-les-troupes-russes","status":"publish","type":"post","link":"https:\/\/www.europesays.com\/fr\/502210\/","title":{"rendered":"situation critique \u00e0 Pokrovsk, menac\u00e9e d\u2019encerclement par les troupes russes"},"content":{"rendered":"<p>\n    <strong>CARTES<\/strong> &#8211; Cette ville strat\u00e9gique, qui comptait 60.000 habitants avant la guerre, menace de tomber aux mains des forces russes qui, apr\u00e8s une longue man\u0153uvre d\u2019enveloppement, sont d\u00e9sormais au c\u0153ur de la cit\u00e9 industrielle.<\/p>\n<p class=\"fig-paragraph\">\u00abLa priorit\u00e9 est de sauver la vie de nos soldats\u00bb, a reconnu le 30 octobre le commandant de l\u2019arm\u00e9e ukrainienne, le g\u00e9n\u00e9ral Oleksandr Syrsky, d\u00e9mentant en m\u00eame temps la d\u00e9claration de\u00a0<a href=\"http:\/\/www.lefigaro.fr\/international\/une-arme-de-fin-du-monde-vladimir-poutine-vante-les-merites-de-son-supermissile-bourevestnik-20251027\" target=\"_blank\" data-fig-type=\"Article\" rel=\"noopener nofollow\" data-gtm-custom-categorie=\"navigation\" data-gtm-custom-action=\"crossclick\" data-gtm-custom-label=\"Contextuel\" data-gtm-event=\"customEventSPE\" data-fig-domain=\"LEFIGARO\">Vladimir Poutine<\/a>, deux jours plus t\u00f4t, selon laquelle\u00a0<a href=\"http:\/\/www.lefigaro.fr\/international\/guerre-en-ukraine-les-russes-percent-les-nouvelles-lignes-ukrainiennes-au-nord-de-pokrovsk-20250812\" target=\"_blank\" data-fig-type=\"NewsFlash\" rel=\"noopener nofollow\" data-gtm-custom-categorie=\"navigation\" data-gtm-custom-action=\"crossclick\" data-gtm-custom-label=\"Contextuel\" data-gtm-event=\"customEventSPE\" data-fig-domain=\"LEFIGARO\">Pokrovsk<\/a>, nagu\u00e8re un hub logistique cl\u00e9 pour l\u2019arm\u00e9e, \u00e9tait encercl\u00e9e. Encercl\u00e9e, l\u2019ancienne cit\u00e9 industrielle ne l\u2019est pas formellement \u00e0 ce stade, mais la tr\u00e8s longue man\u0153uvre russe d\u2019enveloppement commenc\u00e9e d\u00e8s le printemps 2024 apr\u00e8s\u00a0<a href=\"http:\/\/www.lefigaro.fr\/international\/ocheretyne-chasiv-yar-krasnohorivka-les-russes-avancent-encore-dans-l-est-de-l-ukraine-20240417\" target=\"_blank\" data-fig-type=\"NewsFlash\" rel=\"noopener nofollow\" data-gtm-custom-categorie=\"navigation\" data-gtm-custom-action=\"crossclick\" data-gtm-custom-label=\"Contextuel\" data-gtm-event=\"customEventSPE\" data-fig-domain=\"LEFIGARO\">la perc\u00e9e d\u2019Ocheretyne<\/a>\u00a0dessine aujourd\u2019hui une dangereuse poche \u00e0 l\u2019int\u00e9rieur de laquelle les forces ukrainiennes risquent de se trouver coinc\u00e9es \u00e0 br\u00e8ve \u00e9ch\u00e9ance. \u00abLa situation la plus difficile est \u00e0\u00a0<a href=\"http:\/\/www.lefigaro.fr\/international\/guerre-en-ukraine-l-armee-reconnait-pour-la-premiere-fois-des-combats-dans-le-centre-ville-de-pokrovsk-20251021\" target=\"_blank\" data-fig-type=\"NewsFlash\" rel=\"noopener nofollow\" data-gtm-custom-categorie=\"navigation\" data-gtm-custom-action=\"crossclick\" data-gtm-custom-label=\"Contextuel\" data-gtm-event=\"customEventSPE\" data-fig-domain=\"LEFIGARO\">Pokrovsk<\/a> \u00bb, a admis\u00a0<a href=\"http:\/\/www.lefigaro.fr\/international\/guerre-en-ukraine-volodymyr-zelensky-appelle-donald-trump-a-faire-pression-sur-xi-jinping-pour-qu-il-reduise-son-soutien-a-la-russie-20251028\" target=\"_blank\" data-fig-type=\"NewsFlash\" rel=\"noopener nofollow\" data-gtm-custom-categorie=\"navigation\" data-gtm-custom-action=\"crossclick\" data-gtm-custom-label=\"Contextuel\" data-gtm-event=\"customEventSPE\" data-fig-domain=\"LEFIGARO\">Volodymyr Zelensky<\/a>\u00a0dans son point quotidien tandis que le g\u00e9n\u00e9ral Syrsky annon\u00e7ait des mesures de renforcement de \u00abla stabilit\u00e9 des d\u00e9fenses\u00bb de la ville et de ses routes d\u2019approvisionnement.<\/p>\n<p class=\"fig-paragraph\">La situation est d\u2019autant plus d\u00e9licate qu\u2019une autre ville &#8211; Myrnograd (45.000 habitants avant la guerre) &#8211; est\u2026<\/p>\n<p class=\"fig-premium-paywall__infos\">\n        Cet article est r\u00e9serv\u00e9 aux abonn\u00e9s.        Il vous reste 84% \u00e0 d\u00e9couvrir.\n    <\/p>\n<p>                <img  data- alt=\"Le Figaro\" class=\"fig-img--complete fig-img\"\/><\/p>\n<p class=\"fig-premium-paywall__title\">Vous avez envie de lire la suite ?<\/p>\n<p class=\"fig-premium-paywall__subtitle\">D\u00e9bloquez tous les articles imm\u00e9diatement.<\/p>\n<p class=\"fig-premium-paywall__connect\">\n                D\u00e9j\u00e0 abonn\u00e9\u00a0?                <a class=\"fig-premium-paywall__connect-link\" href=\"https:\/\/connect.lefigaro.fr\/login?client=horizon_web&amp;type=main&amp;redirect_uri=https%3A%2F%2Fwww.lefigaro.fr%2Finternational%2Fguerre-en-ukraine-situation-critique-a-pokrovsk-menacee-d-encerclement-par-les-troupes-russes-20251031\" data-js-gtm=\"{&quot;customCategorie&quot;: &quot;conversion&quot;, &quot;customAction&quot;: &quot;before_Landing_Connexion_paywall_auto&quot;, &quot;customLabel&quot;: &quot;bGVmaWdhcm8uZnJfXzFmMGI2NDU5LTg0ZTctNjMxMi04ODY0LWQ1NGQyZTZkNmNkZl9fTmV3c0ZsYXNo_Guerre en Ukraine\u00a0: situation critique \u00e0 Pokrovsk, menac\u00e9e d\u2019encerclement par les troupes russes_111&quot;, &quot;customIDSPE&quot;: &quot;bGVmaWdhcm8uZnJfXzFmMGI2NDU5LTg0ZTctNjMxMi04ODY0LWQ1NGQyZTZkNmNkZl9fTmV3c0ZsYXNo&quot;, &quot;event&quot;: &quot;customEventSPE&quot;}\" rel=\"nofollow noopener\" target=\"_blank\"><br \/>\n                    Connectez-vous<br \/>\n                <\/a>\n            <\/p>\n","protected":false},"excerpt":{"rendered":"CARTES &#8211; Cette ville strat\u00e9gique, qui comptait 60.000 habitants avant la guerre, menace de tomber aux mains des&hellip;\n","protected":false},"author":2,"featured_media":502211,"comment_status":"","ping_status":"","sticky":false,"template":"","format":"standard","meta":{"footnotes":""},"categories":[1591],"tags":[11,1887,131,12,1885,1886,132],"class_list":{"0":"post-502210","1":"post","2":"type-post","3":"status-publish","4":"format-standard","5":"has-post-thumbnail","7":"category-russie","8":"tag-actualites","9":"tag-federation-de-russie","10":"tag-guerre-en-ukraine","11":"tag-news","12":"tag-russia","13":"tag-russian-federation","14":"tag-russie"},"share_on_mastodon":{"url":"https:\/\/pubeurope.com\/@fr\/115468814551650280","error":""},"_links":{"self":[{"href":"https:\/\/www.europesays.com\/fr\/wp-json\/wp\/v2\/posts\/502210","targetHints":{"allow":["GET"]}}],"collection":[{"href":"https:\/\/www.europesays.com\/fr\/wp-json\/wp\/v2\/posts"}],"about":[{"href":"https:\/\/www.europesays.com\/fr\/wp-json\/wp\/v2\/types\/post"}],"author":[{"embeddable":true,"href":"https:\/\/www.europesays.com\/fr\/wp-json\/wp\/v2\/users\/2"}],"replies":[{"embeddable":true,"href":"https:\/\/www.europesays.com\/fr\/wp-json\/wp\/v2\/comments?post=502210"}],"version-history":[{"count":0,"href":"https:\/\/www.europesays.com\/fr\/wp-json\/wp\/v2\/posts\/502210\/revisions"}],"wp:featuredmedia":[{"embeddable":true,"href":"https:\/\/www.europesays.com\/fr\/wp-json\/wp\/v2\/media\/502211"}],"wp:attachment":[{"href":"https:\/\/www.europesays.com\/fr\/wp-json\/wp\/v2\/media?parent=502210"}],"wp:term":[{"taxonomy":"category","embeddable":true,"href":"https:\/\/www.europesays.com\/fr\/wp-json\/wp\/v2\/categories?post=502210"},{"taxonomy":"post_tag","embeddable":true,"href":"https:\/\/www.europesays.com\/fr\/wp-json\/wp\/v2\/tags?post=502210"}],"curies":[{"name":"wp","href":"https:\/\/api.w.org\/{rel}","templated":true}]}}