{"id":502218,"date":"2025-10-31T12:40:18","date_gmt":"2025-10-31T12:40:18","guid":{"rendered":"https:\/\/www.europesays.com\/fr\/502218\/"},"modified":"2025-10-31T12:40:18","modified_gmt":"2025-10-31T12:40:18","slug":"lallemagne-envisage-de-financer-deutsche-telekom-et-dautres-operateurs-pour-remplacer-les-equipements-huawei","status":"publish","type":"post","link":"https:\/\/www.europesays.com\/fr\/502218\/","title":{"rendered":"L&rsquo;Allemagne envisage de financer Deutsche Telekom et d&rsquo;autres op\u00e9rateurs pour remplacer les \u00e9quipements Huawei"},"content":{"rendered":"<p><img decoding=\"async\" class=\"pr-5\" height=\"30\" alt=\"Logo Deutsche Telekom AG\" onerror=\"this.onerror=null;this.style.display = 'none'\" src=\"https:\/\/www.europesays.com\/fr\/wp-content\/uploads\/2025\/10\/instruments-squared-444661.png\"\/><br \/>\n        Deutsche Telekom AG figure parmi les 1ers op\u00e9rateurs mondiaux de t\u00e9l\u00e9communications. Le CA par activit\u00e9 se r\u00e9partit comme suit :<\/p>\n<p>&#8211; prestations de t\u00e9l\u00e9communications (83,3%) : prestations de t\u00e9l\u00e9phonie mobile (261,4 millions d&rsquo;abonn\u00e9s \u00e0 fin 2024), de t\u00e9l\u00e9phonie fixe (25,2 millions d&rsquo;abonn\u00e9s), de transmission de donn\u00e9es, d&rsquo;acc\u00e8s \u00e0 Internet, d&rsquo;h\u00e9bergement de sites Web, de messagerie, d\u00e9veloppement de syst\u00e8mes d&rsquo;information et de communication, etc. ;<\/p>\n<p>&#8211; autres (16,7%) : notamment vente de combin\u00e9s mobiles, d&rsquo;accessoires, et de mat\u00e9riels de t\u00e9l\u00e9communications.<\/p>\n<p>La r\u00e9partition g\u00e9ographique du CA est la suivante : Allemagne (23,7%), Europe (10,9%), Am\u00e9rique du Nord (64,9%) et autres (0,5%).<\/p>\n","protected":false},"excerpt":{"rendered":"Deutsche Telekom AG figure parmi les 1ers op\u00e9rateurs mondiaux de t\u00e9l\u00e9communications. Le CA par activit\u00e9 se r\u00e9partit comme&hellip;\n","protected":false},"author":2,"featured_media":48534,"comment_status":"","ping_status":"","sticky":false,"template":"","format":"standard","meta":{"footnotes":""},"categories":[1587],"tags":[11,672,340,1804,1805,1803,1777,674,1801,12,1802],"class_list":{"0":"post-502218","1":"post","2":"type-post","3":"status-publish","4":"format-standard","5":"has-post-thumbnail","7":"category-allemagne","8":"tag-actualites","9":"tag-allemagne","10":"tag-bourse","11":"tag-bundesrepublik-deutschland","12":"tag-de","13":"tag-deutschland","14":"tag-eu","15":"tag-europe","16":"tag-germany","17":"tag-news","18":"tag-republique-federale-dallemagne"},"share_on_mastodon":{"url":"https:\/\/pubeurope.com\/@fr\/115468830420659821","error":""},"_links":{"self":[{"href":"https:\/\/www.europesays.com\/fr\/wp-json\/wp\/v2\/posts\/502218","targetHints":{"allow":["GET"]}}],"collection":[{"href":"https:\/\/www.europesays.com\/fr\/wp-json\/wp\/v2\/posts"}],"about":[{"href":"https:\/\/www.europesays.com\/fr\/wp-json\/wp\/v2\/types\/post"}],"author":[{"embeddable":true,"href":"https:\/\/www.europesays.com\/fr\/wp-json\/wp\/v2\/users\/2"}],"replies":[{"embeddable":true,"href":"https:\/\/www.europesays.com\/fr\/wp-json\/wp\/v2\/comments?post=502218"}],"version-history":[{"count":0,"href":"https:\/\/www.europesays.com\/fr\/wp-json\/wp\/v2\/posts\/502218\/revisions"}],"wp:featuredmedia":[{"embeddable":true,"href":"https:\/\/www.europesays.com\/fr\/wp-json\/wp\/v2\/media\/48534"}],"wp:attachment":[{"href":"https:\/\/www.europesays.com\/fr\/wp-json\/wp\/v2\/media?parent=502218"}],"wp:term":[{"taxonomy":"category","embeddable":true,"href":"https:\/\/www.europesays.com\/fr\/wp-json\/wp\/v2\/categories?post=502218"},{"taxonomy":"post_tag","embeddable":true,"href":"https:\/\/www.europesays.com\/fr\/wp-json\/wp\/v2\/tags?post=502218"}],"curies":[{"name":"wp","href":"https:\/\/api.w.org\/{rel}","templated":true}]}}