{"id":502229,"date":"2025-10-31T12:46:26","date_gmt":"2025-10-31T12:46:26","guid":{"rendered":"https:\/\/www.europesays.com\/fr\/502229\/"},"modified":"2025-10-31T12:46:26","modified_gmt":"2025-10-31T12:46:26","slug":"huit-francais-bien-partis-lors-des-pq2-en-espagne-lequipe","status":"publish","type":"post","link":"https:\/\/www.europesays.com\/fr\/502229\/","title":{"rendered":"Huit Fran\u00e7ais bien partis lors des PQ2 en Espagne &#8211; L&#039;\u00c9quipe"},"content":{"rendered":"<ol>\n<li><a href=\"https:\/\/news.google.com\/rss\/articles\/CBMinAFBVV95cUxQZTNEeHZONzdLeXVfa2dNOGRYNW9vSUVrcXB3MXpIUzNmaGItbmo4SThRNjVqNmFkSnh3V1BfLVpwbEV4WlBjajd0MkxpanZJazJ3OVUyVUZQSW5sR3pPNVA0aWdjcnlJQV9QeXpZZGxydXJSY1JweW1MM2M2UFBjdC13Tm9EMmcxbFZlUDNDNGQ2NEJTS0dSOG1uVmw?oc=5\" target=\"_blank\" rel=\"nofollow noopener\">Huit Fran\u00e7ais bien partis lors des PQ2 en Espagne<\/a>&nbsp;&nbsp;L&rsquo;\u00c9quipe<\/li>\n<li><a href=\"https:\/\/news.google.com\/rss\/articles\/CBMimgFBVV95cUxOVmJZYlB2N08yN1hCcWxiSDJkMk9DS2RCbjgyNkpWU0hUbW5nd3ZEbDc0MW1HclZPT2J0U2hQc1NySGRRWVBfYXFidDlpc3FKUGhKX3hkWE9vZ25jbUtMZEYyUjlQM19MZFExSXpobkFKcGZzeGxqc05mQVBva19DOTZUdk9ZZEFpQ1VTVDdPVXdEWF9QSWNHWlB3?oc=5\" target=\"_blank\" rel=\"nofollow noopener\">Q-School: Diese f\u00fcnf Schweizer wollen in die Final Stage<\/a>&nbsp;&nbsp;Golf.ch<\/li>\n<li><a href=\"https:\/\/news.google.com\/rss\/articles\/CBMi9AFBVV95cUxNeXFWT2tCUU5vcFVnZlo3bURYVzdmOGJoaFAtbE4ydV9jTWhrOHVRa3pCMlZBSlBmLVF6UGVWVjAtV3k5eTJVbDNwNXcydWtXMUxrcXYtWjdCV1BrT0VHcnk3YU5JN2FBRnZWWDJSWHJKb0VFYVJKUE13YkJ6ZV9XZGlmQUV4Z0RYaVpiQi05QmwxU3pJa25EZHFqVHQ2OXZiWWo0MTdUWlgtcFgyT1hTUFUtaGZzUnhIbXExZjdGZ3IxWnRGQU1EQVVhTUZ1RGt3RF9CUmJITmtNVzVrUEw0RlVkWU5SUHFLbDlya3hpdXc0Vmtp?oc=5\" target=\"_blank\" rel=\"nofollow noopener\">Qualifying School DP World Tour : mauvais d\u00e9part pour les trois golfeurs belges en Espagne<\/a>&nbsp;&nbsp;La Libre.be<\/li>\n<li><a href=\"https:\/\/news.google.com\/rss\/articles\/CBMihwFBVV95cUxOcmtKc0lIM25aM09LY1Q4d09XS0RrdDV5UlVvSVNBekFwZlZZZDNXSTVYZGwweVUtWmVCTWw2OTAwOUxyS053TUQ2MzNBRVByWTZtNTEtd3A5ZEZwbGRrZGtsMVdhQkNpeTVWbDNFY0dYcFpmMms2QkdsNTVLMW5TOUR3cER2cmM?oc=5\" target=\"_blank\" rel=\"nofollow noopener\">23 Fran\u00e7ais au d\u00e9part des PQ2 en Espagne<\/a>&nbsp;&nbsp;Golf Plan\u00e8te<\/li>\n<li><a href=\"https:\/\/news.google.com\/rss\/articles\/CBMijwJBVV95cUxOSzNFaVNpSlFLaWl4YTJxWnVlamJ0ZjM4cjlPU042RDRwd0c0UXRvM3hfNVRXN0stVWUtUUxPbUQxbjk5Q3NUS2U4VktvYnl1YW1GVXhaV19XMWNRc2VPMUlUeUxPenZTMWxwZ29MWGZ5QVAwRWt2S2JsdHg5cDhYTHdNR3pSUk16YjNMbVJ2ZC1DSlJ5U0NkSjF4bkw2cFFrZG5ibUduXzR1Q1p0Y1JYcXhOZS1fWTY1dWNLelMtOW1QUW5RTEZ4VF9ndk1wWWlHeTcyWnF5ajU3XzVTR2Z1U3NMYTZPMWJaZUNFb3VMM09LNW9nWHJTeEVvRGVBX2Q1OFJKcVN5cnFlR0IySV9F?oc=5\" target=\"_blank\" rel=\"nofollow noopener\">Golf. DPW Q-School (2): 22 Fran\u00e7ais sont aux cartes, Edgar Catherine est en t\u00eate \u00e0 Desert Springs<\/a>&nbsp;&nbsp;Ouest-France<\/li>\n<\/ol>\n","protected":false},"excerpt":{"rendered":"Huit Fran\u00e7ais bien partis lors des PQ2 en Espagne&nbsp;&nbsp;L&rsquo;\u00c9quipe Q-School: Diese f\u00fcnf Schweizer wollen in die Final Stage&nbsp;&nbsp;Golf.ch&hellip;\n","protected":false},"author":2,"featured_media":502230,"comment_status":"","ping_status":"","sticky":false,"template":"","format":"standard","meta":{"footnotes":""},"categories":[1418],"tags":[1011,27,1472,60],"class_list":{"0":"post-502229","1":"post","2":"type-post","3":"status-publish","4":"format-standard","5":"has-post-thumbnail","7":"category-golf","8":"tag-fr","9":"tag-france","10":"tag-golf","11":"tag-sports"},"share_on_mastodon":{"url":"https:\/\/pubeurope.com\/@fr\/115468853776694158","error":""},"_links":{"self":[{"href":"https:\/\/www.europesays.com\/fr\/wp-json\/wp\/v2\/posts\/502229","targetHints":{"allow":["GET"]}}],"collection":[{"href":"https:\/\/www.europesays.com\/fr\/wp-json\/wp\/v2\/posts"}],"about":[{"href":"https:\/\/www.europesays.com\/fr\/wp-json\/wp\/v2\/types\/post"}],"author":[{"embeddable":true,"href":"https:\/\/www.europesays.com\/fr\/wp-json\/wp\/v2\/users\/2"}],"replies":[{"embeddable":true,"href":"https:\/\/www.europesays.com\/fr\/wp-json\/wp\/v2\/comments?post=502229"}],"version-history":[{"count":0,"href":"https:\/\/www.europesays.com\/fr\/wp-json\/wp\/v2\/posts\/502229\/revisions"}],"wp:featuredmedia":[{"embeddable":true,"href":"https:\/\/www.europesays.com\/fr\/wp-json\/wp\/v2\/media\/502230"}],"wp:attachment":[{"href":"https:\/\/www.europesays.com\/fr\/wp-json\/wp\/v2\/media?parent=502229"}],"wp:term":[{"taxonomy":"category","embeddable":true,"href":"https:\/\/www.europesays.com\/fr\/wp-json\/wp\/v2\/categories?post=502229"},{"taxonomy":"post_tag","embeddable":true,"href":"https:\/\/www.europesays.com\/fr\/wp-json\/wp\/v2\/tags?post=502229"}],"curies":[{"name":"wp","href":"https:\/\/api.w.org\/{rel}","templated":true}]}}