{"id":502231,"date":"2025-10-31T12:48:20","date_gmt":"2025-10-31T12:48:20","guid":{"rendered":"https:\/\/www.europesays.com\/fr\/502231\/"},"modified":"2025-10-31T12:48:20","modified_gmt":"2025-10-31T12:48:20","slug":"pau-va-passer-la-vitesse-superieure-pour-theo-attissogbe","status":"publish","type":"post","link":"https:\/\/www.europesays.com\/fr\/502231\/","title":{"rendered":"Pau va passer la vitesse sup\u00e9rieure pour Th\u00e9o Attissogbe"},"content":{"rendered":"<p data-start=\"227\" data-end=\"473\">\u00c0 Pau, on anticipe d\u00e9j\u00e0 la suite.<\/p>\n<p data-start=\"227\" data-end=\"473\">M\u00eame si Th\u00e9o Attissogbe est li\u00e9 \u00e0 la Section jusqu\u2019en 2027, les dirigeants b\u00e9arnais s\u2019appr\u00eatent \u00e0 livrer une <strong data-start=\"372\" data-end=\"391\">bataille f\u00e9roce<\/strong> pour prolonger leur ailier courtis\u00e9 par plusieurs cadors du Top 14.<\/p>\n<p data-start=\"475\" data-end=\"854\">Les performances du jeune international Fran\u00e7ais, aussi explosif que r\u00e9gulier, n\u2019ont pas \u00e9chapp\u00e9 aux grosses cylindr\u00e9es du championnat, pr\u00eates \u00e0 d\u00e9gainer de grosses offres pour attirer le talentueux joueur Palois.<\/p>\n<p data-start=\"475\" data-end=\"854\">Pour r\u00e9sister, les dirigeants de la Section comptent s\u2019appuyer sur un argument de poids : la prolongation r\u00e9cente de son ami \u00c9milien Gailleton, symbole du projet de stabilit\u00e9 et d\u2019ambition affich\u00e9 par la Section.<\/p>\n<p data-start=\"856\" data-end=\"1003\">Selon <a href=\"https:\/\/www.rugbypass.com\/fr\/news\/demis-de-melee-prolonges-un-flanker-de-lubb-dans-le-viseur-ca-bouge-a-la-section-paloise\/\" rel=\"nofollow noopener\" target=\"_blank\">Rugby Pass<\/a>, ce lien entre les deux talents form\u00e9s au club serait \u00ab un point qui compte \u00bb dans les discussions en cours.<\/p>\n<p data-start=\"856\" data-end=\"1003\">Th\u00e9o Attissogbe va-t-il prolonger son bail avec Pau ou bien relever un nouveau challenge sportif ailleurs ?<\/p>\n<p data-start=\"856\" data-end=\"1003\"><strong>Affaire \u00e0 suivre\u2026<\/strong><\/p>\n","protected":false},"excerpt":{"rendered":"\u00c0 Pau, on anticipe d\u00e9j\u00e0 la suite. M\u00eame si Th\u00e9o Attissogbe est li\u00e9 \u00e0 la Section jusqu\u2019en 2027,&hellip;\n","protected":false},"author":2,"featured_media":502232,"comment_status":"","ping_status":"","sticky":false,"template":"","format":"standard","meta":{"footnotes":""},"categories":[1416],"tags":[1011,27,479,1468,60],"class_list":{"0":"post-502231","1":"post","2":"type-post","3":"status-publish","4":"format-standard","5":"has-post-thumbnail","7":"category-rugby","8":"tag-fr","9":"tag-france","10":"tag-rugby","11":"tag-rugby-football","12":"tag-sports"},"share_on_mastodon":{"url":"https:\/\/pubeurope.com\/@fr\/115468861739791430","error":""},"_links":{"self":[{"href":"https:\/\/www.europesays.com\/fr\/wp-json\/wp\/v2\/posts\/502231","targetHints":{"allow":["GET"]}}],"collection":[{"href":"https:\/\/www.europesays.com\/fr\/wp-json\/wp\/v2\/posts"}],"about":[{"href":"https:\/\/www.europesays.com\/fr\/wp-json\/wp\/v2\/types\/post"}],"author":[{"embeddable":true,"href":"https:\/\/www.europesays.com\/fr\/wp-json\/wp\/v2\/users\/2"}],"replies":[{"embeddable":true,"href":"https:\/\/www.europesays.com\/fr\/wp-json\/wp\/v2\/comments?post=502231"}],"version-history":[{"count":0,"href":"https:\/\/www.europesays.com\/fr\/wp-json\/wp\/v2\/posts\/502231\/revisions"}],"wp:featuredmedia":[{"embeddable":true,"href":"https:\/\/www.europesays.com\/fr\/wp-json\/wp\/v2\/media\/502232"}],"wp:attachment":[{"href":"https:\/\/www.europesays.com\/fr\/wp-json\/wp\/v2\/media?parent=502231"}],"wp:term":[{"taxonomy":"category","embeddable":true,"href":"https:\/\/www.europesays.com\/fr\/wp-json\/wp\/v2\/categories?post=502231"},{"taxonomy":"post_tag","embeddable":true,"href":"https:\/\/www.europesays.com\/fr\/wp-json\/wp\/v2\/tags?post=502231"}],"curies":[{"name":"wp","href":"https:\/\/api.w.org\/{rel}","templated":true}]}}