{"id":502241,"date":"2025-10-31T12:56:18","date_gmt":"2025-10-31T12:56:18","guid":{"rendered":"https:\/\/www.europesays.com\/fr\/502241\/"},"modified":"2025-10-31T12:56:18","modified_gmt":"2025-10-31T12:56:18","slug":"herve-le-fantaisiste-lingenieux-sculpteur-de-ballons","status":"publish","type":"post","link":"https:\/\/www.europesays.com\/fr\/502241\/","title":{"rendered":"Herv\u00e9 le Fantaisiste, l\u2019ing\u00e9nieux sculpteur de ballons"},"content":{"rendered":"<p>Il a ressuscit\u00e9 Albert Einstein gr\u00e2ce \u00e0 son g\u00e9nie\u00a0: la ma\u00eetrise parfaite de la sculpture de ballons. <a target=\"_self\" href=\"https:\/\/www.lanouvellerepublique.fr\/poitiers\/poitiers-pourquoi-le-theatre-d-improvisation-a-le-vent-en-poupe\" rel=\"noopener\">Herv\u00e9 Guyonnet<\/a>, alias le Fantaisiste, a encore jou\u00e9 de sa magie pour surprendre les Poitevins. L\u2019an pass\u00e9, il avait fait appara\u00eetre une pieuvre g\u00e9ante au-dessus du grand escalier qui orne l\u2019entr\u00e9e de l\u2019h\u00f4tel de ville de Poitiers. Cette ann\u00e9e, le sculpteur de ballons a fait encore plus fort avec un portrait d\u2019Albert Einstein. Une \u0153uvre install\u00e9e pour le compte de l\u2019\u00e9v\u00e9nement du <a target=\"_self\" href=\"https:\/\/www.lanouvellerepublique.fr\/poitiers\/poitiers-la-science-a-hauteur-d-enfant-a-la-mairie-durant-le-week-end-1760198360\" rel=\"noopener\">Palais des sciences, les 11 et 12\u00a0octobre 2025<\/a>, et qui a convaincu la maire de Poitiers de la conserver quelques semaines de plus.<\/p>\n<p>\u00ab\u00a0Rien que la tignasse d\u2019Albert, c\u2019est au moins 400 ballons\u00a0!\u00a0\u00bb<\/p>\n<p>Pour \u00e9viter que le scientifique en latex ne devienne m\u00e9connaissable \u00e0 force de fl\u00e9trir, l\u2019artiste compte bien retourner \u00e0 l\u2019h\u00f4tel de ville pour exploser le millier de ballons. Le r\u00e9sultat d\u2019un travail monumental qu\u2019il avait conceptualis\u00e9 sur papier avant de le monter en quelques heures, aid\u00e9 par un ami missionn\u00e9 au gonflage des ballons. \u00ab\u00a0C\u2019est n\u00e9cessaire d\u2019\u00eatre deux pour ce genre de boulot, sourit Herv\u00e9. Rien que la tignasse d\u2019Albert, c\u2019est au moins 400 ballons \u00e0 gonfler\u00a0!\u00a0\u00bb<\/p>\n<p><img alt=\"Le Albert Einstein en ballons est rest\u00e9 quelques semaines dans l\u2019h\u00f4tel de ville de Poitiers.\" loading=\"lazy\" width=\"980\" height=\"573\" decoding=\"async\" data-nimg=\"1\" class=\"img-responsive spinner-show\" style=\"color:transparent;background-size:cover;background-position:50% 50%;background-repeat:no-repeat;background-image:url(&quot;data:image\/svg+xml;charset=utf-8,%3Csvg xmlns='http:\/\/www.w3.org\/2000\/svg' viewBox='0 0 980 573'%3E%3Cfilter id='b' color-interpolation-filters='sRGB'%3E%3CfeGaussianBlur stdDeviation='20'\/%3E%3CfeColorMatrix values='1 0 0 0 0 0 1 0 0 0 0 0 1 0 0 0 0 0 100 -1' result='s'\/%3E%3CfeFlood x='0' y='0' width='100%25' height='100%25'\/%3E%3CfeComposite operator='out' in='s'\/%3E%3CfeComposite in2='SourceGraphic'\/%3E%3CfeGaussianBlur stdDeviation='20'\/%3E%3C\/filter%3E%3Cimage width='100%25' height='100%25' x='0' y='0' preserveAspectRatio='none' style='filter: url(%23b);' href='https:\/\/images.lanouvellerepublique.fr\/image\/upload\/t_88w\/f_auto\/690387e479b0d373698b46ae.jpg'\/%3E%3C\/svg%3E&quot;)\"   src=\"https:\/\/www.europesays.com\/fr\/wp-content\/uploads\/2025\/10\/690387e479b0d373698b46ae.jpg\"\/><\/p>\n<p style=\"background-color:#F2F2F2;padding:5px;margin-top:0px;margin-bottom:10px\">Le Albert Einstein en ballons est rest\u00e9 quelques semaines dans l\u2019h\u00f4tel de ville de Poitiers.<br \/> \u00a9 (Photo NR-CP, Bastien Blandin)<\/p>\n<p>Outre ses sculptures monumentales, <a target=\"_blank\" href=\"https:\/\/www.instagram.com\/rv_fantaisiste\/\" rel=\"noopener\">Herv\u00e9 le Fantaisiste<\/a> est aussi connu des Poitevins pour \u00eatre pr\u00e9sent sur de nombreux \u00e9v\u00e9nements, dont le march\u00e9 de No\u00ebl. Il ravit les plus jeunes avec la conception de petites sculptures de ballons sur commande. Au-del\u00e0 des grands classiques que sont le chien ou l\u2019\u00e9p\u00e9e, l\u2019artiste est capable de presque tout faire. \u00ab\u00a0En v\u00e9rit\u00e9, c\u2019est surtout une question de temps. Forc\u00e9ment, sur un \u00e9v\u00e9nement o\u00f9 j\u2019ai une file d\u2019attente devant moi, je me cantonne aux mod\u00e8les pr\u00e9\u00e9tablis que je peux r\u00e9aliser les yeux ferm\u00e9s, explique-t-il. Mais j\u2019aime travailler \u00e0 la demande pour me faire surprendre.\u00a0\u00bb<\/p>\n<p>Un mat\u00e9riau biod\u00e9gradable<\/p>\n<p>Avec une esp\u00e9rance de vie estim\u00e9e \u00e0 trois semaines, les ballons fl\u00e9trissent rapidement. L\u2019activit\u00e9 du fantaisiste artiste pourrait alors \u00eatre critiqu\u00e9e pour son impact \u00e9cologique. \u00ab\u00a0Sauf que c\u2019est une id\u00e9e re\u00e7ue, balaye de suite Herv\u00e9. Les ballons sont en latex, c\u2019est donc biod\u00e9gradable. Par exemple, le millier de ballons utilis\u00e9s pour le portrait d\u2019Einstein pourra \u00eatre jet\u00e9 au compost ou bien r\u00e9employ\u00e9.\u00a0\u00bb<\/p>\n<p>Difficile de quantifier le nombre de ballons utilis\u00e9s par Herv\u00e9 au fil de ses vingt-cinq\u00a0ans de carri\u00e8re de \u00ab\u00a0balloon artist\u00a0\u00bb. Un art qu\u2019il avait d\u00e9couvert par hasard alors qu\u2019il animait dans un centre de vacances dans le Var. \u00ab\u00a0Un sculpteur de ballons devait intervenir, mais il nous avait fait faux bon la veille de sa venue. En une nuit, j\u2019avais appris les bases pour tenir l\u2019animation.\u00a0\u00bb Du g\u00e9nie.<\/p>\n<p>Herv\u00e9 le Fantaisiste sera pr\u00e9sent sur le march\u00e9 de No\u00ebl de Poitiers, les apr\u00e8s-midi des 6, 13, 20 et 21\u00a0d\u00e9cembre 2025 et sur celui de Montamis\u00e9 le 19\u00a0d\u00e9cembre.<\/p>\n<p><script async src=\"\/\/www.instagram.com\/embed.js\"><\/script><\/p>\n","protected":false},"excerpt":{"rendered":"Il a ressuscit\u00e9 Albert Einstein gr\u00e2ce \u00e0 son g\u00e9nie\u00a0: la ma\u00eetrise parfaite de la sculpture de ballons. Herv\u00e9&hellip;\n","protected":false},"author":2,"featured_media":502242,"comment_status":"","ping_status":"","sticky":false,"template":"","format":"standard","meta":{"footnotes":""},"categories":[1358],"tags":[1392,1477,1348,1384,1385,9332,1386,58,59,1011,27,1393,1653,1584],"class_list":{"0":"post-502241","1":"post","2":"type-post","3":"status-publish","4":"format-standard","5":"has-post-thumbnail","7":"category-arts-et-design","8":"tag-a-la-une-local","9":"tag-artisanat","10":"tag-arts","11":"tag-arts-and-design","12":"tag-arts-et-design","13":"tag-centrepresse","14":"tag-design","15":"tag-divertissement","16":"tag-entertainment","17":"tag-fr","18":"tag-france","19":"tag-loisirs","20":"tag-poitiers","21":"tag-vienne"},"share_on_mastodon":{"url":"https:\/\/pubeurope.com\/@fr\/115468893298323970","error":""},"_links":{"self":[{"href":"https:\/\/www.europesays.com\/fr\/wp-json\/wp\/v2\/posts\/502241","targetHints":{"allow":["GET"]}}],"collection":[{"href":"https:\/\/www.europesays.com\/fr\/wp-json\/wp\/v2\/posts"}],"about":[{"href":"https:\/\/www.europesays.com\/fr\/wp-json\/wp\/v2\/types\/post"}],"author":[{"embeddable":true,"href":"https:\/\/www.europesays.com\/fr\/wp-json\/wp\/v2\/users\/2"}],"replies":[{"embeddable":true,"href":"https:\/\/www.europesays.com\/fr\/wp-json\/wp\/v2\/comments?post=502241"}],"version-history":[{"count":0,"href":"https:\/\/www.europesays.com\/fr\/wp-json\/wp\/v2\/posts\/502241\/revisions"}],"wp:featuredmedia":[{"embeddable":true,"href":"https:\/\/www.europesays.com\/fr\/wp-json\/wp\/v2\/media\/502242"}],"wp:attachment":[{"href":"https:\/\/www.europesays.com\/fr\/wp-json\/wp\/v2\/media?parent=502241"}],"wp:term":[{"taxonomy":"category","embeddable":true,"href":"https:\/\/www.europesays.com\/fr\/wp-json\/wp\/v2\/categories?post=502241"},{"taxonomy":"post_tag","embeddable":true,"href":"https:\/\/www.europesays.com\/fr\/wp-json\/wp\/v2\/tags?post=502241"}],"curies":[{"name":"wp","href":"https:\/\/api.w.org\/{rel}","templated":true}]}}