{"id":502245,"date":"2025-10-31T12:59:14","date_gmt":"2025-10-31T12:59:14","guid":{"rendered":"https:\/\/www.europesays.com\/fr\/502245\/"},"modified":"2025-10-31T12:59:14","modified_gmt":"2025-10-31T12:59:14","slug":"dj-snake-katseye-theodora-les-stars-attendues-vendredi","status":"publish","type":"post","link":"https:\/\/www.europesays.com\/fr\/502245\/","title":{"rendered":"DJ Snake, Katseye, Theodora\u2026 Les stars attendues vendredi"},"content":{"rendered":"<p><img fetchpriority=\"high\" decoding=\"async\" alt=\"Charlotte Cardin au Trianon, \u00e0 Paris, le 30\u00a0septembre 2025.\" class=\"mb-s@xs radius-0@xs radius-xxs@md c-img\" loading=\"eager\" width=\"640\" height=\"408\" src=\"https:\/\/img.20mn.fr\/cFMkpKeTQz-TnFiqNIDMLCk\/640x408_charlotte-cardin-au-trianon-a-paris-le-30-septembre-2025\" \/>Charlotte Cardin au Trianon, \u00e0 Paris, le 30\u00a0septembre 2025.\u2002-\u00a0Thierry Le Fouille\/SIPA\u2002\/\u00a0SIPA<\/p>\n<p>Nomm\u00e9e dans la cat\u00e9gorie \u00ab\u00a0artiste f\u00e9minine francophone\u00a0\u00bb, <a href=\"https:\/\/www.20minutes.fr\/arts-stars\/4126933-20241206-charlotte-cardin-ascension-voix-quebecoise-vers-sommet-international\" class=\"c-link c-link--is-underlined\" rel=\"nofollow noopener\" target=\"_blank\">Charlotte Cardin<\/a> sera pr\u00e9sente sur la sc\u00e8ne des NRJ Music Awards o\u00f9 elle interpr\u00e9tera son titre Feel good.<\/p>\n<p><img decoding=\"async\" alt=\"Ed Sheeran au iHeartRadio Music Festival \u00e0 Las Vegas, en\u00a02025.\" class=\"mb-s@xs radius-0@xs radius-xxs@md c-img\" loading=\"eager\" width=\"640\" height=\"408\" src=\"https:\/\/img.20mn.fr\/1n1beMnMRcqOlj_dhPcYYSk\/640x408_ed-sheeran-au-i-heart-radio-music-festival-a-las-vegas-en-2025\" \/>Ed Sheeran au iHeartRadio Music Festival \u00e0 Las Vegas, en\u00a02025.\u2002-\u00a0Image Space \/ SOPA\/SIPA\u2002\/\u00a0SIPA<\/p>\n<p>Artiste international le plus r\u00e9compens\u00e9 aux NRJ Music Awards, <a href=\"https:\/\/www.20minutes.fr\/culture\/ed-sheeran\/\" class=\"c-link c-link--is-underlined\" rel=\"nofollow noopener\" target=\"_blank\">Ed Sheeran <\/a>sera lui aussi pr\u00e9sent. Il est nomm\u00e9 dans 2 cat\u00e9gories\u00a0: artiste masculin international et hit international.<\/p>\n<p><img decoding=\"async\" alt=\"Vanessa Paradis au d\u00e9fil\u00e9 Chanel, \u00e0 Paris, le 6\u00a0octobre 2025.\" class=\"mb-s@xs radius-0@xs radius-xxs@md c-img\" loading=\"eager\" width=\"640\" height=\"408\" src=\"https:\/\/img.20mn.fr\/Ig-DQADASXqMyllx2xx8eik\/640x408_vanessa-paradis-au-defile-chanel-a-paris-le-6-octobre-2025\" \/>Vanessa Paradis au d\u00e9fil\u00e9 Chanel, \u00e0 Paris, le 6\u00a0octobre 2025.\u2002-\u00a0Christophe Ena\/AP\/SIPA\u2002\/\u00a0SIPA<img decoding=\"async\" alt=\"Theodora \u00e0 la c\u00e9r\u00e9monie des Flammes, \u00e0 Paris, le 13\u00a0mai 2025.\" class=\"mb-s@xs radius-0@xs radius-xxs@md c-img\" loading=\"eager\" width=\"640\" height=\"408\" src=\"https:\/\/img.20mn.fr\/SYqlgNW6RXSdz7vu5v6BKCk\/640x408_theodora-a-la-ceremonie-des-flammes-a-paris-le-13-mai-2025\" \/>Theodora \u00e0 la c\u00e9r\u00e9monie des Flammes, \u00e0 Paris, le 13\u00a0mai 2025.\u2002-\u00a0SIPA\/SIPA\u2002\/\u00a0SIPA<\/p>\n<p>C\u2019est l\u2019une des stars montantes de l\u2019ann\u00e9e. <a href=\"https:\/\/www.20minutes.fr\/arts-stars\/people\/4130257-20241225-theodora-artiste-derriere-musique-virale-tiktok-kongolese-sous-bbl\" class=\"c-link c-link--is-underlined\" rel=\"nofollow noopener\" target=\"_blank\">Theodora<\/a> pr\u00e9tendra \u00e0 deux titres vendredi, la r\u00e9v\u00e9lation f\u00e9minine francophone et le social hit avec Fashion Designa.<\/p>\n<p><img decoding=\"async\" alt=\"Megan Skiendiel, Manon Bannerman, Sophia Laforteza, Yoonchae, Daniela Avanzini et Lara Raj du groupe Katseye, \u00e0 Los Angeles, le 3\u00a0septembre 2025.\" class=\"mb-s@xs radius-0@xs radius-xxs@md c-img\" loading=\"eager\" width=\"640\" height=\"408\" src=\"https:\/\/img.20mn.fr\/gr6LZo2RSQmL6LYllPTZ3Sk\/640x408_megan-skiendiel-manon-bannerman-sophia-laforteza-yoonchae-daniela-avanzini-et-lara-raj-du-groupe-katseye-a-los-angeles-le-3-septembre-2025\" \/>Megan Skiendiel, Manon Bannerman, Sophia Laforteza, Yoonchae, Daniela Avanzini et Lara Raj du groupe Katseye, \u00e0 Los Angeles, le 3\u00a0septembre 2025.\u2002-\u00a0Rebecca Cabage\/AP\/SIPA\u2002\/\u00a0SIPA<\/p>\n<p>C\u2019est l\u2019un des grands \u00e9v\u00e9nements de la c\u00e9r\u00e9monie. Le girls band am\u00e9ricain <a href=\"https:\/\/www.20minutes.fr\/tempo\/4166799-20250806-katseye-girls-band-fabrique-conquerir-monde-musique\" class=\"c-link c-link--is-underlined\" rel=\"nofollow noopener\" target=\"_blank\">Katseye<\/a>, nomm\u00e9 dans la cat\u00e9gorie \u00ab\u00a0r\u00e9v\u00e9lation internationale\u00a0\u00bb, sera pr\u00e9sent \u00e0 Cannes.<\/p>\n<p><img decoding=\"async\" alt=\"Teddy Riner \u00e0 Roland Garros, \u00e0 Paris, le 5\u00a0juin 2025.\" class=\"mb-s@xs radius-0@xs radius-xxs@md c-img\" loading=\"eager\" width=\"640\" height=\"408\" src=\"https:\/\/img.20mn.fr\/IaNpTjjyQGy9VuI8sbTbcSk\/640x408_teddy-rinner-a-roland-garros-a-paris-le-5-juin-2025\" \/>Teddy Riner \u00e0 Roland Garros, \u00e0 Paris, le 5\u00a0juin 2025.\u2002-\u00a0CHRISTOPHE SAIDI\/SIPA\u2002\/\u00a0SIPA<\/p>\n<p><a href=\"https:\/\/www.20minutes.fr\/sport\/teddy_riner\/\" class=\"c-link c-link--is-underlined\" rel=\"nofollow noopener\" target=\"_blank\">Teddy Riner<\/a> ne sera pas l\u00e0 pour chanter \u2013 ni pour faire un ippon \u00e0 Nikos Aliagas \u2013 mais pour remettre l\u2019une des r\u00e9compenses de la soir\u00e9e.<\/p>\n<p><img decoding=\"async\" alt=\"DJ Snake au MTV Video Music Awards le 7\u00a0septembre 2025.\" class=\"mb-s@xs radius-0@xs radius-xxs@md c-img\" loading=\"eager\" width=\"640\" height=\"408\" src=\"https:\/\/img.20mn.fr\/KGgd-G_LTQ-0ZpVQT0sEgyk\/640x408_dj-snake-au-mtv-video-music-awards-le-7-septembre-2025\" \/>DJ Snake au MTV Video Music Awards le 7\u00a0septembre 2025.\u2002-\u00a0Evan Agostini\/AP\/SIPA\u2002\/\u00a0SIPA<\/p>\n<p>Il est nomm\u00e9 dans 3 cat\u00e9gories\u00a0: DJ, concert francophone et duo international. <a href=\"https:\/\/www.20minutes.fr\/arts-stars\/people\/dj-snake\/\" class=\"c-link c-link--is-underlined\" rel=\"nofollow noopener\" target=\"_blank\">DJ Snake<\/a> ne manquera pas le rendez-vous vendredi soir.<\/p>\n<p><img decoding=\"async\" alt=\"Helena \u00e0 Saint-Laurent-du-Var, le 7\u00a0avril 2025.\" class=\"mb-s@xs radius-0@xs radius-xxs@md c-img\" loading=\"eager\" width=\"640\" height=\"408\" src=\"https:\/\/img.20mn.fr\/nA8WfEnwTjmz80WYpfKcbik\/640x408_helena-a-saint-laurent-du-var-le-7-avril-2025\" \/>Helena \u00e0 Saint-Laurent-du-Var, le 7\u00a0avril 2025.\u2002-\u00a0SYSPEO\/SIPA\u2002\/\u00a0SIPA<\/p>\n<p>R\u00e9v\u00e9lation de la \u00ab\u00a0Star Academy\u00a0\u00bb en\u00a02023, Helena viendra d\u00e9fendre <a href=\"https:\/\/www.20minutes.fr\/arts-stars\/culture\/musique\/4128876-20241214-helena-battue-pouvoir-sortir-mauvais-garcon-single\" class=\"c-link c-link--is-underlined\" rel=\"nofollow noopener\" target=\"_blank\">son titre Mauvais gar\u00e7on<\/a> pour la cat\u00e9gorie \u00ab\u00a0chanson Francophone de l\u2019ann\u00e9e\u00a0\u00bb.<\/p>\n<p><img decoding=\"async\" alt=\"Pierre Garnier au Grand Rex, \u00e0 Paris, le 29\u00a0septembre 2025.\" class=\"mb-s@xs radius-0@xs radius-xxs@md c-img\" loading=\"eager\" width=\"640\" height=\"408\" src=\"https:\/\/img.20mn.fr\/1ziwA6aCQXOB_WRjTnOjfSk\/640x408_pierre-garnier-au-grand-rex-a-paris-le-29-septembre-2025\" \/>Pierre Garnier au Grand Rex, \u00e0 Paris, le 29\u00a0septembre 2025.\u2002-\u00a0JP PARIENTE\/SIPA\u2002\/\u00a0SIPA<\/p>\n<p>Tout comme Helena, <a href=\"https:\/\/www.20minutes.fr\/arts-stars\/culture\/musique\/4179898-20251017-pierre-garnier-annonce-date-sortie-album-live\" class=\"c-link c-link--is-underlined\" rel=\"nofollow noopener\" target=\"_blank\">Pierre Garnier<\/a> s\u2019est fait conna\u00eetre pour sa participation \u00e0 la \u00ab\u00a0Star Ac\u00a0\u00bb en\u00a02023, qu\u2019il a gagn\u00e9e. Aux NRJ Music Awards cette ann\u00e9e, il concourra dans les cat\u00e9gories \u00ab\u00a0artiste masculin francophone\u00a0\u00bb et \u00ab\u00a0duo francophone\u00a0\u00bb.<\/p>\n<p><img decoding=\"async\" alt=\"Eros Ramazzotti au festival Sanremo, en Italie, le 8\u00a0f\u00e9vrier 2024.\" class=\"mb-s@xs radius-0@xs radius-xxs@md c-img\" loading=\"eager\" width=\"640\" height=\"408\" src=\"https:\/\/img.20mn.fr\/xq5xsQUFQYqCnHZ_TkNb8Ck\/640x408_eros-ramazzotti-au-festival-sanremo-en-italie-le-8-fevrier-2024\" \/>Eros Ramazzotti au festival Sanremo, en Italie, le 8\u00a0f\u00e9vrier 2024.\u2002-\u00a0Pool Insabato Rovaris\/Mondadori Portfolio\/Sipa USA\/SIPA\u2002\/\u00a0SIPA<\/p>\n<p>Le chanteur italien Eros Ramazzotti sera \u00e9galement pr\u00e9sent vendredi soir.<\/p>\n<p><img decoding=\"async\" alt=\"Amanda Lear au d\u00e9fil\u00e9 Dior, \u00e0 Paris, le 24\u00a0janvier 2025.\" class=\"mb-s@xs radius-0@xs radius-xxs@md c-img\" loading=\"eager\" width=\"640\" height=\"408\" src=\"https:\/\/img.20mn.fr\/ChQsjnXJSDCwlHhuUrZcbik\/640x408_amanda-lear-au-defile-dior-a-paris-le-24-janvier-2025\" \/>Amanda Lear au d\u00e9fil\u00e9 Dior, \u00e0 Paris, le 24\u00a0janvier 2025.\u2002-\u00a0Laurent VU\/SIPA\u2002\/\u00a0SIPA<\/p>\n<p>Tout comme la star et chanteuse <a href=\"https:\/\/www.20minutes.fr\/arts-stars\/people\/4149390-20250418-pourrais-jouer-si-completement-petee-amanda-lear-confie-secrets-forme\" class=\"c-link c-link--is-underlined\" rel=\"nofollow noopener\" target=\"_blank\">Amanda Lear<\/a>, qui viendra remettre un prix sur sc\u00e8ne.<\/p>\n<p><img decoding=\"async\" alt=\"Gims \u00e0 Nice, le 23\u00a0janvier 2025.\" class=\"mb-s@xs radius-0@xs radius-xxs@md c-img\" loading=\"eager\" width=\"640\" height=\"408\" src=\"https:\/\/img.20mn.fr\/no8Pi5uMT12TiXvFSNwWzik\/640x408_gims-a-nice-le-23-janvier-2025\" \/>Gims \u00e0 Nice, le 23\u00a0janvier 2025.\u2002-\u00a0SYSPEO\/SIPA\u2002\/\u00a0SIPA<\/p>\n<p>Enfin, il y aura aussi <a href=\"https:\/\/www.20minutes.fr\/dossier\/maitre_gims\" class=\"c-link c-link--is-underlined\" rel=\"nofollow noopener\" target=\"_blank\">Gims<\/a>, doublement nomm\u00e9\u00a0: artiste masculin francophone et concert francophone. Il viendra interpr\u00e9ter son titre NINAO.<\/p>\n","protected":false},"excerpt":{"rendered":"Charlotte Cardin au Trianon, \u00e0 Paris, le 30\u00a0septembre 2025.\u2002-\u00a0Thierry Le Fouille\/SIPA\u2002\/\u00a0SIPA Nomm\u00e9e dans la cat\u00e9gorie \u00ab\u00a0artiste f\u00e9minine francophone\u00a0\u00bb,&hellip;\n","protected":false},"author":2,"featured_media":502246,"comment_status":"","ping_status":"","sticky":false,"template":"","format":"standard","meta":{"footnotes":""},"categories":[1355],"tags":[2593,4150,1696,2704,251,58,9472,59,1011,27,13444,30290,1361,873,22726,3287,23046,252,199,10245],"class_list":{"0":"post-502245","1":"post","2":"type-post","3":"status-publish","4":"format-standard","5":"has-post-thumbnail","7":"category-musique","8":"tag-artiste","9":"tag-ceremonie","10":"tag-chanteur","11":"tag-chanteuse","12":"tag-culture","13":"tag-divertissement","14":"tag-ed-sheeran","15":"tag-entertainment","16":"tag-fr","17":"tag-france","18":"tag-gims","19":"tag-joeystarr","20":"tag-music","21":"tag-musique","22":"tag-nrj-music-awards","23":"tag-stars","24":"tag-teddy-riner","25":"tag-television","26":"tag-tf1","27":"tag-vanessa-paradis"},"share_on_mastodon":{"url":"https:\/\/pubeurope.com\/@fr\/115468905578070762","error":""},"_links":{"self":[{"href":"https:\/\/www.europesays.com\/fr\/wp-json\/wp\/v2\/posts\/502245","targetHints":{"allow":["GET"]}}],"collection":[{"href":"https:\/\/www.europesays.com\/fr\/wp-json\/wp\/v2\/posts"}],"about":[{"href":"https:\/\/www.europesays.com\/fr\/wp-json\/wp\/v2\/types\/post"}],"author":[{"embeddable":true,"href":"https:\/\/www.europesays.com\/fr\/wp-json\/wp\/v2\/users\/2"}],"replies":[{"embeddable":true,"href":"https:\/\/www.europesays.com\/fr\/wp-json\/wp\/v2\/comments?post=502245"}],"version-history":[{"count":0,"href":"https:\/\/www.europesays.com\/fr\/wp-json\/wp\/v2\/posts\/502245\/revisions"}],"wp:featuredmedia":[{"embeddable":true,"href":"https:\/\/www.europesays.com\/fr\/wp-json\/wp\/v2\/media\/502246"}],"wp:attachment":[{"href":"https:\/\/www.europesays.com\/fr\/wp-json\/wp\/v2\/media?parent=502245"}],"wp:term":[{"taxonomy":"category","embeddable":true,"href":"https:\/\/www.europesays.com\/fr\/wp-json\/wp\/v2\/categories?post=502245"},{"taxonomy":"post_tag","embeddable":true,"href":"https:\/\/www.europesays.com\/fr\/wp-json\/wp\/v2\/tags?post=502245"}],"curies":[{"name":"wp","href":"https:\/\/api.w.org\/{rel}","templated":true}]}}