{"id":502257,"date":"2025-10-31T13:05:13","date_gmt":"2025-10-31T13:05:13","guid":{"rendered":"https:\/\/www.europesays.com\/fr\/502257\/"},"modified":"2025-10-31T13:05:13","modified_gmt":"2025-10-31T13:05:13","slug":"usa-les-valeurs-a-suivre-a-wall-street-31-10-2025-a-1159","status":"publish","type":"post","link":"https:\/\/www.europesays.com\/fr\/502257\/","title":{"rendered":"USA-Les valeurs \u00e0 suivre \u00e0 Wall Street &#8211; 31\/10\/2025 \u00e0 11:59"},"content":{"rendered":"<p>\n Principales valeurs \u00e0 suivre<br \/>\nvendredi \u00e0 Wall Street, o\u00f9 les contrats \u00e0 terme sur les<br \/>\nprincipaux indices sugg\u00e8rent une ouverture presque stable<br \/>\n(-0,03%) pour le Dow Jones<br \/>\n <a href=\"https:\/\/www.boursorama.com\/cours\/%24INDU\/\" rel=\"nofollow noopener\" target=\"_blank\"><br \/>\n  .DJI<br \/>\n <\/a><br \/>\n , en hausse de 0,65% pour le<br \/>\nStandard &amp; Poor&rsquo;s 500<br \/>\n <a href=\"https:\/\/www.boursorama.com\/cours\/%24INX\/\" rel=\"nofollow noopener\" target=\"_blank\"><br \/>\n  .SPX<br \/>\n <\/a><br \/>\n et de 1,2% pour le Nasdaq<br \/>\n <a href=\"https:\/\/www.boursorama.com\/cours\/%24COMPX\/\" rel=\"nofollow noopener\" target=\"_blank\"><br \/>\n  .IXIC<br \/>\n <\/a><br \/>\n :\n<\/p>\n<p>\n * EXXON MOBIL<br \/>\n <a href=\"https:\/\/www.boursorama.com\/cours\/XOM\/\" rel=\"nofollow noopener\" target=\"_blank\"><br \/>\n  XOM.N<br \/>\n <\/a><br \/>\n a d\u00e9pass\u00e9 vendredi les attentes sur<br \/>\nson b\u00e9n\u00e9fice au troisi\u00e8me trimestre, une hausse de la production<br \/>\nde p\u00e9trole et de gaz en Guyane et dans le bassin Permien ayant<br \/>\ncompens\u00e9 la baisse du cours de l&rsquo;or noir.\n<\/p>\n<p>\n * CHEVRON<br \/>\n <a href=\"https:\/\/www.boursorama.com\/cours\/CVX\/\" rel=\"nofollow noopener\" target=\"_blank\"><br \/>\n  CVX.N<br \/>\n <\/a><br \/>\n a \u00e9galement d\u00e9pass\u00e9 les attentes vendredi,<br \/>\nson b\u00e9n\u00e9fice ajust\u00e9 au troisi\u00e8me trimestre ressortant largement<br \/>\nau-dessus du consensus LSEG, la production record de p\u00e9trole et<br \/>\nde gaz du groupe ayant \u00e9t\u00e9 stimul\u00e9e par son acquisition de Hess<br \/>\npour 55 milliards de dollars (47,16 milliards d&rsquo;euros), tandis<br \/>\nque les marges de raffinage se sont am\u00e9lior\u00e9es.\n<\/p>\n<p>\n * APPLE<br \/>\n <a href=\"https:\/\/www.boursorama.com\/cours\/AAPL\/\" rel=\"nofollow noopener\" target=\"_blank\"><br \/>\n  AAPL.O<br \/>\n <\/a><br \/>\n a fait \u00e9tat jeudi d&rsquo;un chiffre d&rsquo;affaires<br \/>\net b\u00e9n\u00e9fice sup\u00e9rieurs au consensus, tandis que son directeur<br \/>\ng\u00e9n\u00e9ral Tim Cook a d\u00e9clar\u00e9 pr\u00e9voir que les ventes d&rsquo;iPhones et<br \/>\nle chiffre d&rsquo;affaires du groupe s&rsquo;\u00e9tabliraient au-dessus des<br \/>\nattentes lors du trimestre en cours. Le titre gagne 2% en<br \/>\navant-Bourse.\n<\/p>\n<p>\n * AMAZON<br \/>\n <a href=\"https:\/\/www.boursorama.com\/cours\/AMZN\/\" rel=\"nofollow noopener\" target=\"_blank\"><br \/>\n  AMZN.O<br \/>\n <\/a><br \/>\n a dit jeudi anticiper des ventes pour le<br \/>\ntrimestre actuel largement sup\u00e9rieures aux attentes du march\u00e9,<br \/>\nport\u00e9es notamment par la demande pour ses services<br \/>\nd&rsquo;informatique d\u00e9mat\u00e9rialis\u00e9e (\u00ab\u00a0cloud\u00a0\u00bb).\n<\/p>\n<p>\n * WARNER BROS DISCOVERY<br \/>\n <a href=\"https:\/\/www.boursorama.com\/cours\/WBD\/\" rel=\"nofollow noopener\" target=\"_blank\"><br \/>\n  WBD.O<br \/>\n <\/a><br \/>\n a pris 4,6% apr\u00e8s la cloche<br \/>\njeudi apr\u00e8s des informations de sources \u00e0 Reuters selon<br \/>\nlesquelles NETFLIX<br \/>\n <a href=\"https:\/\/www.boursorama.com\/cours\/NFLX\/\" rel=\"nofollow noopener\" target=\"_blank\"><br \/>\n  NFLX.O<br \/>\n <\/a><br \/>\n \u00e9tudie activement la possibilit\u00e9 de<br \/>\nformuler une offre de rachat pour le studio de cin\u00e9ma et la<br \/>\ndivision &lsquo;streaming&rsquo; du g\u00e9ant du divertissement.\n<\/p>\n<p>\n * FIRST SOLAR<br \/>\n <a href=\"https:\/\/www.boursorama.com\/cours\/FSLR\/\" rel=\"nofollow noopener\" target=\"_blank\"><br \/>\n  FSLR.O<br \/>\n <\/a><br \/>\n a d\u00e9pass\u00e9 jeudi les pr\u00e9visions de<br \/>\nventes pour le troisi\u00e8me trimestre avec la forte demande pour<br \/>\nses produits, entra\u00eenant une hausse de plus de 5% du plus grand<br \/>\nfabricant am\u00e9ricain de panneaux solaires dans les \u00e9changes<br \/>\napr\u00e8s-march\u00e9.\n<\/p>\n<p>\n (R\u00e9dig\u00e9 par Augustin Turpin, \u00e9dit\u00e9 par Kate Entringer)<\/p>\n","protected":false},"excerpt":{"rendered":"Principales valeurs \u00e0 suivre vendredi \u00e0 Wall Street, o\u00f9 les contrats \u00e0 terme sur les principaux indices sugg\u00e8rent&hellip;\n","protected":false},"author":2,"featured_media":486724,"comment_status":"","ping_status":"","sticky":false,"template":"","format":"standard","meta":{"footnotes":""},"categories":[6],"tags":[400,398,408,35,405,33,34,1011,27,403,402,399,404,401,406,407],"class_list":{"0":"post-502257","1":"post","2":"type-post","3":"status-publish","4":"format-standard","5":"has-post-thumbnail","7":"category-economie","8":"tag-action-cac-40","9":"tag-bourse-de-paris","10":"tag-boursorama","11":"tag-business","12":"tag-cotations","13":"tag-economie","14":"tag-economy","15":"tag-fr","16":"tag-france","17":"tag-indices-devises","18":"tag-investir","19":"tag-investissement","20":"tag-marche-boursier","21":"tag-sicav","22":"tag-trackers","23":"tag-warrants"},"share_on_mastodon":{"url":"https:\/\/pubeurope.com\/@fr\/115468928606342840","error":""},"_links":{"self":[{"href":"https:\/\/www.europesays.com\/fr\/wp-json\/wp\/v2\/posts\/502257","targetHints":{"allow":["GET"]}}],"collection":[{"href":"https:\/\/www.europesays.com\/fr\/wp-json\/wp\/v2\/posts"}],"about":[{"href":"https:\/\/www.europesays.com\/fr\/wp-json\/wp\/v2\/types\/post"}],"author":[{"embeddable":true,"href":"https:\/\/www.europesays.com\/fr\/wp-json\/wp\/v2\/users\/2"}],"replies":[{"embeddable":true,"href":"https:\/\/www.europesays.com\/fr\/wp-json\/wp\/v2\/comments?post=502257"}],"version-history":[{"count":0,"href":"https:\/\/www.europesays.com\/fr\/wp-json\/wp\/v2\/posts\/502257\/revisions"}],"wp:featuredmedia":[{"embeddable":true,"href":"https:\/\/www.europesays.com\/fr\/wp-json\/wp\/v2\/media\/486724"}],"wp:attachment":[{"href":"https:\/\/www.europesays.com\/fr\/wp-json\/wp\/v2\/media?parent=502257"}],"wp:term":[{"taxonomy":"category","embeddable":true,"href":"https:\/\/www.europesays.com\/fr\/wp-json\/wp\/v2\/categories?post=502257"},{"taxonomy":"post_tag","embeddable":true,"href":"https:\/\/www.europesays.com\/fr\/wp-json\/wp\/v2\/tags?post=502257"}],"curies":[{"name":"wp","href":"https:\/\/api.w.org\/{rel}","templated":true}]}}