{"id":502269,"date":"2025-10-31T13:13:12","date_gmt":"2025-10-31T13:13:12","guid":{"rendered":"https:\/\/www.europesays.com\/fr\/502269\/"},"modified":"2025-10-31T13:13:12","modified_gmt":"2025-10-31T13:13:12","slug":"femmes-festival-du-cinema-toulon-2025","status":"publish","type":"post","link":"https:\/\/www.europesays.com\/fr\/502269\/","title":{"rendered":"FEMMES ! Festival du Cin\u00e9ma Toulon 2025"},"content":{"rendered":"<p data-start=\"657\" data-end=\"913\">FEMMES ! Festival du Cin\u00e9ma Toulon Provence M\u00e9diterran\u00e9e revient du 5 au 22 novembre 2025.<br data-start=\"751\" data-end=\"754\"\/>Cette 24e \u00e9dition confirme une ambition culturelle forte et ouverte.<br data-start=\"822\" data-end=\"825\"\/>Le festival met \u00e0 l\u2019honneur les r\u00e9alisatrices, les actrices et les \u00e9quipes techniques.<\/p>\n<p data-start=\"915\" data-end=\"1160\">Sur le plateau d\u2019INFO83, <a href=\"https:\/\/www.info83.fr\/festival-femmes-2024-toulon-provence-mediterranee-eclats-delles-le-cinema-au-feminin\/\" target=\"_blank\" rel=\"noopener\">Luc Patentreger<\/a> pr\u00e9sente une ligne claire et engag\u00e9e.<br data-start=\"997\" data-end=\"1000\"\/><a href=\"https:\/\/www.info83.fr\/?s=Virginie+Peyr%C3%A9\" target=\"_blank\" rel=\"noopener\">Virginie Peyr\u00e9<\/a>, ambassadrice du festival, accompagne cette dynamique depuis cinq ans.<br data-start=\"1089\" data-end=\"1092\"\/>Tous deux portent la voix d\u2019un cin\u00e9ma qui lie cr\u00e9ation et soci\u00e9t\u00e9.<\/p>\n<p>Regard, cr\u00e9ation et engagement<\/p>\n<p data-start=\"1199\" data-end=\"1426\">Le th\u00e8me <a href=\"https:\/\/femmesfestival.fr\/\" target=\"_blank\" rel=\"noopener\">\u00ab Femmes ! Duo \u00bb<\/a> questionne les liens qui fa\u00e7onnent les r\u00e9cits.<br data-start=\"1275\" data-end=\"1278\"\/>Le festival explore la relation \u00e0 l\u2019autre, l\u2019intime et la transmission.<br data-start=\"1349\" data-end=\"1352\"\/>Les \u0153uvres croisent \u00e9motions, responsabilit\u00e9s et choix de mise en sc\u00e8ne.<\/p>\n<p>Un ancrage territorial fort<\/p>\n<p data-start=\"1462\" data-end=\"1706\">FEMMES ! Festival du Cin\u00e9ma Toulon Provence M\u00e9diterran\u00e9e rayonne dans l\u2019aire TPM.<br data-start=\"1547\" data-end=\"1550\"\/>Les projections et rencontres ont lieu \u00e0 Toulon, La Seyne, Six-Fours et La Garde.<br data-start=\"1631\" data-end=\"1634\"\/>L\u2019\u00e9dition associe lieux culturels, partenaires et publics tr\u00e8s vari\u00e9s.<\/p>\n<p>Temps forts et rencontres<\/p>\n<p data-start=\"1740\" data-end=\"1968\">Une exposition ouvre le programme au Casino JOA, le 1er novembre.<br data-start=\"1805\" data-end=\"1808\"\/>Une Masterclass r\u00e9unit des com\u00e9diennes d\u2019une des plus connues des s\u00e9ries fran\u00e7aises, le 10 novembre.<br data-start=\"1888\" data-end=\"1891\"\/>Des avant-premi\u00e8res, d\u00e9bats et spectacles compl\u00e8tent la programmation 2025.<\/p>\n<p>Valeurs et convictions<\/p>\n<p data-start=\"1999\" data-end=\"2235\">Le festival d\u00e9fend l\u2019\u00e9mancipation des femmes et la lutte contre les violences.<br data-start=\"2077\" data-end=\"2080\"\/>La proximit\u00e9 avec le public reste une signature appr\u00e9ci\u00e9e.<br data-start=\"2138\" data-end=\"2141\"\/>FEMMES ! Festival du Cin\u00e9ma Toulon Provence M\u00e9diterran\u00e9e valorise aussi la sc\u00e8ne locale.<\/p>\n<p>Informations pratiques<br \/>\n<b class=\"ng-star-inserted\" data-start-index=\"1118\">Le Th\u00e8me 2025 : \u00ab\u00a0Duo\u00a0\u00bb \u2013 La Femme \u00e0 travers le regard de l\u2019autre<\/b><\/p>\n<p>Cette 24e \u00e9dition se placera sous le signe du\u00a0\u00ab\u00a0Duo\u00a0\u00bb. Plus qu\u2019un simple mot, c\u2019est une invitation \u00e0 explorer la complexit\u00e9 et la richesse des relations qui d\u00e9finissent et r\u00e9v\u00e8lent la femme.<\/p>\n<p>\u00ab\u00a0La femme, qu\u2019est-ce qu\u2019elle raconte en parlant d\u2019elle \u00e0 travers les autres, c\u2019est-\u00e0-dire les hommes, les femmes, un enfant, un parent, une absence, une action, un deuil.\u00a0\u00bb<\/p>\n<p>Cette th\u00e9matique vous invite donc \u00e0 d\u00e9couvrir des r\u00e9cits f\u00e9minins sous de multiples facettes, \u00e0 travers les miroirs que leur tendent leurs interactions avec le monde.<\/p>\n<p>Voyons maintenant comment ce dialogue prend vie \u00e0 travers une programmation \u00e9clectique et passionnante.<\/p>\n<p><b class=\"ng-star-inserted\" data-start-index=\"1812\">Une Programmation Riche et Vari\u00e9e : Bien plus que du cin\u00e9ma<\/b><\/p>\n<p>Le festival est une v\u00e9ritable synergie d\u2019\u00e9v\u00e9nements artistiques o\u00f9 le cin\u00e9ma est le point de d\u00e9part de multiples explorations. Voici un aper\u00e7u de ce qui vous attend :<\/p>\n<p>\u2022\u00a0Des Films en Long M\u00e9trage :\u00a0C\u2019est le c\u0153ur battant du festival. Vous aurez la chance rare de d\u00e9couvrir de nombreuses \u0153uvres en\u00a0avant-premi\u00e8re, une occasion unique de voir les films de demain avant tout le monde.<\/p>\n<p>\u2022\u00a0Une Exposition Artistique :\u00a0Plongez dans l\u2019univers du festival avant son ouverture avec l\u2019<a href=\"https:\/\/www.visitvar.fr\/fiche\/veilleuses-d-oceans-exposition-photographie-dans-le-cadre-du-24eme-festival-du-cinema-toulon-provence-mediterranee-6309468\" target=\"_blank\" rel=\"noopener\">exposition photo \u00ab\u00a0veilleuse d\u2019oc\u00e9an\u00a0\u00bb<\/a>. D\u00e8s le\u00a01er novembre\u00a0au casino Joa, d\u00e9couvrez le travail des photographes portraitistes\u00a0\u00c9milie de la Morini\u00e8re et Pascal Scaten, qui interpr\u00e8tent une \u0153uvre de l\u2019artiste plasticienne\u00a0Lenny Vidford. Le vernissage est en entr\u00e9e gratuite.<\/p>\n<p><b class=\"ng-star-inserted\" data-start-index=\"2611\">Une Masterclass \u00c9v\u00e9nement :<\/b>\u00a0<\/p>\n<p>Ne manquez pas la Masterclass exceptionnelle et gratuite\u00a0avec les acteurs d\u2019une c\u00e9l\u00e8bre s\u00e9rie fran\u00e7aise, qui se tiendra le\u00a010 novembre \u00e0 18h au cin\u00e9ma six n\u2019\u00e9toiles \u00e0 Six-Fours. C\u2019est une opportunit\u00e9 en or pour \u00e9changer avec eux sur leur m\u00e9tier, l\u2019\u00e9volution du cin\u00e9ma et les coulisses des tournages.<\/p>\n<p><b class=\"ng-star-inserted\" data-start-index=\"2935\">Des Conf\u00e9rences Engag\u00e9es :<\/b><\/p>\n<p>Pour illustrer la port\u00e9e militante de notre festival, assistez par exemple \u00e0 la conf\u00e9rence du\u00a012 novembre \u00e0 20h au cin\u00e9ma six n\u2019\u00e9toiles. Anim\u00e9e par Virginie P\u00e9r\u00e9, elle r\u00e9unira journaliste et \u00e9minent p\u00e9dopsychiatre\u00a0pour aborder la th\u00e9matique cruciale des violences faites aux enfants.<\/p>\n<p><b class=\"ng-star-inserted\" style=\"font-family: -apple-system, BlinkMacSystemFont, 'Segoe UI', Roboto, Oxygen-Sans, Ubuntu, Cantarell, 'Helvetica Neue', sans-serif;\" data-start-index=\"3293\">Des Spectacles Vivants :<\/b><\/p>\n<p>Le festival est aussi une f\u00eate qui soutient le tissu artistique local ! Ne manquez pas nos soir\u00e9es spectacles : le\u00a017 novembre\u00a0au <a href=\"https:\/\/www.joa.fr\/casinos\/la-seyne\" target=\"_blank\" rel=\"noopener\">casino Joa<\/a> pour une soir\u00e9e\u00a0cabaret avec le <a href=\"https:\/\/www.info83.fr\/cabaret-gabrielle-toulon\/\" target=\"_blank\" rel=\"noopener\">Cabaret Gabrielle<\/a> de Toulon, le 18 novembre\u00a0pour une\u00a0soir\u00e9e marocaine\u00a0avec la compagnie de danse Malma et la chanteuse And Zawari, et une soir\u00e9e de cl\u00f4ture d\u00e9di\u00e9e \u00e0 la\u00a0chanson fran\u00e7aise\u00a0avec Les deux s\u0153urs Garniers.<\/p>\n<p>Cette programmation vari\u00e9e n\u2019est pas un hasard : elle est con\u00e7ue pour faire rayonner les artistes, soutenir le tissu \u00e9conomique local et offrir au public une exp\u00e9rience festive et militante qui va bien au-del\u00e0 de la salle de cin\u00e9ma.<\/p>\n<p><strong>\u00a0<\/strong><\/p>\n<p><strong>A voir aussi :<\/strong><\/p>\n<p><a href=\"https:\/\/www.info83.fr\/cabaret-gabrielle-toulon\/\" target=\"_blank\" rel=\"noopener\">Le cabaret Gabrielle \u00e0 Toulon<\/a><\/p>\n<p><a href=\"https:\/\/www.info83.fr\/?s=femmes+festival\" target=\"_blank\" rel=\"noopener\">Les femmes et leur Festival<\/a><\/p>\n<p><strong><img decoding=\"async\" class=\"emoji\" role=\"img\" draggable=\"false\" src=\"https:\/\/s.w.org\/images\/core\/emoji\/13.1.0\/svg\/1f538.svg\" alt=\"\ud83d\udd38\" data-pin-no-hover=\"true\"\/>Info83, le Var proche de vous<br \/><\/strong><\/p>\n<p><img decoding=\"async\" class=\"emoji\" role=\"img\" draggable=\"false\" src=\"https:\/\/s.w.org\/images\/core\/emoji\/13.1.0\/svg\/27a1.svg\" alt=\"\u27a1\ufe0f\" data-pin-no-hover=\"true\"\/>\u00a0<a href=\"https:\/\/bit.ly\/2OZZMMK\" target=\"_blank\" rel=\"noopener noreferrer\">Facebook Info83<\/a><\/p>\n<p><img decoding=\"async\" class=\"emoji\" role=\"img\" draggable=\"false\" src=\"https:\/\/s.w.org\/images\/core\/emoji\/13.1.0\/svg\/27a1.svg\" alt=\"\u27a1\ufe0f\" data-pin-no-hover=\"true\"\/>\u00a0<a href=\"https:\/\/bit.ly\/2ONkTC9\" target=\"_blank\" rel=\"noopener noreferrer\">Youtube Info83<\/a><\/p>\n<p>\u00a0<\/p>\n","protected":false},"excerpt":{"rendered":"FEMMES ! Festival du Cin\u00e9ma Toulon Provence M\u00e9diterran\u00e9e revient du 5 au 22 novembre 2025.Cette 24e \u00e9dition confirme&hellip;\n","protected":false},"author":2,"featured_media":502270,"comment_status":"","ping_status":"","sticky":false,"template":"","format":"standard","meta":{"footnotes":""},"categories":[9619],"tags":[1111,11,62428,62429,62430,1777,674,62431,62432,62433,62434,62435,62436,62437,62438,62439,62440,1011,27,23763,62441,62442,62443,62444,62445,12,882,25,62446,2310,62447,62448],"class_list":{"0":"post-502269","1":"post","2":"type-post","3":"status-publish","4":"format-standard","5":"has-post-thumbnail","7":"category-toulon","8":"tag-actu","9":"tag-actualites","10":"tag-cinema-au-feminin","11":"tag-cinema-mediterraneen","12":"tag-culture-toulon","13":"tag-eu","14":"tag-europe","15":"tag-evenement-culturel-var-2025","16":"tag-exposition-veilleuses-doceans","17":"tag-femmes-festival-du-cinema-toulon-2025","18":"tag-festival-culturel-toulon","19":"tag-festival-du-cinema-toulon","20":"tag-festival-du-cinema-toulon-provence-mediterranee","21":"tag-festival-du-cinema-var","22":"tag-festival-engage-var","23":"tag-festival-femmes-duo","24":"tag-festival-tpm","25":"tag-fr","26":"tag-france","27":"tag-info83","28":"tag-interview-info83","29":"tag-la-garde-evenements-culturels","30":"tag-la-seyne-sur-mer-culture","31":"tag-luc-patentreger","32":"tag-masterclass-plus-belle-la-vie","33":"tag-news","34":"tag-provence-alpes-cote-dazur","35":"tag-republique-francaise","36":"tag-six-fours-les-plages-cinema","37":"tag-toulon","38":"tag-var-culture-2025","39":"tag-virginie-peyre"},"share_on_mastodon":{"url":"","error":"Validation failed: Text character limit of 500 exceeded"},"_links":{"self":[{"href":"https:\/\/www.europesays.com\/fr\/wp-json\/wp\/v2\/posts\/502269","targetHints":{"allow":["GET"]}}],"collection":[{"href":"https:\/\/www.europesays.com\/fr\/wp-json\/wp\/v2\/posts"}],"about":[{"href":"https:\/\/www.europesays.com\/fr\/wp-json\/wp\/v2\/types\/post"}],"author":[{"embeddable":true,"href":"https:\/\/www.europesays.com\/fr\/wp-json\/wp\/v2\/users\/2"}],"replies":[{"embeddable":true,"href":"https:\/\/www.europesays.com\/fr\/wp-json\/wp\/v2\/comments?post=502269"}],"version-history":[{"count":0,"href":"https:\/\/www.europesays.com\/fr\/wp-json\/wp\/v2\/posts\/502269\/revisions"}],"wp:featuredmedia":[{"embeddable":true,"href":"https:\/\/www.europesays.com\/fr\/wp-json\/wp\/v2\/media\/502270"}],"wp:attachment":[{"href":"https:\/\/www.europesays.com\/fr\/wp-json\/wp\/v2\/media?parent=502269"}],"wp:term":[{"taxonomy":"category","embeddable":true,"href":"https:\/\/www.europesays.com\/fr\/wp-json\/wp\/v2\/categories?post=502269"},{"taxonomy":"post_tag","embeddable":true,"href":"https:\/\/www.europesays.com\/fr\/wp-json\/wp\/v2\/tags?post=502269"}],"curies":[{"name":"wp","href":"https:\/\/api.w.org\/{rel}","templated":true}]}}