{"id":502279,"date":"2025-10-31T13:18:12","date_gmt":"2025-10-31T13:18:12","guid":{"rendered":"https:\/\/www.europesays.com\/fr\/502279\/"},"modified":"2025-10-31T13:18:12","modified_gmt":"2025-10-31T13:18:12","slug":"sotteville-les-rouen-souffler-dans-le-ballon-conduit-ce-jeune-chauffard-a-son-interpellation","status":"publish","type":"post","link":"https:\/\/www.europesays.com\/fr\/502279\/","title":{"rendered":"Sotteville-l\u00e8s-Rouen. Souffler dans le ballon conduit ce jeune chauffard \u00e0 son interpellation"},"content":{"rendered":"<p>            Par<br \/>\n        <strong><br \/>\n            <a href=\"https:\/\/actu.fr\/auteur\/julien-bouteiller\" title=\"Consulter tous les articles de Julien Bouteiller\" target=\"_blank\" rel=\"noopener\">Julien Bouteiller<\/a><br \/>\n        <\/strong><\/p>\n<p>        Publi\u00e9 le<\/p>\n<p>            31 oct. 2025 \u00e0 13h20        <\/p>\n<p><strong>Le protoxyde d\u2019azote<\/strong> <a href=\"https:\/\/actu.fr\/societe\/rien-d-hilarant-vinci-autoroute-alerte-sur-une-hausse-de-la-consommation-de-protoxyde-d-azote-au-volant_63342517.html\" target=\"_blank\" rel=\"noopener\">est un v\u00e9ritable fl\u00e9au<\/a>. Jeudi 30 octobre 2025, un jeune conducteur a \u00e9t\u00e9 interpell\u00e9 \u00e0 <a href=\"https:\/\/actu.fr\/normandie\/sotteville-les-rouen_76681\" target=\"_blank\" rel=\"noopener\">Sotteville-l\u00e8s-Rouen<\/a>, apr\u00e8s avoir \u00e9t\u00e9 surpris <strong>en train d\u2019en consommer un \u00ab\u00a0ballon\u00a0\u00bb au volant,<\/strong> apprend-on de source polici\u00e8re.<\/p>\n<p>Il consomme un \u00ab\u00a0ballon\u00a0\u00bb au volant<\/p>\n<p class=\" wall-content\">Vers 1h du matin, des policiers, arr\u00eat\u00e9s \u00e0 un feu rouge, voient un v\u00e9hicule arrivant \u00e0 vive allure, \u00e0 l\u2019angle <strong>de la rue Hyacinthe-M\u00e9nager et de l\u2019avenue du 14-juillet<\/strong>. \u00ab\u00a0Le conducteur porte une capuche et il consomme un ballon.\u00a0\u00bb Ces ballons remplis de protoxyde d\u2019azote permettent d\u2019aspirer le gaz, qui cr\u00e9e un bref effet euphorisant <strong>mais comporte de nombreux risques.<\/strong><\/p>\n<p class=\" wall-content\">Toujours \u00e0 vive allure, le jeune homme tourne <strong>rue Victor-Bertel<\/strong>. Les policiers veulent le contr\u00f4ler, mais le chauffard acc\u00e9l\u00e8re. \u00ab\u00a0Il perd le contr\u00f4le du v\u00e9hicule et finit dans la cl\u00f4ture du parc Bertel.\u00a0\u00bb<\/p>\n<p class=\" wall-content\">D\u00e9termin\u00e9 \u00e0 fuir, il descend par le c\u00f4t\u00e9 passager et tente de s\u2019\u00e9chapper dans le parc. Mais il est interpell\u00e9.\u00a0<\/p>\n<p class=\" wall-content\">Il appara\u00eet ensuite qu\u2019il roulait sans ceinture, et une bonbonne de protoxyde d\u2019azote est retrouv\u00e9e sur le si\u00e8ge passager. Le jeune de 20 ans n\u2019a pas ailleurs pas le permis de conduire. Il est plac\u00e9 en garde \u00e0 vue et son v\u00e9hicule immobilis\u00e9.<\/p>\n<p>Vid\u00e9os : en ce moment sur ActuSuivez l\u2019actualit\u00e9 de Rouen <a href=\"https:\/\/www.whatsapp.com\/channel\/0029VaKfnf99hXF2ddApFB1D\" target=\"_blank\" rel=\"noopener\">sur notre cha\u00eene WhatsApp<\/a> et <a href=\"https:\/\/www.tiktok.com\/@76actu.fr?lang=fr\" target=\"_blank\" rel=\"noopener\">sur notre compte TikTok<\/a><\/p>\n<p class=\" wall-content\">Personnalisez votre actualit\u00e9 en ajoutant vos villes et m\u00e9dias en favori avec <a href=\"https:\/\/moncompte.actu.fr\" title=\"D\u00e9couvez Mon Actu\" rel=\"nofollow noopener\" data-trk=\"{&quot;cta&quot;:{&quot;action&quot;:&quot;https:\\\/\\\/moncompte.actu.fr&quot;,&quot;category&quot;:&quot;mon compte&quot;,&quot;from&quot;:&quot;article footer&quot;,&quot;name&quot;:&quot;Mon actu&quot;,&quot;type&quot;:&quot;cta&quot;}}\" target=\"_blank\">Mon Actu<\/a>.<\/p>\n<p>                    <script async src=\"\/\/www.tiktok.com\/embed.js\"><\/script><\/p>\n","protected":false},"excerpt":{"rendered":"Par Julien Bouteiller Publi\u00e9 le 31 oct. 2025 \u00e0 13h20 Le protoxyde d\u2019azote est un v\u00e9ritable fl\u00e9au. Jeudi&hellip;\n","protected":false},"author":2,"featured_media":502280,"comment_status":"","ping_status":"","sticky":false,"template":"","format":"standard","meta":{"footnotes":""},"categories":[9587],"tags":[1111,11,1777,674,118,1011,27,12,5161,1072,2852,25,9590],"class_list":{"0":"post-502279","1":"post","2":"type-post","3":"status-publish","4":"format-standard","5":"has-post-thumbnail","7":"category-rouen","8":"tag-actu","9":"tag-actualites","10":"tag-eu","11":"tag-europe","12":"tag-faits-divers","13":"tag-fr","14":"tag-france","15":"tag-news","16":"tag-normandie","17":"tag-police","18":"tag-refus-dobtemperer","19":"tag-republique-francaise","20":"tag-rouen"},"share_on_mastodon":{"url":"https:\/\/pubeurope.com\/@fr\/115468979719241468","error":""},"_links":{"self":[{"href":"https:\/\/www.europesays.com\/fr\/wp-json\/wp\/v2\/posts\/502279","targetHints":{"allow":["GET"]}}],"collection":[{"href":"https:\/\/www.europesays.com\/fr\/wp-json\/wp\/v2\/posts"}],"about":[{"href":"https:\/\/www.europesays.com\/fr\/wp-json\/wp\/v2\/types\/post"}],"author":[{"embeddable":true,"href":"https:\/\/www.europesays.com\/fr\/wp-json\/wp\/v2\/users\/2"}],"replies":[{"embeddable":true,"href":"https:\/\/www.europesays.com\/fr\/wp-json\/wp\/v2\/comments?post=502279"}],"version-history":[{"count":0,"href":"https:\/\/www.europesays.com\/fr\/wp-json\/wp\/v2\/posts\/502279\/revisions"}],"wp:featuredmedia":[{"embeddable":true,"href":"https:\/\/www.europesays.com\/fr\/wp-json\/wp\/v2\/media\/502280"}],"wp:attachment":[{"href":"https:\/\/www.europesays.com\/fr\/wp-json\/wp\/v2\/media?parent=502279"}],"wp:term":[{"taxonomy":"category","embeddable":true,"href":"https:\/\/www.europesays.com\/fr\/wp-json\/wp\/v2\/categories?post=502279"},{"taxonomy":"post_tag","embeddable":true,"href":"https:\/\/www.europesays.com\/fr\/wp-json\/wp\/v2\/tags?post=502279"}],"curies":[{"name":"wp","href":"https:\/\/api.w.org\/{rel}","templated":true}]}}