{"id":502281,"date":"2025-10-31T13:19:12","date_gmt":"2025-10-31T13:19:12","guid":{"rendered":"https:\/\/www.europesays.com\/fr\/502281\/"},"modified":"2025-10-31T13:19:12","modified_gmt":"2025-10-31T13:19:12","slug":"grenoble-troisieme-trimestre-difficile-pour-le-groupe-samse-a-cause-du-ralentissement-du-marche","status":"publish","type":"post","link":"https:\/\/www.europesays.com\/fr\/502281\/","title":{"rendered":"Grenoble. Troisi\u00e8me trimestre difficile pour le groupe Samse \u00e0 cause du ralentissement du march\u00e9"},"content":{"rendered":"<p>Positif sur <a href=\"https:\/\/www.ledauphine.com\/economie\/2025\/07\/31\/samse-en-positif-grace-a-ses-acquisitions-sur-le-1er-semestre-2025\" target=\"_blank\" rel=\"noopener\">le premier semestre 2025<\/a> gr\u00e2ce \u00e0 <a href=\"https:\/\/www.ledauphine.com\/economie\/2024\/05\/06\/isere-le-groupe-samse-realise-la-plus-grosse-operation-de-croissance-externe-de-son-histoire\" target=\"_blank\" rel=\"noopener\">ses acquisitions r\u00e9centes<\/a> , le groupe Samse annonce un chiffre d\u2019affaires annuel \u00e0 1,461\u00a0milliard d\u2019euros au 30\u00a0septembre 2025, en progression de 1\u00a0% par rapport \u00e0 2024 mais \u00e0 -6,3\u00a0% \u00e0 p\u00e9rim\u00e8tre comparable uniquement sur le 3e trimestre (456,1\u00a0M\u20ac contre 486,7\u00a0M\u20ac en 2024).<\/p>\n<p>Dans le d\u00e9tail, le chiffre d\u2019affaires de l\u2019activit\u00e9 N\u00e9goce du troisi\u00e8me trimestre 2025 (365,8\u00a0M\u20ac) affiche un retrait de 5,9\u00a0% par rapport au T3 2024 (365,8\u00a0M\u20ac). L\u2019activit\u00e9 Bricolage, avec un chiffre d\u2019affaires de 90,3\u00a0M\u20ac, est en baisse de 7,7\u00a0% (97,8\u00a0M\u20ac au T3 2024).<\/p>\n<p>  \u00ab\u00a0Intensifier la dynamique commerciale des points de vente\u00a0\u00bb<\/p>\n<p>Au niveau des perspectives, le groupe grenoblois de mat\u00e9riaux de construction confie \u00ab\u00a0poursuivre ses actions de rationalisation et d\u2019optimisation dans un contexte \u00e9conomique d\u00e9grad\u00e9, avec une volont\u00e9 d\u2019intensifier la dynamique commerciale de ses points de vente.\u00a0\u00bb Il entend cependant \u00ab\u00a0conserver un maillage optimis\u00e9 et des \u00e9quipes comp\u00e9tentes dans la perspective de la reprise de ses march\u00e9s\u00a0\u00bb.<\/p>\n","protected":false},"excerpt":{"rendered":"Positif sur le premier semestre 2025 gr\u00e2ce \u00e0 ses acquisitions r\u00e9centes , le groupe Samse annonce un chiffre&hellip;\n","protected":false},"author":2,"featured_media":502282,"comment_status":"","ping_status":"","sticky":false,"template":"","format":"standard","meta":{"footnotes":""},"categories":[9566],"tags":[1111,11,2430,4749,9810,33,112,1777,674,107,1795,1011,27,2731,2732,108,12,25],"class_list":{"0":"post-502281","1":"post","2":"type-post","3":"status-publish","4":"format-standard","5":"has-post-thumbnail","7":"category-grenoble","8":"tag-actu","9":"tag-actualites","10":"tag-auvergne-rhone-alpes","11":"tag-btp-et-chantiers","12":"tag-direct-entreprises","13":"tag-economie","14":"tag-edition-grenoble-agglomeration","15":"tag-eu","16":"tag-europe","17":"tag-fil-info","18":"tag-fil-web","19":"tag-fr","20":"tag-france","21":"tag-grenoble","22":"tag-grenoble-bassin","23":"tag-isere","24":"tag-news","25":"tag-republique-francaise"},"share_on_mastodon":{"url":"https:\/\/pubeurope.com\/@fr\/115468983554819096","error":""},"_links":{"self":[{"href":"https:\/\/www.europesays.com\/fr\/wp-json\/wp\/v2\/posts\/502281","targetHints":{"allow":["GET"]}}],"collection":[{"href":"https:\/\/www.europesays.com\/fr\/wp-json\/wp\/v2\/posts"}],"about":[{"href":"https:\/\/www.europesays.com\/fr\/wp-json\/wp\/v2\/types\/post"}],"author":[{"embeddable":true,"href":"https:\/\/www.europesays.com\/fr\/wp-json\/wp\/v2\/users\/2"}],"replies":[{"embeddable":true,"href":"https:\/\/www.europesays.com\/fr\/wp-json\/wp\/v2\/comments?post=502281"}],"version-history":[{"count":0,"href":"https:\/\/www.europesays.com\/fr\/wp-json\/wp\/v2\/posts\/502281\/revisions"}],"wp:featuredmedia":[{"embeddable":true,"href":"https:\/\/www.europesays.com\/fr\/wp-json\/wp\/v2\/media\/502282"}],"wp:attachment":[{"href":"https:\/\/www.europesays.com\/fr\/wp-json\/wp\/v2\/media?parent=502281"}],"wp:term":[{"taxonomy":"category","embeddable":true,"href":"https:\/\/www.europesays.com\/fr\/wp-json\/wp\/v2\/categories?post=502281"},{"taxonomy":"post_tag","embeddable":true,"href":"https:\/\/www.europesays.com\/fr\/wp-json\/wp\/v2\/tags?post=502281"}],"curies":[{"name":"wp","href":"https:\/\/api.w.org\/{rel}","templated":true}]}}