{"id":502285,"date":"2025-10-31T13:21:14","date_gmt":"2025-10-31T13:21:14","guid":{"rendered":"https:\/\/www.europesays.com\/fr\/502285\/"},"modified":"2025-10-31T13:21:14","modified_gmt":"2025-10-31T13:21:14","slug":"cest-un-raccourci-pour-cette-chercheuse-de-rennes-tour-ne-rime-pas-forcement-avec-insecurite","status":"publish","type":"post","link":"https:\/\/www.europesays.com\/fr\/502285\/","title":{"rendered":"\u00ab\u00a0C\u2019est un raccourci\u00a0\u00bb\u00a0: pour cette chercheuse de Rennes, \u00ab\u00a0tour\u00a0\u00bb ne rime pas forc\u00e9ment avec \u00ab\u00a0ins\u00e9curit\u00e9\u00a0\u00bb"},"content":{"rendered":"<p>Le Mensuel : Les nouveaux quartiers<a href=\"https:\/\/www.letelegramme.fr\/ille-et-vilaine\/rennes-35000\/a-rennes-des-quartiers-entiers-sortent-de-terre-eldorado-ou-futurs-ghettos-6902028.php\" target=\"_blank\" rel=\"nofollow noopener\"> sont r\u00e9put\u00e9s pour leur densit\u00e9<\/a>, incarn\u00e9e notamment par les tours. Cette concentration de population g\u00e9n\u00e8re, dans l\u2019imaginaire collectif, des risques sur la s\u00e9curit\u00e9. Fantasme ou r\u00e9alit\u00e9 ?<\/p>\n<p><strong>Sol\u00e8ne Gaudin :<\/strong> Comme vous dites, la grande hauteur est p\u00e9trie d\u2019imaginaire. La densit\u00e9 urbaine est souvent incrimin\u00e9e lorsqu\u2019elle est associ\u00e9e \u00e0 des quartiers pauvres ou populaires. Ce n\u2019est pas seulement une question de pauvret\u00e9, c\u2019est une concentration de la pauvret\u00e9 dont les tours sont l\u2019embl\u00e8me visible.<\/p>\n<p>L\u2019un des territoires les plus denses et hauts au monde, c\u2019est Monaco ! Ces discours sur l\u2019ins\u00e9curit\u00e9 rel\u00e8vent d\u2019une construction politique et m\u00e9diatique. Associer l\u2019urbanisme et la s\u00e9curit\u00e9, c\u2019est un raccourci qui \u00e9vite d\u2019interroger les probl\u00e9matiques d\u2019int\u00e9gration sociale. Il faut d\u00e9construire les assimilations trop faciles entre formes urbaines et d\u00e9linquance.<\/p>\n<p>Beauregard ne sera pas le Blosne de demain, comme l\u2019affirment certains \u00e9lus de l\u2019opposition ?<\/p>\n<p>Encore une fois, c\u2019est un raccourci. Les m\u00e9canismes ne sont pas les m\u00eames. Si on prend la r\u00e9alit\u00e9 du secteur dans le march\u00e9 libre, Beauregard correspond \u00e0 des exigences de mixit\u00e9 sociale. Certes, il y a des op\u00e9rations de saisie de drogues \u00e0 Beauregard, mais sans commune mesure avec Maurepas ou Villejean. Cela ne suffit pas \u00e0 tirer des g\u00e9n\u00e9ralit\u00e9s d\u2019\u00e9volution du quartier. Aucun indicateur n\u2019indique que Beauregard est sur une pente d\u00e9clinante. Le quartier souffre aussi de sa proximit\u00e9 administrative avec Villejean. Il y a un effet de repr\u00e9sentation qui freine l\u2019envol\u00e9e des prix sur le secteur.<\/p>\n","protected":false},"excerpt":{"rendered":"Le Mensuel : Les nouveaux quartiers sont r\u00e9put\u00e9s pour leur densit\u00e9, incarn\u00e9e notamment par les tours. Cette concentration&hellip;\n","protected":false},"author":2,"featured_media":502286,"comment_status":"","ping_status":"","sticky":false,"template":"","format":"standard","meta":{"footnotes":""},"categories":[2821],"tags":[1111,11,829,1777,674,1011,27,848,12,584,25],"class_list":{"0":"post-502285","1":"post","2":"type-post","3":"status-publish","4":"format-standard","5":"has-post-thumbnail","7":"category-rennes","8":"tag-actu","9":"tag-actualites","10":"tag-bretagne","11":"tag-eu","12":"tag-europe","13":"tag-fr","14":"tag-france","15":"tag-ille-et-vilaine","16":"tag-news","17":"tag-rennes","18":"tag-republique-francaise"},"share_on_mastodon":{"url":"https:\/\/pubeurope.com\/@fr\/115468991577571553","error":""},"_links":{"self":[{"href":"https:\/\/www.europesays.com\/fr\/wp-json\/wp\/v2\/posts\/502285","targetHints":{"allow":["GET"]}}],"collection":[{"href":"https:\/\/www.europesays.com\/fr\/wp-json\/wp\/v2\/posts"}],"about":[{"href":"https:\/\/www.europesays.com\/fr\/wp-json\/wp\/v2\/types\/post"}],"author":[{"embeddable":true,"href":"https:\/\/www.europesays.com\/fr\/wp-json\/wp\/v2\/users\/2"}],"replies":[{"embeddable":true,"href":"https:\/\/www.europesays.com\/fr\/wp-json\/wp\/v2\/comments?post=502285"}],"version-history":[{"count":0,"href":"https:\/\/www.europesays.com\/fr\/wp-json\/wp\/v2\/posts\/502285\/revisions"}],"wp:featuredmedia":[{"embeddable":true,"href":"https:\/\/www.europesays.com\/fr\/wp-json\/wp\/v2\/media\/502286"}],"wp:attachment":[{"href":"https:\/\/www.europesays.com\/fr\/wp-json\/wp\/v2\/media?parent=502285"}],"wp:term":[{"taxonomy":"category","embeddable":true,"href":"https:\/\/www.europesays.com\/fr\/wp-json\/wp\/v2\/categories?post=502285"},{"taxonomy":"post_tag","embeddable":true,"href":"https:\/\/www.europesays.com\/fr\/wp-json\/wp\/v2\/tags?post=502285"}],"curies":[{"name":"wp","href":"https:\/\/api.w.org\/{rel}","templated":true}]}}