{"id":502287,"date":"2025-10-31T13:22:14","date_gmt":"2025-10-31T13:22:14","guid":{"rendered":"https:\/\/www.europesays.com\/fr\/502287\/"},"modified":"2025-10-31T13:22:14","modified_gmt":"2025-10-31T13:22:14","slug":"des-heros-les-habitants-dun-immeuble-en-feu-a-rennes-evacues-grace-a-trois-jeunes-qui-rentraient-de-soiree","status":"publish","type":"post","link":"https:\/\/www.europesays.com\/fr\/502287\/","title":{"rendered":"\u00ab\u00a0Des h\u00e9ros\u00a0\u00bb : les habitants d&rsquo;un immeuble en feu \u00e0 Rennes \u00e9vacu\u00e9s gr\u00e2ce \u00e0 trois jeunes qui rentraient de soir\u00e9e"},"content":{"rendered":"<ul class=\"jsx-862013697 ArticleChapo__List\">\n<li class=\"jsx-862013697 ArticleChapo__List_Item flex\">Un incendie s&rsquo;est d\u00e9clar\u00e9 tr\u00e8s t\u00f4t dans la matin\u00e9e, ce vendredi 31 octobre, dans un immeuble du centre-ville de Rennes (Ille-et-Vilaine).<\/li>\n<li class=\"jsx-862013697 ArticleChapo__List_Item flex\">Le pire a pu \u00eatre \u00e9vit\u00e9 gr\u00e2ce \u00e0 l&rsquo;intervention de trois jeunes qui rentraient de soir\u00e9e.<\/li>\n<li class=\"jsx-862013697 ArticleChapo__List_Item flex\">Un geste tr\u00e8s courageux, salu\u00e9 dans tout le quartier.<\/li>\n<\/ul>\n<p><a href=\"https:\/\/www.tf1info.fr\/emissions\/tf1\/le-13h-10927\/\" rel=\"noopener\" class=\"jsx-484472199 Link jsx-1428418400 jsx-640816507\" target=\"_blank\"><\/p>\n<p style=\"font-weight:400\" class=\"jsx-1837267516\">Suivez la couverture compl\u00e8te<\/p>\n<p style=\"font-weight:800\" class=\"jsx-1837267516\">Le 13H<\/p>\n<p><\/a><\/p>\n<p data-module=\"article-paragraph\" class=\"jsx-3046738180 Paragraph Paragraph__End\">Les habitants doivent certainement leur vie \u00e0 trois jeunes bien courageux. \u00c0 5h30 ce vendredi matin, dans le centre-ville de Rennes, un incendie se d\u00e9clare au quatri\u00e8me \u00e9tage d&rsquo;un immeuble, juste au-dessus de l&rsquo;appartement de Karl. Il a \u00e9t\u00e9 tir\u00e9 du sommeil en urgence, non pas par les pompiers, mais par un groupe d&rsquo;amis d&rsquo;une vingtaine d&rsquo;ann\u00e9es, qui ont aper\u00e7u les flammes alors qu&rsquo;ils rentraient de bo\u00eete de nuit. \u00ab\u00a0Il y en a deux qui sont mont\u00e9s et qui ont toqu\u00e9 \u00e0 toutes les portes pour r\u00e9veiller tous les occupants. On a eu de la chance qu&rsquo;ils passent, qu&rsquo;ils aient ce r\u00e9flexe-l\u00e0, et on les a remerci\u00e9s d&rsquo;ailleurs, d&rsquo;avoir eu le r\u00e9flexe, d&rsquo;avoir eu le courage aussi de rentrer dans l&rsquo;immeuble\u00a0\u00bb, rapporte Karl dans la vid\u00e9o du 13H de TF1 visible en t\u00eate de cet article.\u00a0<\/p>\n<p>Une soixantaine de pompiers mobilis\u00e9e<\/p>\n<p data-module=\"article-paragraph\" class=\"jsx-3046738180 Paragraph Paragraph__End\">Alert\u00e9 par l&rsquo;odeur de fum\u00e9e, Aurel a quitt\u00e9 son appartement \u00e0 la h\u00e2te. C&rsquo;est lui qui a ouvert la porte aux deux jeunes, le troisi\u00e8me rest\u00e9 en bas a aussit\u00f4t appel\u00e9 les secours. \u00ab\u00a0C&rsquo;est des h\u00e9ros en vrai, je ne sais pas si tout le monde a eu le r\u00e9flexe. Il y a beaucoup de gens qui ont vu le feu, mais il n&rsquo;y en a pas beaucoup qui se sont vraiment arr\u00eat\u00e9s, qui ont pris le temps d&rsquo;appeler les flics\u00a0\u00bb, confie le jeune homme.\u00a0<\/p>\n<p><a href=\"https:\/\/www.tf1info.fr\/societe\/si-je-ne-fais-rien-elle-va-mourir-dominique-sauve-une-retraitee-des-incendies-dans-l-aude-2402145.html\" rel=\"noopener\" class=\"jsx-3308031228 Link flex\" target=\"_blank\"><img decoding=\"async\" src=\"https:\/\/www.europesays.com\/fr\/wp-content\/uploads\/2025\/10\/dominique-heroine-incendies-aude-22-10-175c55-0@1x.jpeg\" alt=\"capture TF1\" loading=\"lazy\" importance=\"low\" fetchpriority=\"low\" class=\"\" aria-hidden=\"true\"\/><\/p>\n<p class=\"jsx-3657663356 ReadMoreArticle__Title\">Lire aussi<\/p>\n<p class=\"jsx-3657663356\">\u00ab\u00a0Si je ne fais rien, elle va mourir\u00a0\u00bb : Dominique sauve une retrait\u00e9e des incendies dans l&rsquo;Aude<\/p>\n<p><\/a><\/p>\n<p data-module=\"article-paragraph\" class=\"jsx-3046738180 Paragraph Paragraph__End\">Des h\u00e9ros tr\u00e8s discrets. Le commandant de l&rsquo;op\u00e9ration salue leur courage et leur efficacit\u00e9. \u00ab\u00a0Le premier maillon de la cha\u00eene de secours, \u00e7a reste le citoyen, estime Florent Guinard, commandant de l&rsquo;op\u00e9ration de secours (SDIS 35). \u00c7a \u00a0nous permet, quand on arrive, d&rsquo;avoir au moins l&rsquo;information que les occupants sont \u00e9vacu\u00e9s. Sans se mettre en danger, je le rappelle, c&rsquo;est tr\u00e8s bien de rentrer, mais il ne faut pas se mettre en danger non plus.\u00a0\u00bb Au total, une soixantaine de pompiers a \u00e9t\u00e9 mobilis\u00e9e. L&rsquo;incendie est maintenant \u00e9teint. Les neuf personnes \u00e9vacu\u00e9es ont toutes trouv\u00e9 une solution pour se reloger.<\/p>\n<p>La r\u00e9daction de TF1  | Reportage Lise CLOIX, K\u00e9vin GAIGNOUX<\/p>\n","protected":false},"excerpt":{"rendered":"Un incendie s&rsquo;est d\u00e9clar\u00e9 tr\u00e8s t\u00f4t dans la matin\u00e9e, ce vendredi 31 octobre, dans un immeuble du centre-ville&hellip;\n","protected":false},"author":2,"featured_media":502288,"comment_status":"","ping_status":"","sticky":false,"template":"","format":"standard","meta":{"footnotes":""},"categories":[2821],"tags":[1111,11,1921,829,1777,674,1011,27,1310,1922,5008,12,4775,584,25,133,5010],"class_list":{"0":"post-502287","1":"post","2":"type-post","3":"status-publish","4":"format-standard","5":"has-post-thumbnail","7":"category-rennes","8":"tag-actu","9":"tag-actualites","10":"tag-article-video","11":"tag-bretagne","12":"tag-eu","13":"tag-europe","14":"tag-fr","15":"tag-france","16":"tag-incendie","17":"tag-info","18":"tag-le-13h","19":"tag-news","20":"tag-pompier","21":"tag-rennes","22":"tag-republique-francaise","23":"tag-video","24":"tag-video-sujets-de-societe"},"share_on_mastodon":{"url":"https:\/\/pubeurope.com\/@fr\/115468996210845877","error":""},"_links":{"self":[{"href":"https:\/\/www.europesays.com\/fr\/wp-json\/wp\/v2\/posts\/502287","targetHints":{"allow":["GET"]}}],"collection":[{"href":"https:\/\/www.europesays.com\/fr\/wp-json\/wp\/v2\/posts"}],"about":[{"href":"https:\/\/www.europesays.com\/fr\/wp-json\/wp\/v2\/types\/post"}],"author":[{"embeddable":true,"href":"https:\/\/www.europesays.com\/fr\/wp-json\/wp\/v2\/users\/2"}],"replies":[{"embeddable":true,"href":"https:\/\/www.europesays.com\/fr\/wp-json\/wp\/v2\/comments?post=502287"}],"version-history":[{"count":0,"href":"https:\/\/www.europesays.com\/fr\/wp-json\/wp\/v2\/posts\/502287\/revisions"}],"wp:featuredmedia":[{"embeddable":true,"href":"https:\/\/www.europesays.com\/fr\/wp-json\/wp\/v2\/media\/502288"}],"wp:attachment":[{"href":"https:\/\/www.europesays.com\/fr\/wp-json\/wp\/v2\/media?parent=502287"}],"wp:term":[{"taxonomy":"category","embeddable":true,"href":"https:\/\/www.europesays.com\/fr\/wp-json\/wp\/v2\/categories?post=502287"},{"taxonomy":"post_tag","embeddable":true,"href":"https:\/\/www.europesays.com\/fr\/wp-json\/wp\/v2\/tags?post=502287"}],"curies":[{"name":"wp","href":"https:\/\/api.w.org\/{rel}","templated":true}]}}