{"id":502289,"date":"2025-10-31T13:23:10","date_gmt":"2025-10-31T13:23:10","guid":{"rendered":"https:\/\/www.europesays.com\/fr\/502289\/"},"modified":"2025-10-31T13:23:10","modified_gmt":"2025-10-31T13:23:10","slug":"cest-quoi-ce-revetement-mis-au-pied-des-arbres-de-la-place-dausterlitz","status":"publish","type":"post","link":"https:\/\/www.europesays.com\/fr\/502289\/","title":{"rendered":"c&rsquo;est quoi ce rev\u00eatement mis au pied des arbres de la place d&rsquo;Austerlitz\u00a0?"},"content":{"rendered":"<p>            Par<br \/>\n        <strong><br \/>\n            <a href=\"https:\/\/actu.fr\/auteur\/ivan-capecchi\" title=\"Consulter tous les articles de Ivan CAPECCHI\" rel=\"nofollow noopener\" target=\"_blank\">Ivan CAPECCHI<\/a><br \/>\n        <\/strong><\/p>\n<p>        Publi\u00e9 le<\/p>\n<p>            31 oct. 2025 \u00e0 12h02        <\/p>\n<p>Dans le cadre des <a href=\"https:\/\/actu.fr\/tag\/travaux\" rel=\"nofollow noopener\" target=\"_blank\">travaux<\/a> li\u00e9s au <strong>ring v\u00e9lo<\/strong>, un <strong>rev\u00eatement<\/strong> a \u00e9t\u00e9 pos\u00e9 au <strong>pied des arbres de la place d\u2019Austerlitz<\/strong>, l\u00e0 o\u00f9 doit passer une <strong>piste cyclable<\/strong>. On vous explique pourquoi.<\/p>\n<p>Un am\u00e9nagement permanent<\/p>\n<p class=\" wall-content\">Contact\u00e9e, la Ville de Strasbourg explique que le \u00ab\u2009rev\u00eatement mis en place est un <strong>stabilis\u00e9<\/strong>, identique \u00e0 celui qu\u2019on trouve sur les all\u00e9es de parc ainsi qu\u2019au pied de bon nombre d\u2019arbres sur les trottoirs, et qui <strong>sert essentiellement \u00e0 prot\u00e9ger les racines et laisser passer l\u2019eau<\/strong>\u2009\u00bb.<\/p>\n<blockquote class=\"ac-article-quote wall-content\">\n<p>Il s\u2019agit d\u2019un sable concass\u00e9 issu de carri\u00e8res locales, qui est simplement \u00e9tal\u00e9 et l\u00e9g\u00e8rement compact\u00e9.<\/p>\n<p>    <strong>Ville de Strasbourg<\/strong>\n            <\/p><\/blockquote>\n<p class=\" wall-content\">\u00ab\u2009La photo a \u00e9t\u00e9 prise peu de temps apr\u00e8s la mise en place du rev\u00eatement <strong>ce qui explique cet aspect tr\u00e8s lisse<\/strong>, que les premi\u00e8res pluies qui ont suivi sont venues<strong> att\u00e9nuer pour un rendu plus \u2018naturel\u2019 <\/strong>\u00bb, compl\u00e8te la collectivit\u00e9. Cet am\u00e9nagement est amen\u00e9<strong> \u00e0<\/strong> <strong>rester<\/strong>.<\/p>\n<p>Bient\u00f4t une piste cyclable bidirectionnelle de 3,50 m\u00e8tres<\/p>\n<p class=\" wall-content\">Ces am\u00e9nagements s\u2019inscrivent dans le cadre du chantier du ring v\u00e9lo, qui pr\u00e9voit la <strong>cr\u00e9ation d\u2019une piste cyclable bidirectionnelle de 3,50 m\u00e8tres<\/strong> au sud de la place d\u2019Austerlitz.<\/p>\n<p class=\" wall-content\">Pour permettre cela, mais aussi pr\u00e9server les arbres \u00e9voqu\u00e9s plus haut, la place d\u2019Austerlitz a \u00e9t\u00e9 <a href=\"https:\/\/actu.fr\/grand-est\/strasbourg_67482\/strasbourg-pourquoi-la-place-d-austerlitz-va-etre-amputee-d-environ-6-de-sa-surface_63067711.html\" rel=\"nofollow noopener\" target=\"_blank\">amput\u00e9e d\u2019environ 6\u2009% de sa surface<\/a>. Par ailleurs, <a href=\"https:\/\/actu.fr\/grand-est\/strasbourg_67482\/strasbourg-bientot-70-arceaux-a-velo-supplementaires-installes-sur-la-place-d-austerlitz_63068736.html\" rel=\"nofollow noopener\" target=\"_blank\">70 arceaux \u00e0 v\u00e9lo suppl\u00e9mentaires<\/a> seront install\u00e9s sur celle-ci.<\/p>\n<p>Votre r\u00e9gion, votre actu !<\/p>\n<p>Recevez chaque jour les infos qui comptent pour vous.<\/p>\n<p>\t<a href=\"https:\/\/actu.fr\/newsletter\" class=\"ac-btn ac-btn--corner ac-btn--medium ac-btn--blue800\" rel=\"nofollow noopener\" target=\"_blank\">S&rsquo;incrire<\/a><\/p>\n<p class=\" wall-content\">L\u2019objectif est que les travaux soient termin\u00e9s d\u2019ici le lancement du <a href=\"https:\/\/actu.fr\/grand-est\/strasbourg_67482\/strasbourg-les-dates-du-marche-de-noel-2025-sont-connues_62710676.html\" rel=\"nofollow noopener\" target=\"_blank\">march\u00e9 de No\u00ebl 2025<\/a> le 26\u00a0novembre prochain, comme tous les autres <a href=\"https:\/\/actu.fr\/grand-est\/strasbourg_67482\/strasbourg-la-maire-promet-que-tous-les-gros-chantiers-de-la-ville-seront-finis-avant-le-marche-de-noel-2025_63205348.html\" rel=\"nofollow noopener\" target=\"_blank\">gros chantiers de la ville<\/a> en ce moment.<\/p>\n<p class=\" wall-content\">Personnalisez votre actualit\u00e9 en ajoutant vos villes et m\u00e9dias en favori avec <a href=\"https:\/\/moncompte.actu.fr\" title=\"D\u00e9couvez Mon Actu\" rel=\"nofollow noopener\" data-trk=\"{&quot;cta&quot;:{&quot;action&quot;:&quot;https:\\\/\\\/moncompte.actu.fr&quot;,&quot;category&quot;:&quot;mon compte&quot;,&quot;from&quot;:&quot;article footer&quot;,&quot;name&quot;:&quot;Mon actu&quot;,&quot;type&quot;:&quot;cta&quot;}}\" target=\"_blank\">Mon Actu<\/a>.<\/p>\n","protected":false},"excerpt":{"rendered":"Par Ivan CAPECCHI Publi\u00e9 le 31 oct. 2025 \u00e0 12h02 Dans le cadre des travaux li\u00e9s au ring&hellip;\n","protected":false},"author":2,"featured_media":502290,"comment_status":"","ping_status":"","sticky":false,"template":"","format":"standard","meta":{"footnotes":""},"categories":[2820],"tags":[1111,11,1777,674,1011,27,775,12,25,104,640,2086,208],"class_list":{"0":"post-502289","1":"post","2":"type-post","3":"status-publish","4":"format-standard","5":"has-post-thumbnail","7":"category-strasbourg","8":"tag-actu","9":"tag-actualites","10":"tag-eu","11":"tag-europe","12":"tag-fr","13":"tag-france","14":"tag-grand-est","15":"tag-news","16":"tag-republique-francaise","17":"tag-societe","18":"tag-strasbourg","19":"tag-travaux","20":"tag-velo"},"share_on_mastodon":{"url":"https:\/\/pubeurope.com\/@fr\/115468999384326403","error":""},"_links":{"self":[{"href":"https:\/\/www.europesays.com\/fr\/wp-json\/wp\/v2\/posts\/502289","targetHints":{"allow":["GET"]}}],"collection":[{"href":"https:\/\/www.europesays.com\/fr\/wp-json\/wp\/v2\/posts"}],"about":[{"href":"https:\/\/www.europesays.com\/fr\/wp-json\/wp\/v2\/types\/post"}],"author":[{"embeddable":true,"href":"https:\/\/www.europesays.com\/fr\/wp-json\/wp\/v2\/users\/2"}],"replies":[{"embeddable":true,"href":"https:\/\/www.europesays.com\/fr\/wp-json\/wp\/v2\/comments?post=502289"}],"version-history":[{"count":0,"href":"https:\/\/www.europesays.com\/fr\/wp-json\/wp\/v2\/posts\/502289\/revisions"}],"wp:featuredmedia":[{"embeddable":true,"href":"https:\/\/www.europesays.com\/fr\/wp-json\/wp\/v2\/media\/502290"}],"wp:attachment":[{"href":"https:\/\/www.europesays.com\/fr\/wp-json\/wp\/v2\/media?parent=502289"}],"wp:term":[{"taxonomy":"category","embeddable":true,"href":"https:\/\/www.europesays.com\/fr\/wp-json\/wp\/v2\/categories?post=502289"},{"taxonomy":"post_tag","embeddable":true,"href":"https:\/\/www.europesays.com\/fr\/wp-json\/wp\/v2\/tags?post=502289"}],"curies":[{"name":"wp","href":"https:\/\/api.w.org\/{rel}","templated":true}]}}