{"id":502291,"date":"2025-10-31T13:24:15","date_gmt":"2025-10-31T13:24:15","guid":{"rendered":"https:\/\/www.europesays.com\/fr\/502291\/"},"modified":"2025-10-31T13:24:15","modified_gmt":"2025-10-31T13:24:15","slug":"cest-pas-trop-mal-organise","status":"publish","type":"post","link":"https:\/\/www.europesays.com\/fr\/502291\/","title":{"rendered":"C&rsquo;est pas trop mal organis\u00e9"},"content":{"rendered":"<p>            Par<br \/>\n        <strong><br \/>\n            <a href=\"https:\/\/actu.fr\/auteur\/thomas-blanc\" title=\"Consulter tous les articles de Thomas Blanc\" rel=\"nofollow noopener\" target=\"_blank\">Thomas Blanc<\/a><br \/>\n        <\/strong><\/p>\n<p>        Publi\u00e9 le<\/p>\n<p>            31 oct. 2025 \u00e0 14h20        <\/p>\n<p><a href=\"https:\/\/actu.fr\/grand-est\/strasbourg_67482\/strasbourg-le-secteur-des-halles-tres-betonne-va-etre-vegetalise-voici-a-quoi-il-va-ressembler_58140240.html\" rel=\"nofollow noopener\" target=\"_blank\">Le secteur des Halles<\/a> \u00e0 <a href=\"https:\/\/actu.fr\/strasbourg\/\" rel=\"nofollow noopener\" target=\"_blank\">Strasbourg<\/a> est le th\u00e9\u00e2tre de <a href=\"https:\/\/actu.fr\/tag\/travaux\" rel=\"nofollow noopener\" target=\"_blank\">travaux<\/a> assez importants depuis un an. Visuellement, <strong>les engins arrachant le bitume<\/strong>, apportant de la terre ou encore les kilom\u00e8tres de barri\u00e8res pour orienter la circulation pi\u00e9tonne, cycliste ou automobile donnent l\u2019impression d<strong>\u2019un quartier impraticable<\/strong>. Pourtant, habitants et employ\u00e9s de ce quartier central de la capitale alsacienne ont du mal \u00e0 trouver quelque chose \u00e0 redire sur ces travaux.<\/p>\n<p>Seule la longueur des travaux des Halles perturbe les habitants<\/p>\n<p class=\" wall-content\">Les travaux d\u2019am\u00e9nagement du quartier ont d\u00e9marr\u00e9 en novembre\u00a02024. Le but affich\u00e9 est de <strong>v\u00e9g\u00e9taliser cet espace tr\u00e8s b\u00e9tonn\u00e9<\/strong> en passant par la transformation de la gare routi\u00e8re qui se situait derri\u00e8re le centre commercial, place des Halles, en halte routi\u00e8re et d\u2019y implanter donc <strong>un immense square<\/strong>.<\/p>\n<p class=\" wall-content\">Les travaux sont impressionnants, pourtant l\u2019avanc\u00e9e du projet semble se faire<strong> sans d\u00e9ranger les riverains<\/strong>. C\u2019est en tout cas l\u2019avis de Lucas, jeune salari\u00e9, interrog\u00e9 face \u00e0 l\u2019endroit o\u00f9 devrait se tenir le 20\u00a0novembre <a href=\"https:\/\/actu.fr\/grand-est\/strasbourg_67482\/strasbourg-ce-square-situe-en-centre-ville-va-quadrupler-de-taille-voici-les-amenagements-prevus_62855757.html\" rel=\"nofollow noopener\" target=\"_blank\">le nouveau square des Halles de 4000 m\u00b2<\/a>.\u00a0<\/p>\n<p class=\" wall-content\">\u00ab Les travaux sont \u00e9normes, mais l\u2019organisation n\u2019est pas trop mal. On circule sans trop de probl\u00e8mes tous les jours car <strong>les acc\u00e8s et les trottoirs sont bien balis\u00e9s<\/strong>\u2009\u00bb, raconte celui qui arpente le quartier tous les jours pour se rendre au travail.<\/p>\n<p><a class=\"jo-module-caroussel__img-container\" href=\"https:\/\/static.actu.fr\/uploads\/2025\/10\/travaux-rue-du-travail-strasbourg.jpg\" title=\"Agrandir la photo Les travaux sur la chauss\u00e9e rue du Travail \u00e0 Strasbourg (\u00a9 Thomas Blanc \/ Actu Strasbourg)\" data-idx=\"1\" rel=\"nofollow noopener\" target=\"_blank\"><br \/>\n    <img decoding=\"async\" class=\"jo-module-caroussel__img\" loading=\"lazy\" src=\"https:\/\/www.europesays.com\/fr\/wp-content\/uploads\/2025\/10\/travaux-rue-du-travail-strasbourg-640x427.jpg\" alt=\"Les travaux sur la chauss\u00e9e rue du Travail \u00e0 Strasbourg (\u00a9 Thomas Blanc \/ Actu Strasbourg)\" width=\"640\" height=\"427\"\/><\/a><a class=\"jo-module-caroussel__img-container\" href=\"https:\/\/static.actu.fr\/uploads\/2025\/10\/travaux-halles-strasbourg.jpg\" title=\"Agrandir la photo Un square de 4000 m\u00b2 sera inaugur\u00e9 le 20 novembre sur la place des Halles \u00e0 Strasbourg. (\u00a9 Thomas Blanc \/ Actu Strasbourg)\" data-idx=\"2\" rel=\"nofollow noopener\" target=\"_blank\"><br \/>\n    <img decoding=\"async\" class=\"jo-module-caroussel__img\" loading=\"lazy\" src=\"https:\/\/www.europesays.com\/fr\/wp-content\/uploads\/2025\/10\/travaux-halles-strasbourg-640x427.jpg\" alt=\"Un square de 4000 m\u00b2 sera inaugur\u00e9 le 20 novembre sur la place des Halles \u00e0 Strasbourg. (\u00a9 Thomas Blanc \/ Actu Strasbourg)\" width=\"640\" height=\"427\"\/><\/a>Des difficult\u00e9s pour les personnes en situation de handicap<\/p>\n<p class=\" wall-content\">Pour Fabienne, une m\u00e8re de famille qui, elle, habite le quartier, \u00ab\u2009les travaux ne [l]\u2019ont jamais d\u00e9rang\u00e9 pour acc\u00e9der chez [elle], de ce c\u00f4t\u00e9-l\u00e0 \u00e7a a \u00e9t\u00e9 bien fait. Seulement, <strong>ils sont tr\u00e8s longs<\/strong>. Le dernier souvenir que j\u2019ai du quartier sans les travaux, c\u2019est<strong> la rentr\u00e9e scolaire de l\u2019ann\u00e9e derni\u00e8re<\/strong>\u2009\u00bb, se rem\u00e9more-t-elle.<\/p>\n<p>Votre r\u00e9gion, votre actu !<\/p>\n<p>Recevez chaque jour les infos qui comptent pour vous.<\/p>\n<p>\t<a href=\"https:\/\/actu.fr\/newsletter\" class=\"ac-btn ac-btn--corner ac-btn--medium ac-btn--blue800\" rel=\"nofollow noopener\" target=\"_blank\">S&rsquo;incrire<\/a><\/p>\n<p class=\" wall-content\">Emilie*, une lyc\u00e9enne habitant dans le quartier est \u00ab\u2009press\u00e9e, maintenant, de voir le r\u00e9sultat final\u2009\u00bb, car la jeune femme trouve le paysage offert par les travaux plus \u00ab<strong>\u2009moche que d\u00e9rangeant<\/strong> au quotidien\u2009\u00bb.<\/p>\n<p class=\" wall-content\">Il n\u2019y a bien qu\u2019Abdel qui, en attendant son bus, trouve un point noir. \u00ab\u2009Les travaux ne me d\u00e9rangent pas car je n\u2019ai aucun souci pour suivre les chemins qu\u2019ils cr\u00e9ent sur les trottoirs ou les pistes cyclables, mais une personne en fauteuil roulant habite dans le quartier et <strong>pour elle, c\u2019est plus compliqu\u00e9 de changer son itin\u00e9raire<\/strong> ou passer d\u2019un trottoir \u00e0 l\u2019autre, il faut souvent qu\u2019on l\u2019aide\u2009\u00bb, raconte l\u2019homme de 32 ans.<\/p>\n<p class=\" wall-content\">*Le pr\u00e9nom a \u00e9t\u00e9 modifi\u00e9.<\/p>\n<p class=\" wall-content\">Personnalisez votre actualit\u00e9 en ajoutant vos villes et m\u00e9dias en favori avec <a href=\"https:\/\/moncompte.actu.fr\" title=\"D\u00e9couvez Mon Actu\" rel=\"nofollow noopener\" data-trk=\"{&quot;cta&quot;:{&quot;action&quot;:&quot;https:\\\/\\\/moncompte.actu.fr&quot;,&quot;category&quot;:&quot;mon compte&quot;,&quot;from&quot;:&quot;article footer&quot;,&quot;name&quot;:&quot;Mon actu&quot;,&quot;type&quot;:&quot;cta&quot;}}\" target=\"_blank\">Mon Actu<\/a>.<\/p>\n","protected":false},"excerpt":{"rendered":"Par Thomas Blanc Publi\u00e9 le 31 oct. 2025 \u00e0 14h20 Le secteur des Halles \u00e0 Strasbourg est le&hellip;\n","protected":false},"author":2,"featured_media":502292,"comment_status":"","ping_status":"","sticky":false,"template":"","format":"standard","meta":{"footnotes":""},"categories":[2820],"tags":[1111,11,1777,674,1011,27,775,12,25,104,640,2086],"class_list":{"0":"post-502291","1":"post","2":"type-post","3":"status-publish","4":"format-standard","5":"has-post-thumbnail","7":"category-strasbourg","8":"tag-actu","9":"tag-actualites","10":"tag-eu","11":"tag-europe","12":"tag-fr","13":"tag-france","14":"tag-grand-est","15":"tag-news","16":"tag-republique-francaise","17":"tag-societe","18":"tag-strasbourg","19":"tag-travaux"},"share_on_mastodon":{"url":"https:\/\/pubeurope.com\/@fr\/115469003984795078","error":""},"_links":{"self":[{"href":"https:\/\/www.europesays.com\/fr\/wp-json\/wp\/v2\/posts\/502291","targetHints":{"allow":["GET"]}}],"collection":[{"href":"https:\/\/www.europesays.com\/fr\/wp-json\/wp\/v2\/posts"}],"about":[{"href":"https:\/\/www.europesays.com\/fr\/wp-json\/wp\/v2\/types\/post"}],"author":[{"embeddable":true,"href":"https:\/\/www.europesays.com\/fr\/wp-json\/wp\/v2\/users\/2"}],"replies":[{"embeddable":true,"href":"https:\/\/www.europesays.com\/fr\/wp-json\/wp\/v2\/comments?post=502291"}],"version-history":[{"count":0,"href":"https:\/\/www.europesays.com\/fr\/wp-json\/wp\/v2\/posts\/502291\/revisions"}],"wp:featuredmedia":[{"embeddable":true,"href":"https:\/\/www.europesays.com\/fr\/wp-json\/wp\/v2\/media\/502292"}],"wp:attachment":[{"href":"https:\/\/www.europesays.com\/fr\/wp-json\/wp\/v2\/media?parent=502291"}],"wp:term":[{"taxonomy":"category","embeddable":true,"href":"https:\/\/www.europesays.com\/fr\/wp-json\/wp\/v2\/categories?post=502291"},{"taxonomy":"post_tag","embeddable":true,"href":"https:\/\/www.europesays.com\/fr\/wp-json\/wp\/v2\/tags?post=502291"}],"curies":[{"name":"wp","href":"https:\/\/api.w.org\/{rel}","templated":true}]}}