{"id":502296,"date":"2025-10-31T13:27:11","date_gmt":"2025-10-31T13:27:11","guid":{"rendered":"https:\/\/www.europesays.com\/fr\/502296\/"},"modified":"2025-10-31T13:27:11","modified_gmt":"2025-10-31T13:27:11","slug":"50-enfants-evacues-dune-creche-apres-le-feu-dun-seche-linge","status":"publish","type":"post","link":"https:\/\/www.europesays.com\/fr\/502296\/","title":{"rendered":"50 enfants \u00e9vacu\u00e9s d&rsquo;une cr\u00e8che apr\u00e8s le feu d&rsquo;un s\u00e8che-linge"},"content":{"rendered":"<p>            Par<br \/>\n        <strong><br \/>\n            <a href=\"https:\/\/actu.fr\/auteur\/thomas-bernard\" title=\"Consulter tous les articles de Thomas Bernard\" rel=\"nofollow noopener\" target=\"_blank\">Thomas Bernard<\/a><br \/>\n        <\/strong><\/p>\n<p>        Publi\u00e9 le<\/p>\n<p>            31 oct. 2025 \u00e0 14h09        <\/p>\n<p>Aux environs de 10h30, ce vendredi 31\u00a0octobre 2025, les pompiers sont intervenus sur le boulevard Michelet, \u00e0 Nantes, pour un incendie dans un \u00e9tablissement recevant du public. Un s\u00e8che-linge a <strong>pris feu au sein d\u2019un local technique de la cr\u00e8che Michelet<\/strong>.<\/p>\n<p>    <a href=\"https:\/\/www.google.com\/maps\/embed?pb=!3m2!1sfr!2sfr!4v1761915314077!5m2!1sfr!2sfr!6m8!1m7!1sJeef_hHz7qojHFCIhighwQ!2m2!1d47.23237677878803!2d-1.556482875645999!3f65.4066351330863!4f2.3002583514151382!5f0.4000000000000002\" title=\"Ouvrie le lien\" rel=\"nofollow noopener\" target=\"_blank\">Cliquez ici pour visualiser le contenu<\/a><\/p>\n<p>20 sapeurs-pompiers mobilis\u00e9s<\/p>\n<p class=\" wall-content\">Au total, <strong>25\u00a0adultes et 50\u00a0enfants ont \u00e9t\u00e9 \u00e9vacu\u00e9s<\/strong>. Le feu a \u00e9t\u00e9 ma\u00eetris\u00e9. D\u2019apr\u00e8s les \u00e9l\u00e9ments rapport\u00e9s par le centre op\u00e9rationnel d\u00e9partemental d\u2019incendie et de secours (Codis), il n\u2019y a pas de bless\u00e9. Apr\u00e8s r\u00e9gulation m\u00e9dicale, aucune personne n\u2019a \u00e9t\u00e9 transport\u00e9e vers un \u00e9tablissement hospitalier.<\/p>\n<p class=\" wall-content\">Selon le Codis, le feu n\u2019a provoqu\u00e9 \u00ab<strong>\u2009aucune incidence sur le fonctionnement de l\u2019\u00e9tablissement\u2009\u00bb<\/strong>. Ce vendredi matin, 20 sapeurs-pompiers ont \u00e9t\u00e9 mobilis\u00e9s sur cette intervention.<\/p>\n<p class=\" wall-content\">Personnalisez votre actualit\u00e9 en ajoutant vos villes et m\u00e9dias en favori avec <a href=\"https:\/\/moncompte.actu.fr\" title=\"D\u00e9couvez Mon Actu\" rel=\"nofollow noopener\" data-trk=\"{&quot;cta&quot;:{&quot;action&quot;:&quot;https:\\\/\\\/moncompte.actu.fr&quot;,&quot;category&quot;:&quot;mon compte&quot;,&quot;from&quot;:&quot;article footer&quot;,&quot;name&quot;:&quot;Mon actu&quot;,&quot;type&quot;:&quot;cta&quot;}}\" target=\"_blank\">Mon Actu<\/a>.<\/p>\n","protected":false},"excerpt":{"rendered":"Par Thomas Bernard Publi\u00e9 le 31 oct. 2025 \u00e0 14h09 Aux environs de 10h30, ce vendredi 31\u00a0octobre 2025,&hellip;\n","protected":false},"author":2,"featured_media":349597,"comment_status":"","ping_status":"","sticky":false,"template":"","format":"standard","meta":{"footnotes":""},"categories":[2818],"tags":[1111,11,1777,674,118,1011,27,1310,766,12,2636,1311,25],"class_list":{"0":"post-502296","1":"post","2":"type-post","3":"status-publish","4":"format-standard","5":"has-post-thumbnail","7":"category-nantes","8":"tag-actu","9":"tag-actualites","10":"tag-eu","11":"tag-europe","12":"tag-faits-divers","13":"tag-fr","14":"tag-france","15":"tag-incendie","16":"tag-nantes","17":"tag-news","18":"tag-pays-de-la-loire","19":"tag-pompiers","20":"tag-republique-francaise"},"share_on_mastodon":{"url":"https:\/\/pubeurope.com\/@fr\/115469015018088001","error":""},"_links":{"self":[{"href":"https:\/\/www.europesays.com\/fr\/wp-json\/wp\/v2\/posts\/502296","targetHints":{"allow":["GET"]}}],"collection":[{"href":"https:\/\/www.europesays.com\/fr\/wp-json\/wp\/v2\/posts"}],"about":[{"href":"https:\/\/www.europesays.com\/fr\/wp-json\/wp\/v2\/types\/post"}],"author":[{"embeddable":true,"href":"https:\/\/www.europesays.com\/fr\/wp-json\/wp\/v2\/users\/2"}],"replies":[{"embeddable":true,"href":"https:\/\/www.europesays.com\/fr\/wp-json\/wp\/v2\/comments?post=502296"}],"version-history":[{"count":0,"href":"https:\/\/www.europesays.com\/fr\/wp-json\/wp\/v2\/posts\/502296\/revisions"}],"wp:featuredmedia":[{"embeddable":true,"href":"https:\/\/www.europesays.com\/fr\/wp-json\/wp\/v2\/media\/349597"}],"wp:attachment":[{"href":"https:\/\/www.europesays.com\/fr\/wp-json\/wp\/v2\/media?parent=502296"}],"wp:term":[{"taxonomy":"category","embeddable":true,"href":"https:\/\/www.europesays.com\/fr\/wp-json\/wp\/v2\/categories?post=502296"},{"taxonomy":"post_tag","embeddable":true,"href":"https:\/\/www.europesays.com\/fr\/wp-json\/wp\/v2\/tags?post=502296"}],"curies":[{"name":"wp","href":"https:\/\/api.w.org\/{rel}","templated":true}]}}