{"id":502305,"date":"2025-10-31T13:32:12","date_gmt":"2025-10-31T13:32:12","guid":{"rendered":"https:\/\/www.europesays.com\/fr\/502305\/"},"modified":"2025-10-31T13:32:12","modified_gmt":"2025-10-31T13:32:12","slug":"le-chu-de-toulouse-restreint-laccueil-des-patients-aux-urgences","status":"publish","type":"post","link":"https:\/\/www.europesays.com\/fr\/502305\/","title":{"rendered":"Le CHU de Toulouse restreint l\u2019accueil des patients aux urgences"},"content":{"rendered":"<p>\n    <strong>ANALYSE<\/strong> &#8211; Surfr\u00e9quentation, p\u00e9nurie de m\u00e9decins&#8230; La fermeture de la m\u00e9decine ambulatoire est temporaire, en novembre et d\u00e9cembre, mais pourrait durer, selon la direction.<\/p>\n<p class=\"fig-paragraph\">\u00ab \u00c0 compter du 3 novembre, l\u2019organisation des urgences adultes de\u00a0<a href=\"http:\/\/www.lefigaro.fr\/faits-divers\/toulouse-accuse-d-un-viol-dans-les-toilettes-des-urgences-de-l-hopital-purpan-un-homme-mis-en-examen-20240213\" data-fig-type=\"NewsFlash\" data-gtm-custom-categorie=\"navigation\" data-gtm-custom-action=\"crossclick\" data-gtm-custom-label=\"Contextuel\" data-gtm-event=\"customEventSPE\" data-fig-domain=\"LEFIGARO\" target=\"_blank\" rel=\"noopener\">Purpan<\/a> \u00a0et de Rangueil est modifi\u00e9e. Les patients ne n\u00e9cessitant pas de soins relevant du CHU pourront \u00eatre r\u00e9orient\u00e9s par une infirmi\u00e8re ou un m\u00e9decin\u00a0\u00bb, a pr\u00e9venu mardi le service des urgences du centre hospitalo-universitaire (CHU) de Toulouse sur Facebook, en pr\u00e9cisant\u00a0: \u00ab Ne venez aux urgences que si votre \u00e9tat le n\u00e9cessite et contactez en priorit\u00e9 votre m\u00e9decin traitant. En cas d\u2019indisponibilit\u00e9 de votre m\u00e9decin ou de doute, appelez le 15\u00a0\u00bb.<\/p>\n<p class=\"fig-paragraph\">\u00c0 bout de souffle,\u00a0<a href=\"http:\/\/sante.lefigaro.fr\/social\/sante-publique\/on-a-atteint-2600-passages-aux-urgences-par-jour-l-epidemie-de-grippe-met-les-hopitaux-sous-tension-20250109\" data-fig-type=\"Article\" data-gtm-custom-categorie=\"navigation\" data-gtm-custom-action=\"crossclick\" data-gtm-custom-label=\"Contextuel\" data-gtm-event=\"customEventSPE\" data-fig-domain=\"SANTE\" target=\"_blank\" rel=\"noopener\">le service des urgences<\/a>\u00a0se recentre sur les patients n\u00e9cessitant des soins hospitaliers. Les locaux affect\u00e9s aux soins ambulatoires seront r\u00e9quisitionn\u00e9s pour les patients attendant une hospitalisation ou sortant de l\u2019h\u00f4pital&#8230; La fermeture de la m\u00e9decine ambulatoire est temporaire en novembre et d\u00e9cembre selon la direction, mais pourrait durer. \u00ab Il manque 25 m\u00e9decins parmi la centaine qui sont affect\u00e9s aux urgences des h\u00f4pitaux de Purpan et de\u2026<\/p>\n<p class=\"fig-premium-paywall__infos\">\n        Cet article est r\u00e9serv\u00e9 aux abonn\u00e9s.        Il vous reste 80% \u00e0 d\u00e9couvrir.\n    <\/p>\n<p>                <img  data- alt=\"Le Figaro\" class=\"fig-img--complete fig-img\"\/><\/p>\n<p class=\"fig-premium-paywall__title\">Vous avez envie de lire la suite ?<\/p>\n<p class=\"fig-premium-paywall__subtitle\">D\u00e9bloquez tous les articles imm\u00e9diatement.<\/p>\n<p class=\"fig-premium-paywall__connect\">\n                D\u00e9j\u00e0 abonn\u00e9\u00a0?                <a class=\"fig-premium-paywall__connect-link\" href=\"https:\/\/connect.lefigaro.fr\/login?client=horizon_web&amp;type=main&amp;redirect_uri=https%3A%2F%2Fwww.lefigaro.fr%2Factualite-france%2Fle-chu-de-toulouse-restreint-l-accueil-des-patients-aux-urgences-20251031\" data-js-gtm=\"{&quot;customCategorie&quot;: &quot;conversion&quot;, &quot;customAction&quot;: &quot;before_Landing_Connexion_paywall_auto&quot;, &quot;customLabel&quot;: &quot;bGVmaWdhcm8uZnJfXzFmMGI2NGFmLTYzODgtNjI3NC1iZDUwLWJkMzBmZGRjZWY4ZF9fQXJ0aWNsZQ==_Le CHU de Toulouse restreint l\u2019accueil des patients aux urgences_468&quot;, &quot;customIDSPE&quot;: &quot;bGVmaWdhcm8uZnJfXzFmMGI2NGFmLTYzODgtNjI3NC1iZDUwLWJkMzBmZGRjZWY4ZF9fQXJ0aWNsZQ==&quot;, &quot;event&quot;: &quot;customEventSPE&quot;}\" target=\"_blank\" rel=\"noopener\"><br \/>\n                    Connectez-vous<br \/>\n                <\/a>\n            <\/p>\n","protected":false},"excerpt":{"rendered":"ANALYSE &#8211; Surfr\u00e9quentation, p\u00e9nurie de m\u00e9decins&#8230; La fermeture de la m\u00e9decine ambulatoire est temporaire, en novembre et d\u00e9cembre,&hellip;\n","protected":false},"author":2,"featured_media":502306,"comment_status":"","ping_status":"","sticky":false,"template":"","format":"standard","meta":{"footnotes":""},"categories":[2816],"tags":[1111,11,1777,674,1011,27,100,12,2680,43676,25,2312,6444],"class_list":{"0":"post-502305","1":"post","2":"type-post","3":"status-publish","4":"format-standard","5":"has-post-thumbnail","7":"category-toulouse","8":"tag-actu","9":"tag-actualites","10":"tag-eu","11":"tag-europe","12":"tag-fr","13":"tag-france","14":"tag-hopital","15":"tag-news","16":"tag-occitanie","17":"tag-penurie","18":"tag-republique-francaise","19":"tag-toulouse","20":"tag-urgences"},"share_on_mastodon":{"url":"https:\/\/pubeurope.com\/@fr\/115469034725823629","error":""},"_links":{"self":[{"href":"https:\/\/www.europesays.com\/fr\/wp-json\/wp\/v2\/posts\/502305","targetHints":{"allow":["GET"]}}],"collection":[{"href":"https:\/\/www.europesays.com\/fr\/wp-json\/wp\/v2\/posts"}],"about":[{"href":"https:\/\/www.europesays.com\/fr\/wp-json\/wp\/v2\/types\/post"}],"author":[{"embeddable":true,"href":"https:\/\/www.europesays.com\/fr\/wp-json\/wp\/v2\/users\/2"}],"replies":[{"embeddable":true,"href":"https:\/\/www.europesays.com\/fr\/wp-json\/wp\/v2\/comments?post=502305"}],"version-history":[{"count":0,"href":"https:\/\/www.europesays.com\/fr\/wp-json\/wp\/v2\/posts\/502305\/revisions"}],"wp:featuredmedia":[{"embeddable":true,"href":"https:\/\/www.europesays.com\/fr\/wp-json\/wp\/v2\/media\/502306"}],"wp:attachment":[{"href":"https:\/\/www.europesays.com\/fr\/wp-json\/wp\/v2\/media?parent=502305"}],"wp:term":[{"taxonomy":"category","embeddable":true,"href":"https:\/\/www.europesays.com\/fr\/wp-json\/wp\/v2\/categories?post=502305"},{"taxonomy":"post_tag","embeddable":true,"href":"https:\/\/www.europesays.com\/fr\/wp-json\/wp\/v2\/tags?post=502305"}],"curies":[{"name":"wp","href":"https:\/\/api.w.org\/{rel}","templated":true}]}}