{"id":502307,"date":"2025-10-31T13:33:10","date_gmt":"2025-10-31T13:33:10","guid":{"rendered":"https:\/\/www.europesays.com\/fr\/502307\/"},"modified":"2025-10-31T13:33:10","modified_gmt":"2025-10-31T13:33:10","slug":"deux-ans-apres-sa-creation-les-livres-personnalises-eponi-made-in-roubaix-continuent-de-seduire","status":"publish","type":"post","link":"https:\/\/www.europesays.com\/fr\/502307\/","title":{"rendered":"Deux ans apr\u00e8s sa cr\u00e9ation, les livres personnalis\u00e9s Eponi \u00ab made in Roubaix \u00bb continuent de s\u00e9duire"},"content":{"rendered":"<p>            Par<br \/>\n        <strong><br \/>\n            <a href=\"https:\/\/actu.fr\/auteur\/amandine-vachez\" title=\"Consulter tous les articles de Amandine Vachez\" target=\"_blank\" rel=\"noopener\">Amandine Vachez<\/a><br \/>\n        <\/strong><\/p>\n<p>        Publi\u00e9 le<\/p>\n<p>            31 oct. 2025 \u00e0 14h00        <\/p>\n<p>C\u2019est une belle histoire que celle d\u2019Eponi. L\u2019histoire d\u2019un papa<b>, Fran\u00e7ois-Xavier Poulain<\/b>, qui transformait le<b> conte \u00e9cossais Boucle d\u2019or<\/b>, en donnant \u00e0 l\u2019h\u00e9ro\u00efne le pr\u00e9nom de sa fille, Louise-Marie. Quelques ann\u00e9es plus tard, le p\u00e8re et la fille cr\u00e9ent leur entreprise<b>, Eponi<\/b>, qui \u00e9dite des livres jeunesse personnalis\u00e9s, pour les 2 \u00e0 8\u00a0ans<b>.<\/b> En octobre\u00a02025, deux ans apr\u00e8s le lancement, <b>l\u2019\u00e9crivain jeunesse<\/b> devenu<b> <\/b>\u00e9diteur fait un point sur l\u2019entreprise, pass\u00e9e de 5 \u00e0 20 titres, et dont les ouvrages sont propos\u00e9s \u00e0 une cible \u00e9largie. Tout \u00e7a est con\u00e7u et d\u00e9velopp\u00e9 \u00e0 <b>Roubaix<\/b> (Nord), dans les locaux de Blanchemaille.<\/p>\n<p>\u00ab\u2009Chaque livre est unique\u2009\u00bb<\/p>\n<p class=\" wall-content\">Au lancement d\u2019Eponi, <a href=\"https:\/\/actu.fr\/hauts-de-france\/roubaix_59512\/basee-a-roubaix-la-societe-eponi-realise-des-livres-personnalises-pour-enfants_60373660.html\" target=\"_blank\" rel=\"noopener\">cinq histoires \u00e9taient propos\u00e9es \u00e0 la client\u00e8le<\/a>. Le principe est simple\u2009: sur la base d\u2019un r\u00e9cit, les personnes qui commandent peuvent <b>personnaliser l\u2019ouvrage, en mettant le pr\u00e9nom d\u2019un enfant<\/b>. Ainsi, \u00ab\u2009Lili\u2009\u00bb a perdu sa dent de lait, \u00ab\u2009Alexis\u2009\u00bb f\u00eate son anniversaire ou \u00ab\u2009Maxime\u2009\u00bb devient super-h\u00e9ros. \u00ab\u2009Chaque livre est unique\u2009\u00bb, pr\u00e9sente Fran\u00e7ois-Xavier Poulain. \u00ab\u2009Ce qu\u2019on propose est tr\u00e8s appr\u00e9ci\u00e9 des parents et surtout des grands-parents\u2009\u00bb. Ces derniers peuvent mettre un mot qui appara\u00eet \u00e0 l\u2019ouverture du livre, avec une photo s\u2019ils le souhaitent.<\/p>\n<p>Des histoires pour les tout-petits, les jumeaux et les adultes<\/p>\n<p class=\" wall-content\">Le succ\u00e8s a rapidement \u00e9t\u00e9 rencontr\u00e9 en 2023, avec les f\u00eates de fin d\u2019ann\u00e9e notamment. Au d\u00e9part pour les enfants de 2 \u00e0 8\u00a0ans,<b> l\u2019offre s\u2019est \u00e9largie.<\/b> On trouve<b> un livre de naissance \u00e0 destination des parents<\/b>, un<b> livre pour les tout-petits <\/b>avec un choix de comptine ou encore<b> destin\u00e9 aux jumeaux.<\/b> Des propositions ajout\u00e9es en lien avec la demande de la client\u00e8le\u2009: \u00ab\u2009On a remarqu\u00e9 que des gens commandaient parfois des livres en double. D\u00e9sormais, vous pouvez cr\u00e9er des histoires avec des jumeaux, des fr\u00e8res et s\u0153urs ou des amis, par exemple\u2009\u00bb, pr\u00e9sente Fran\u00e7ois-Xavier. Un livre avec deux histoires, une de chaque c\u00f4t\u00e9, est aussi en vente. \u00ab\u2009\u00c7a marche bien avec la petite souris, par exemple. D\u2019un c\u00f4t\u00e9, l\u2019enfant perd sa dent, de l\u2019autre, on explique le ph\u00e9nom\u00e8ne. Il y a toujours une dimension p\u00e9dagogique.\u2009\u00bb<\/p>\n<p>Une \u00e9quipe qui s\u2019est renforc\u00e9e<\/p>\n<p class=\" wall-content\">\u00ab<b>\u2009On s\u2019entoure d\u2019auteurs et d\u2019autrices<\/b>, et<b> de dessinateurs et dessinatrices<\/b> qui ont chacun leur style, et de tous les \u00e2ges\u2009\u00bb, pr\u00e9cise Fran\u00e7ois-Xavier. On trouve en effet dans la collection des <b>graphismes vintage ou modernes.<\/b> \u00ab\u2009C\u2019est un choix, pour que chacun y trouve son compte\u2009\u00bb, appuie le cofondateur d\u2019Eponi.<\/p>\n<p class=\" wall-content\">L\u2019activit\u00e9 d\u2019Eponi est compl\u00e9t\u00e9e par celle, parall\u00e8le, de <a href=\"https:\/\/actu.fr\/hauts-de-france\/roubaix_59512\/sloli-jeux-concus-roubaix-apprendre-enfants-preserver-planete_29732289.html\" target=\"_blank\" rel=\"noopener\">Sloli<\/a>, entreprise qui cr\u00e9e des jouets en bois dans une d\u00e9marche \u00e9coresponsable. Fran\u00e7ois-Xavier y est aussi associ\u00e9. \u00ab\u2009On a cr\u00e9\u00e9 avec Sloli une collection, \u2018les petits mousses \u00e0 la rescousse\u2019, personnalisables avec Eponi.\u2009\u00bb<\/p>\n<p>Encourager \u00e0 la lecture, dans une d\u00e9marche \u00e9coresponsable<\/p>\n<p class=\" wall-content\">Eponi a pour ambition de <b>porter un projet qui a du sens, plus responsable.<\/b> \u00ab\u2009On \u00e9dite les livres uniquement \u00e0 la demande\u2009\u00bb, souligne Fran\u00e7ois-Xavier. Publi\u00e9s \u00e0 Roubaix,<b> sur du papier issu de for\u00eats g\u00e9r\u00e9es et avec de l\u2019encre v\u00e9g\u00e9tale<\/b>, ces ouvrages ont vocation \u00e0 rester dans le temps. \u00ab\u2009C\u2019est un beau souvenir\u2009\u00bb.<\/p>\n<p class=\" wall-content\">Ils ont aussi vocation \u00e0 encourager \u00e0 la lecture. \u00ab\u2009La litt\u00e9rature jeunesse est challeng\u00e9e, aujourd\u2019hui, avec tout ce qui existe\u2009\u00bb, analyse le co-fondateur d\u2019Eponi.<\/p>\n<p>Votre r\u00e9gion, votre actu !<\/p>\n<p>Recevez chaque jour les infos qui comptent pour vous.<\/p>\n<p>\t<a href=\"https:\/\/actu.fr\/newsletter\" class=\"ac-btn ac-btn--corner ac-btn--medium ac-btn--blue800\" target=\"_blank\" rel=\"noopener\">S&rsquo;incrire<\/a><\/p>\n<p class=\" wall-content\">La marque propose aussi des cartes cadeau et <b>une version num\u00e9rique<\/b>. Une alternative utile dans certains cas\u2009: \u00ab\u2009On a des commandes de personnes expatri\u00e9es, pour qui la livraison serait trop ch\u00e8re. Ils peuvent avoir le livre en version num\u00e9rique tout de suite. En France, il faut compter <b>entre 4 et 7\u00a0jours pour recevoir son livre.<\/b> Quand c\u2019est une histoire sur la perte d\u2019une dent de lait par exemple, \u00e7a permet aux parents de l\u2019avoir tout de suite en main, avant d\u2019\u00eatre livr\u00e9s.\u2009\u00bb<\/p>\n<p>Du \u00ab\u2009made in France\u2009\u00bb \u00e0 un prix abordable<\/p>\n<p class=\" wall-content\">Eponi n\u2019est pas le seul sur ce march\u00e9, \u00ab\u2009mais on propose de bons produits, faits en France, pratiques et abordables\u2009\u00bb, insiste Fran\u00e7ois-Xavier. Comptez<b> 19,90\u00a0euros l\u2019ouvrage<\/b>, souple et de 24 pages, et 22,90\u00a0euros avec la livraison.<\/p>\n<p class=\" wall-content\">Chez Eponi, il y a donc de quoi faire plaisir \u00e0 vos ch\u00e9rubins ador\u00e9s, mais pas que\u2009! La marque a d\u00e9velopp\u00e9 un ouvrage pour adulte. \u00ab\u2009On n\u2019adapte pas les repr\u00e9sentations graphiques dans ce cas, mais on peut <b>raconter des anecdotes, des d\u00e9tails personnalis\u00e9s<\/b>. C\u2019est comme un recueil.\u2009\u00bb<\/p>\n<p class=\" wall-content\">Personnalisez votre actualit\u00e9 en ajoutant vos villes et m\u00e9dias en favori avec <a href=\"https:\/\/moncompte.actu.fr\" title=\"D\u00e9couvez Mon Actu\" rel=\"nofollow noopener\" data-trk=\"{&quot;cta&quot;:{&quot;action&quot;:&quot;https:\\\/\\\/moncompte.actu.fr&quot;,&quot;category&quot;:&quot;mon compte&quot;,&quot;from&quot;:&quot;article footer&quot;,&quot;name&quot;:&quot;Mon actu&quot;,&quot;type&quot;:&quot;cta&quot;}}\" target=\"_blank\">Mon Actu<\/a>.<\/p>\n","protected":false},"excerpt":{"rendered":"Par Amandine Vachez Publi\u00e9 le 31 oct. 2025 \u00e0 14h00 C\u2019est une belle histoire que celle d\u2019Eponi. L\u2019histoire&hellip;\n","protected":false},"author":2,"featured_media":502308,"comment_status":"","ping_status":"","sticky":false,"template":"","format":"standard","meta":{"footnotes":""},"categories":[2815],"tags":[1111,11,51,1777,674,1011,27,811,1307,1380,1652,12,25],"class_list":{"0":"post-502307","1":"post","2":"type-post","3":"status-publish","4":"format-standard","5":"has-post-thumbnail","7":"category-lille","8":"tag-actu","9":"tag-actualites","10":"tag-ecologie","11":"tag-eu","12":"tag-europe","13":"tag-fr","14":"tag-france","15":"tag-hauts-de-france","16":"tag-lille","17":"tag-livres","18":"tag-loisirs-culture","19":"tag-news","20":"tag-republique-francaise"},"share_on_mastodon":{"url":"https:\/\/pubeurope.com\/@fr\/115469038589090976","error":""},"_links":{"self":[{"href":"https:\/\/www.europesays.com\/fr\/wp-json\/wp\/v2\/posts\/502307","targetHints":{"allow":["GET"]}}],"collection":[{"href":"https:\/\/www.europesays.com\/fr\/wp-json\/wp\/v2\/posts"}],"about":[{"href":"https:\/\/www.europesays.com\/fr\/wp-json\/wp\/v2\/types\/post"}],"author":[{"embeddable":true,"href":"https:\/\/www.europesays.com\/fr\/wp-json\/wp\/v2\/users\/2"}],"replies":[{"embeddable":true,"href":"https:\/\/www.europesays.com\/fr\/wp-json\/wp\/v2\/comments?post=502307"}],"version-history":[{"count":0,"href":"https:\/\/www.europesays.com\/fr\/wp-json\/wp\/v2\/posts\/502307\/revisions"}],"wp:featuredmedia":[{"embeddable":true,"href":"https:\/\/www.europesays.com\/fr\/wp-json\/wp\/v2\/media\/502308"}],"wp:attachment":[{"href":"https:\/\/www.europesays.com\/fr\/wp-json\/wp\/v2\/media?parent=502307"}],"wp:term":[{"taxonomy":"category","embeddable":true,"href":"https:\/\/www.europesays.com\/fr\/wp-json\/wp\/v2\/categories?post=502307"},{"taxonomy":"post_tag","embeddable":true,"href":"https:\/\/www.europesays.com\/fr\/wp-json\/wp\/v2\/tags?post=502307"}],"curies":[{"name":"wp","href":"https:\/\/api.w.org\/{rel}","templated":true}]}}