{"id":502311,"date":"2025-10-31T13:35:09","date_gmt":"2025-10-31T13:35:09","guid":{"rendered":"https:\/\/www.europesays.com\/fr\/502311\/"},"modified":"2025-10-31T13:35:09","modified_gmt":"2025-10-31T13:35:09","slug":"marseille-une-victime-de-la-rue-daubagne-expulsee-vers-la-tunisie-emmanuel-macron-appele-a-laide","status":"publish","type":"post","link":"https:\/\/www.europesays.com\/fr\/502311\/","title":{"rendered":"Marseille. Une victime de la rue d&rsquo;Aubagne expuls\u00e9e vers la Tunisie, Emmanuel Macron appel\u00e9 \u00e0 l&rsquo;aide"},"content":{"rendered":"<p>            Par<br \/>\n        <strong><br \/>\n            <a href=\"https:\/\/actu.fr\/auteur\/thibault-nadal-actu-fr\" title=\"Consulter tous les articles de Thibault Nadal\" target=\"_blank\" rel=\"noopener\">Thibault Nadal<\/a><br \/>\n        <\/strong><\/p>\n<p>        Publi\u00e9 le<\/p>\n<p>            31 oct. 2025 \u00e0 13h52        <\/p>\n<p>C\u2019est un nouveau combat pour <strong>le collectif du 5\u00a0novembre<\/strong>. Fond\u00e9 apr\u00e8s <a href=\"https:\/\/actu.fr\/provence-alpes-cote-d-azur\/marseille_13055\/rue-d-aubagne-a-marseille-les-premiers-travaux-vont-enfin-demarrer-ce-que-l-on-sait_62491507.html\" target=\"_blank\" rel=\"noopener\">le drame de la rue d\u2019Aubagne<\/a> (<a href=\"https:\/\/actu.fr\/marseille\/\" target=\"_blank\" rel=\"noopener\">Marseille<\/a>, 1er) en 2018, il se mobilise pour permettre \u00e0 Reda M. de revenir sur le territoire national apr\u00e8s avoir \u00e9t\u00e9 expuls\u00e9 vers la Tunisie le week-end du 25\u00a0octobre 2025, selon <a href=\"https:\/\/marsactu.fr\/victime-de-la-rue-daubagne-reda-m-a-ete-expulse-vers-la-tunisie\/\" target=\"_blank\" rel=\"noopener\">Marsactu<\/a>.<\/p>\n<p class=\" wall-content\">Dans un long message post\u00e9 sur Facebook, le collectif juge son expulsion <strong>\u00ab\u2009indigne\u2009\u00bb<\/strong> et interpelle directement le pr\u00e9sident de la R\u00e9publique, Emmanuel Macron, pour que Reda M. soit <strong>graci\u00e9<\/strong>. \u00ab\u2009Nous sommes absolument atterr\u00e9s d\u2019une telle d\u00e9cision, d\u2019autant plus que la 7e comm\u00e9moration de nos voisins, approche.\u2009\u00bb<\/p>\n<p>Condamn\u00e9 en 2023 \u00e0 une interdiction de territoire fran\u00e7ais<\/p>\n<p class=\" wall-content\">Lors du proc\u00e8s qui s\u2019est tenu le 7\u00a0juillet 2025, Reda M. a \u00e9t\u00e9 <strong>reconnu comme une victime par la justice<\/strong>. Mais celui qui vivait au 65 rue d\u2019Aubagne, avait \u00e9t\u00e9 condamn\u00e9 deux ans plus t\u00f4t par le tribunal administratif \u00e0 une interdiction de territoire fran\u00e7ais (ITF)<strong> \u00e0 la suite d\u2019un \u00ab\u2009d\u00e9lit mineur\u2009\u00bb<\/strong>.<\/p>\n<p class=\" wall-content\">Une d\u00e9cision jug\u00e9e \u00ab\u2009disproportionn\u00e9e\u2009\u00bb par le collectif du 5\u00a0novembre. \u00ab\u2009Ceci est pour nous <strong>le signe d\u2019un manque de consid\u00e9ration et de respect<\/strong> pour les droits de Reda M.\u2009\u00bb, \u00e9crit-il.<\/p>\n<p>    <a href=\"https:\/\/www.facebook.com\/plugins\/post.php?href=https%3A%2F%2Fwww.facebook.com%2Fcollectif5novembre%2Fposts%2Fpfbid021iPgWSE3AK2R8hXEzCCVXwa9wzfR4i6Q68gPgyVLSNjLfiCgap474LaZPx6Qy2fGl&amp;show_text=true&amp;width=350\" title=\"Ouvrie le lien\" target=\"_blank\" rel=\"noopener\">Cliquez ici pour visualiser le contenu<\/a><\/p>\n<p class=\" wall-content\">Ses membres pr\u00e9cisent \u00e9galement que l\u2019\u00e9tat de sant\u00e9 de celui qui a perdu deux amis dans le drame qui a co\u00fbt\u00e9 \u00e0 huit personnes au total, \u00ab\u2009s\u2019\u00e9tait <strong>fortement d\u00e9grad\u00e9<\/strong> apr\u00e8s le drame\u2009\u00bb et qu\u2019il souffre notamment d\u2019une h\u00e9patite B.<\/p>\n<p>Les politiques marseillais appel\u00e9s \u00e0 la rescousse<\/p>\n<p class=\" wall-content\">Pour lui permettre de se soigner en France et d\u2019assister<strong> au proc\u00e8s en appel qui doit se tenir \u00e0 la fin de l\u2019ann\u00e9e 2026<\/strong>, le collectif du 5\u00a0novembre demande au chef de l\u2019\u00c9tat \u00ab\u2009d\u2019utiliser son pouvoir de gr\u00e2ce pr\u00e9sidentielle afin de lever cette peine compl\u00e9mentaire, injustifi\u00e9e, indigne et qui entrave ses droits fondamentaux\u2009\u00bb.<\/p>\n<p>Votre r\u00e9gion, votre actu !<\/p>\n<p>Recevez chaque jour les infos qui comptent pour vous.<\/p>\n<p>\t<a href=\"https:\/\/actu.fr\/newsletter\" class=\"ac-btn ac-btn--corner ac-btn--medium ac-btn--blue800\" target=\"_blank\" rel=\"noopener\">S&rsquo;incrire<\/a><\/p>\n<p class=\" wall-content\">Outre Emmanuel Macron, le collectif invite tous les politiques marseillais \u00e0 se mobiliser pour venir en aide \u00e0 Reda M.<\/p>\n<blockquote class=\"ac-article-quote wall-content\">\n<p>Alors que M. Cachard, propri\u00e9taire du logement o\u00f9 \u00e9tait h\u00e9berg\u00e9 R\u00e9da et condamn\u00e9 en premi\u00e8re instance, dort tranquillement chez lui, nous ne pouvons imaginer que R\u00e9da M. n&rsquo;ait pas enfin le droit \u00e0 un peu de tranquillit\u00e9.<\/p>\n<p>    <strong>Collectif du 5 novembre sur Facebook<\/strong>\n            <\/p><\/blockquote>\n<p class=\" wall-content\">\n<p class=\" wall-content\">Ils ont trouv\u00e9 un premier \u00e9cho. Deux s\u00e9nateurs communistes, le Parisien Ian Brossat et celui des <a href=\"https:\/\/actu.fr\/provence-alpes-cote-d-azur\/bouches-du-rhone_13\" target=\"_blank\" rel=\"noopener\">Bouches-du-Rh\u00f4ne<\/a>, J\u00e9r\u00e9my Bacchi, ont <strong>envoy\u00e9 un courrier au nouveau ministre de l\u2019Int\u00e9rieur<\/strong>, Laurent Nu\u00f1ez.<\/p>\n<p class=\" wall-content\">Personnalisez votre actualit\u00e9 en ajoutant vos villes et m\u00e9dias en favori avec <a href=\"https:\/\/moncompte.actu.fr\" title=\"D\u00e9couvez Mon Actu\" rel=\"nofollow noopener\" data-trk=\"{&quot;cta&quot;:{&quot;action&quot;:&quot;https:\\\/\\\/moncompte.actu.fr&quot;,&quot;category&quot;:&quot;mon compte&quot;,&quot;from&quot;:&quot;article footer&quot;,&quot;name&quot;:&quot;Mon actu&quot;,&quot;type&quot;:&quot;cta&quot;}}\" target=\"_blank\">Mon Actu<\/a>.<\/p>\n","protected":false},"excerpt":{"rendered":"Par Thibault Nadal Publi\u00e9 le 31 oct. 2025 \u00e0 13h52 C\u2019est un nouveau combat pour le collectif du&hellip;\n","protected":false},"author":2,"featured_media":502312,"comment_status":"","ping_status":"","sticky":false,"template":"","format":"standard","meta":{"footnotes":""},"categories":[2814],"tags":[1111,11,1777,674,1011,27,303,1908,884,12,2694,882,25,104],"class_list":{"0":"post-502311","1":"post","2":"type-post","3":"status-publish","4":"format-standard","5":"has-post-thumbnail","7":"category-marseille","8":"tag-actu","9":"tag-actualites","10":"tag-eu","11":"tag-europe","12":"tag-fr","13":"tag-france","14":"tag-justice","15":"tag-logement","16":"tag-marseille","17":"tag-news","18":"tag-proces","19":"tag-provence-alpes-cote-dazur","20":"tag-republique-francaise","21":"tag-societe"},"share_on_mastodon":{"url":"https:\/\/pubeurope.com\/@fr\/115469046758512019","error":""},"_links":{"self":[{"href":"https:\/\/www.europesays.com\/fr\/wp-json\/wp\/v2\/posts\/502311","targetHints":{"allow":["GET"]}}],"collection":[{"href":"https:\/\/www.europesays.com\/fr\/wp-json\/wp\/v2\/posts"}],"about":[{"href":"https:\/\/www.europesays.com\/fr\/wp-json\/wp\/v2\/types\/post"}],"author":[{"embeddable":true,"href":"https:\/\/www.europesays.com\/fr\/wp-json\/wp\/v2\/users\/2"}],"replies":[{"embeddable":true,"href":"https:\/\/www.europesays.com\/fr\/wp-json\/wp\/v2\/comments?post=502311"}],"version-history":[{"count":0,"href":"https:\/\/www.europesays.com\/fr\/wp-json\/wp\/v2\/posts\/502311\/revisions"}],"wp:featuredmedia":[{"embeddable":true,"href":"https:\/\/www.europesays.com\/fr\/wp-json\/wp\/v2\/media\/502312"}],"wp:attachment":[{"href":"https:\/\/www.europesays.com\/fr\/wp-json\/wp\/v2\/media?parent=502311"}],"wp:term":[{"taxonomy":"category","embeddable":true,"href":"https:\/\/www.europesays.com\/fr\/wp-json\/wp\/v2\/categories?post=502311"},{"taxonomy":"post_tag","embeddable":true,"href":"https:\/\/www.europesays.com\/fr\/wp-json\/wp\/v2\/tags?post=502311"}],"curies":[{"name":"wp","href":"https:\/\/api.w.org\/{rel}","templated":true}]}}