{"id":502315,"date":"2025-10-31T13:37:36","date_gmt":"2025-10-31T13:37:36","guid":{"rendered":"https:\/\/www.europesays.com\/fr\/502315\/"},"modified":"2025-10-31T13:37:36","modified_gmt":"2025-10-31T13:37:36","slug":"metropole-de-lyon-notre-selection-dexpos-pour-bien-finir-les-vacances-de-la-toussaint-et-occuper-votre-week-end","status":"publish","type":"post","link":"https:\/\/www.europesays.com\/fr\/502315\/","title":{"rendered":"M\u00e9tropole de Lyon. Notre s\u00e9lection d\u2019expos pour bien finir les vacances de la Toussaint et occuper votre week-end"},"content":{"rendered":"<p>  1. Aux origines des zombis au Mus\u00e9e des Confluences<\/p>\n<p>Une nouvelle grande exposition annuelle est en place au Mus\u00e9e des Confluences\u00a0: \u201cZombis, aux origines\u201d. Elle s\u2019int\u00e9resse aux origines africaines du zombi (sans \u00ab\u00a0e\u00a0\u00bb), toujours existant en Ha\u00efti, qui a lui-m\u00eame engendr\u00e9 la version du revenant de la pop-culture.<\/p>\n<p>\u00c0 travers diff\u00e9rentes pi\u00e8ces et <a href=\"https:\/\/www.leprogres.fr\/culture-loisirs\/2025\/10\/17\/zombis-aux-origines-au-musee-des-confluences-une-nouvelle-expo-vraiment-mortelle\" target=\"_blank\" rel=\"noopener\">une mus\u00e9ographie immersive<\/a> , le mus\u00e9e d\u00e9cline la th\u00e9matique. M\u00e9lange de pratiques magico-religieuses de l\u2019Afrique, de vaudou, de catholicisme et de ma\u00eetrise de poisons par les peuples de la Cara\u00efbe, on apprend les diff\u00e9rentes \u00e9tapes de la \u00ab\u00a0zombification\u00a0\u00bb d\u2019une personne. Des pratiques qui existent encore en Ha\u00efti.<\/p>\n<p>    &#13;<br \/>\n    &#13;<br \/>\n    &#13;<br \/>\n    <a href=\"https:\/\/cdn-s-www.leprogres.fr\/images\/83a96a0a-97e5-41ea-a423-36a9443f7a88\/NW_raw\/l-armee-des-ombres-dans-l-exposition-zombis-au-musee-des-confluences-a-lyon-photo-maxime-jegat-1761850826.jpg\" title=\"\u00ab\u00a0L\u2019arm\u00e9e des ombres\u00a0\u00bb dans l\u2019exposition Zombis au mus\u00e9e des Confluences \u00e0 Lyon. \u00a0 Photo\u00a0Maxime Jegat\" class=\"chocolat-image GA-tracking\" data-ga_type=\"click\" data-ga_category=\"D\u00e9tail\" data-ga_action=\"zoomer\" data-ga_label=\"aggrandir image\" target=\"_blank\" rel=\"noopener\">&#13;<br \/>\n        <img src=\"https:\/\/www.europesays.com\/fr\/wp-content\/uploads\/2025\/10\/l-armee-des-ombres-dans-l-exposition-zombis-au-musee-des-confluences-a-lyon-photo-maxime-jegat-17618.jpeg\"   alt=\"\u00ab\u00a0L\u2019arm\u00e9e des ombres\u00a0\u00bb dans l\u2019exposition Zombis au mus\u00e9e des Confluences \u00e0 Lyon. \u00a0 Photo\u00a0Maxime Jegat\" fetchpriority=\"high\" decoding=\"async\" data-mobile=\"NW_listA_M|1761850826\" data-base=\"NW_listA|1761850826\"\/>&#13;<br \/>\n    <\/a>&#13;<\/p>\n<p>\u00ab\u00a0L\u2019arm\u00e9e des ombres\u00a0\u00bb dans l\u2019exposition Zombis au mus\u00e9e des Confluences \u00e0 Lyon. \u00a0 Photo\u00a0Maxime Jegat<\/p>\n<p>L\u2019exposition se termine avec le zombie que l\u2019on conna\u00eet, celui de la pop culture et du cin\u00e9ma.<\/p>\n<p class=\"note\">Zombis, aux origines, jusqu\u2019au 16\u00a0ao\u00fbt 2026 au Mus\u00e9e des Confluences (86 quai Perrache, Lyon 2e). Ouvert du mardi au dimanche de 10\u00a0h\u00a030 \u00e0 18\u00a0h\u00a030. Tarifs\u00a0: 12\u00a0euros (gratuit pour les moins de 18 ans). D\u00e9conseill\u00e9e aux \u2013 13 ans. Site\u00a0: <a href=\"https:\/\/museedesconfluences.fr\" target=\"_blank\" rel=\"noopener\"> https:\/\/museedesconfluences.fr<\/a><\/p>\n<p>  2. Les secrets du naufrage du Titanic \u00e0 La Sucri\u00e8re<\/p>\n<p>Une nouvelle exp\u00e9rience immersive permet de se replonger dans la nuit tragique du 14 au 15\u00a0avril 1912. H\u00e9berg\u00e9e par La Sucri\u00e8re, elle met en sc\u00e8ne le plus c\u00e9l\u00e8bre des naufrages. Intitul\u00e9e \u201cTitanic, un voyage immersif\u201d, <a href=\"https:\/\/www.leprogres.fr\/culture-loisirs\/2025\/09\/30\/cette-exposition-vous-fait-revivre-le-naufrage-du-titanic-a-la-sucriere\" target=\"_blank\" rel=\"noopener\">elle fait revivre le tragique<\/a> p\u00e9riple du paquebot.<\/p>\n<p>Elle s\u2019appuie notamment sur des objets d\u2019\u00e9poque.<\/p>\n<p>    &#13;<br \/>\n    &#13;<br \/>\n    &#13;<br \/>\n    <a href=\"https:\/\/cdn-s-www.leprogres.fr\/images\/07394b3c-89f4-4c53-b4b5-c2879d55f5ec\/NW_raw\/exposition-titanic-un-voyage-immersif-a-la-sucriere-a-lyon-photo-maxime-jegat-1761850823.jpg\" title=\"Exposition \u00ab\u00a0Titanic\u00a0: un voyage immersif\u00a0\u00bb \u00e0 la Sucri\u00e8re \u00e0 Lyon. \u00a0 Photo\u00a0Maxime Jegat\" class=\"chocolat-image GA-tracking\" data-ga_type=\"click\" data-ga_category=\"D\u00e9tail\" data-ga_action=\"zoomer\" data-ga_label=\"aggrandir image\" target=\"_blank\" rel=\"noopener\">&#13;<br \/>\n        <img src=\"https:\/\/www.europesays.com\/fr\/wp-content\/uploads\/2025\/10\/exposition-titanic-un-voyage-immersif-a-la-sucriere-a-lyon-photo-maxime-jegat-1761850823.jpg\"   alt=\"Exposition \u00ab\u00a0Titanic\u00a0: un voyage immersif\u00a0\u00bb \u00e0 la Sucri\u00e8re \u00e0 Lyon. \u00a0 Photo\u00a0Maxime Jegat\" fetchpriority=\"high\" decoding=\"async\" data-mobile=\"NW_listA_M|1761850823\" data-base=\"NW_listA|1761850823\"\/>&#13;<br \/>\n    <\/a>&#13;<\/p>\n<p>Exposition \u00ab\u00a0Titanic\u00a0: un voyage immersif\u00a0\u00bb \u00e0 la Sucri\u00e8re \u00e0 Lyon. \u00a0 Photo\u00a0Maxime Jegat<\/p>\n<p>On transite aussi par une reconstitution de la salle des radios ou encore par un espace charg\u00e9 de restituer l\u2019ambiance nocturne et angoissante du moment, des vid\u00e9os projet\u00e9es sur les murs montrant l\u2019eau qui gagne le grand escalier, symbole du luxe d\u2019un navire qui finira au fond de l\u2019Atlantique moins de trois heures apr\u00e8s le choc.<\/p>\n<p class=\"note\">Titanic, un voyage immersif\u00a0: du mardi au dimanche de 10 \u00e0 18 heures \u00e0 la Sucri\u00e8re (49-50 quai Rambaud Lyon 2e). Tarifs\u00a0: \u00e0 partir de 19,90\u00a0euros. Site\u00a0: <a href=\"https:\/\/expo-titanic.com\/lyon\/\" target=\"_blank\" rel=\"noopener\">expo-titanic.com\/lyon<\/a><\/p>\n<p>  3. Le dialogue culturel entre la France et la Serbie au MAC<\/p>\n<p>Le Mus\u00e9e d\u2019Art Contemporain (MAC) met le cap \u00e0 l\u2019Est, et plus pr\u00e9cis\u00e9ment dans les Balkans \u00e0 travers une nouvelle exposition temporaire franco-serbe. Baptis\u00e9e \u201cHistoires personnelles\/R\u00e9alit\u00e9s politiques\u201d, <a href=\"https:\/\/www.leprogres.fr\/culture-loisirs\/2025\/09\/18\/la-nouvelle-exposition-du-mac-assure-la-liaison-lyon-belgrade\" target=\"_blank\" rel=\"noopener\">elle amorce le dialogue entre des \u0153uvres<\/a> issues des collections lyonnaises et serbes.<\/p>\n<p>Deux tiers des \u0153uvres expos\u00e9es proviennent des collections du MoCAB de Belgrade. Au 3 e \u00e9tage, le mus\u00e9e accueille aussi jusqu\u2019au 4\u00a0janvier les \u0153uvres de deux artistes canadiennes, Rajni Perera et Marigold Santos.<\/p>\n<p>    &#13;<br \/>\n    &#13;<br \/>\n    &#13;<br \/>\n    <a href=\"https:\/\/cdn-s-www.leprogres.fr\/images\/f9e8f640-8a5c-411a-a4ed-665fcdd00394\/NW_raw\/photographies-de-slobodan-era-milivojevic-au-mac-a-l-occasion-de-l-exposition-histoires-personnelles-realites-politiques-photo-joel-philippon-1761850823.jpg\" title=\"Photographies de Slobodan Era Milivojevic au MAC \u00e0 l\u2019occasion de l\u2019exposition \u201cHistoires personnelles\/R\u00e9alit\u00e9s politiques\u201d. \u00a0 Photo\u00a0Jo\u00ebl Philippon\" class=\"chocolat-image GA-tracking\" data-ga_type=\"click\" data-ga_category=\"D\u00e9tail\" data-ga_action=\"zoomer\" data-ga_label=\"aggrandir image\" target=\"_blank\" rel=\"noopener\">&#13;<br \/>\n        <img src=\"https:\/\/www.europesays.com\/fr\/wp-content\/uploads\/2025\/10\/photographies-de-slobodan-era-milivojevic-au-mac-a-l-occasion-de-l-exposition-histoires-personnelles.jpeg\"   alt=\"Photographies de Slobodan Era Milivojevic au MAC \u00e0 l\u2019occasion de l\u2019exposition \u201cHistoires personnelles\/R\u00e9alit\u00e9s politiques\u201d. \u00a0 Photo\u00a0Jo\u00ebl Philippon\" fetchpriority=\"high\" decoding=\"async\" data-mobile=\"NW_listA_M|1761850823\" data-base=\"NW_listA|1761850823\"\/>&#13;<br \/>\n    <\/a>&#13;<\/p>\n<p>Photographies de Slobodan Era Milivojevic au MAC \u00e0 l\u2019occasion de l\u2019exposition \u201cHistoires personnelles\/R\u00e9alit\u00e9s politiques\u201d. \u00a0 Photo\u00a0Jo\u00ebl Philippon<\/p>\n<p>Par ailleurs, de nombreuses animations ont \u00e9t\u00e9 pr\u00e9vues \u00e0 l\u2019occasion des vacances.<\/p>\n<p class=\"note\">Jusqu\u2019au 4\u00a0janvier au MAC Lyon (81, quai Charles-de-Gaulle Lyon 6e). Tarifs\u00a0: 9\/6 \u20ac. Site\u00a0: <a href=\"https:\/\/www.mac-lyon.com\" target=\"_blank\" rel=\"noopener\">www.mac-lyon.com<\/a><\/p>\n<p>  4. Les 20 ans du studio d\u2019animation Laika au Mus\u00e9e Cin\u00e9ma &amp; Miniature<\/p>\n<p>Install\u00e9e au 3e \u00e9tage du Mus\u00e9e Cin\u00e9ma &amp; Miniature dans le Vieux Lyon, c\u2019est une v\u00e9ritable exposition \u00e0 l\u2019am\u00e9ricaine avec des d\u00e9cors, des tiroirs \u00e0 ouvrir\u2026 qui est propos\u00e9e.<\/p>\n<p>Elle marque <a href=\"https:\/\/www.leprogres.fr\/culture-loisirs\/2025\/10\/16\/le-studio-laika-fete-ses-20-ans-au-festival-lumiere-et-au-musee-cinema-et-miniature\" target=\"_blank\" rel=\"noopener\">les 20 ans du studio d\u2019animation<\/a> am\u00e9ricain Laika, sp\u00e9cialis\u00e9 dans le stop motion (image par image).<\/p>\n<p>    &#13;<br \/>\n    &#13;<br \/>\n    &#13;<br \/>\n    <a href=\"https:\/\/cdn-s-www.leprogres.fr\/images\/ddc5c72d-5cc0-4426-9e1d-c2b8c460f346\/NW_raw\/julien-dumont-le-directeur-du-musee-cinema-amp-miniature-a-l-occasion-de-l-expo-consacree-au-studio-d-animation-laika-photo-delphine-givord-1761850823.jpg\" title=\"Julien Dumont, le directeur du Mus\u00e9e Cin\u00e9ma &amp; Miniature \u00e0 l\u2019occasion de l\u2019expo consacr\u00e9e au studio d\u2019animation Laika. \u00a0 Photo\u00a0Delphine Givord\" class=\"chocolat-image GA-tracking\" data-ga_type=\"click\" data-ga_category=\"D\u00e9tail\" data-ga_action=\"zoomer\" data-ga_label=\"aggrandir image\" target=\"_blank\" rel=\"noopener\">&#13;<br \/>\n        <img src=\"https:\/\/www.europesays.com\/fr\/wp-content\/uploads\/2025\/10\/julien-dumont-le-directeur-du-musee-cinema-amp-miniature-a-l-occasion-de-l-expo-consacree-au-studio-.jpeg\"   alt=\"Julien Dumont, le directeur du Mus\u00e9e Cin\u00e9ma &amp; Miniature \u00e0 l\u2019occasion de l\u2019expo consacr\u00e9e au studio d\u2019animation Laika. \u00a0 Photo\u00a0Delphine Givord\" fetchpriority=\"high\" decoding=\"async\" data-mobile=\"NW_listA_M|1761850823\" data-base=\"NW_listA|1761850823\"\/>&#13;<br \/>\n    <\/a>&#13;<\/p>\n<p>Julien Dumont, le directeur du Mus\u00e9e Cin\u00e9ma &amp; Miniature \u00e0 l\u2019occasion de l\u2019expo consacr\u00e9e au studio d\u2019animation Laika. \u00a0 Photo\u00a0Delphine Givord<\/p>\n<p>700 objets originaux issus des diff\u00e9rents films sont \u00e0 d\u00e9couvrir, il y a des \u00e9crans qui diffusent les impressionnants making of. Et en bonus\u00a0: on a un aper\u00e7u du prochain long-m\u00e9trage de Laika, Wildwood.<\/p>\n<p class=\"note\">\u201cImage par image\u00a0: l\u2019art et l\u2019animation de Laika\u201d au mus\u00e9e Cin\u00e9ma et miniature (60 rue Saint-Jean, Lyon 5e) jusqu\u2019au 31\u00a0d\u00e9cembre. Ouvert tous les jours de 10\u00a0heures \u00e0 18\u00a0h\u00a030 \u2013 19 heures le week-end \u2013 ferm\u00e9 le mardi matin hors vacances scolaires. Tarifs\u00a0: \u00e0 partir de 16\u00a0\u20ac. Site\u00a0: <a href=\"https:\/\/www.museeminiatureetcinema.fr\" target=\"_blank\" rel=\"noopener\">www.museeminiatureetcinema.fr<\/a><\/p>\n<p>  5. Les dinosaures reviennent \u00e0 Mini World<\/p>\n<p>La nouvelle exposition temporaire du parc de miniatures de Vaulx-en-Velin met en sc\u00e8ne des dinosaures anim\u00e9s encore plus sophistiqu\u00e9s que lors de leur premi\u00e8re apparition il y a deux ans.<\/p>\n<p>Cette fois, les tric\u00e9ratops, st\u00e9gosaures et autres ankylosaures ont encore <a href=\"https:\/\/www.leprogres.fr\/culture-loisirs\/2025\/10\/20\/nouveaux-dinosaures-a-mini-world-les-enfants-nous-demandent-ce-qu-on-leur-donne-a-manger\" target=\"_blank\" rel=\"noopener\">pris de l\u2019ampleur<\/a>.<\/p>\n<p>    &#13;<br \/>\n    &#13;<br \/>\n    &#13;<br \/>\n    <a href=\"https:\/\/cdn-s-www.leprogres.fr\/images\/a3a17a29-7024-497b-810b-85527f4c1b30\/NW_raw\/des-animatroniques-de-dinosaures-impressionnantes-a-mini-world-photo-maxime-jegat-1761850823.jpg\" title=\"Des animatroniques de dinosaures impressionnantes \u00e0 Mini World. \u00a0 Photo\u00a0Maxime Jegat\" class=\"chocolat-image GA-tracking\" data-ga_type=\"click\" data-ga_category=\"D\u00e9tail\" data-ga_action=\"zoomer\" data-ga_label=\"aggrandir image\" target=\"_blank\" rel=\"noopener\">&#13;<br \/>\n        <img src=\"https:\/\/www.europesays.com\/fr\/wp-content\/uploads\/2025\/10\/des-animatroniques-de-dinosaures-impressionnantes-a-mini-world-photo-maxime-jegat-1761850823.jpg\"   alt=\"Des animatroniques de dinosaures impressionnantes \u00e0 Mini World. \u00a0 Photo\u00a0Maxime Jegat\" fetchpriority=\"high\" decoding=\"async\" data-mobile=\"NW_listA_M|1761850823\" data-base=\"NW_listA|1761850823\"\/>&#13;<br \/>\n    <\/a>&#13;<\/p>\n<p>Des animatroniques de dinosaures impressionnantes \u00e0 Mini World. \u00a0 Photo\u00a0Maxime Jegat<\/p>\n<p>De l\u2019ambiance tropicale aux cris des animaux, les \u00e9quipes de Mini World ont con\u00e7u elles-m\u00eames les d\u00e9cors et l\u2019atmosph\u00e8re de cette exposition. Qui comprend des animatroniques tr\u00e8s r\u00e9alistes et bourr\u00e9es d\u2019\u00e9lectronique \u00e0 l\u2019int\u00e9rieur.<\/p>\n<p class=\"note\">Jurassic expo, jusqu\u2019au 31\u00a0janvier 2026, \u00e0 Mini World, \u00e0 Vaulx-en-Velin. Billets \u00e0 partir de 11,50\u00a0euros. Ouvert 7j\/7 de 10 \u00e0 19 heures pendant les vacances scolaires. Site\u00a0: <a href=\"https:\/\/miniworldlyon.com\/\" target=\"_blank\" rel=\"noopener\">miniworldlyon.com<\/a><\/p>\n<p>  6. L\u2019art dans la Rome antique et exploration num\u00e9rique au Mus\u00e9e Lugdunum<\/p>\n<p>Le mus\u00e9e Lugdunum, qui va f\u00eater ses 50 ans, vient de lancer un nouveau dispositif, baptis\u00e9 \u201cExplore Lyon antique\u201d, qui s\u2019appuie notamment sur une maquette num\u00e9rique en 3D de la cit\u00e9 au II e si\u00e8cle. 22 panneaux ont \u00e9t\u00e9 positionn\u00e9s sur l\u2019ensemble du site\u00a0: ils sont dot\u00e9s d\u2019explications historiques, d\u2019images issues de la nouvelle maquette et surtout de QR codes qui permettent d\u2019acc\u00e9der \u00e0 une visite virtuelle des lieux via son smartphone.<\/p>\n<p>    &#13;<br \/>\n    &#13;<br \/>\n    &#13;<br \/>\n    <a href=\"https:\/\/cdn-s-www.leprogres.fr\/images\/ae06bfd9-2fdd-49e6-a9e7-23751fc23b8b\/NW_raw\/l-exposition-c-est-canon-l-art-chez-les-romains-est-visible-jusqu-au-7-juin-2026-au-musee-lugdunum-photo-guillaume-beraud-1761850823.jpg\" title=\"L\u2019exposition \u00ab\u00a0C\u2019est canon\u00a0! L\u2019art chez les Romains\u00a0\u00bb, est visible jusqu\u2019au 7\u00a0juin 2026 au mus\u00e9e Lugdunum. \u00a0 Photo\u00a0Guillaume Beraud\" class=\"chocolat-image GA-tracking\" data-ga_type=\"click\" data-ga_category=\"D\u00e9tail\" data-ga_action=\"zoomer\" data-ga_label=\"aggrandir image\" target=\"_blank\" rel=\"noopener\">&#13;<br \/>\n        <img src=\"https:\/\/www.europesays.com\/fr\/wp-content\/uploads\/2025\/10\/l-exposition-c-est-canon-l-art-chez-les-romains-est-visible-jusqu-au-7-juin-2026-au-musee-lugdunum-p.jpeg\"   alt=\"L\u2019exposition \u00ab\u00a0C\u2019est canon\u00a0! L\u2019art chez les Romains\u00a0\u00bb, est visible jusqu\u2019au 7\u00a0juin 2026 au mus\u00e9e Lugdunum. \u00a0 Photo\u00a0Guillaume Beraud\" fetchpriority=\"high\" decoding=\"async\" data-mobile=\"NW_listA_M|1761850823\" data-base=\"NW_listA|1761850823\"\/>&#13;<br \/>\n    <\/a>&#13;<\/p>\n<p>L\u2019exposition \u00ab\u00a0C\u2019est canon\u00a0! L\u2019art chez les Romains\u00a0\u00bb, est visible jusqu\u2019au 7\u00a0juin 2026 au mus\u00e9e Lugdunum. \u00a0 Photo\u00a0Guillaume Beraud<\/p>\n<p>Une interactivit\u00e9 aussi \u00e0 l\u2019\u0153uvre <a href=\"https:\/\/www.leprogres.fr\/culture-loisirs\/2025\/10\/03\/l-art-finalement-est-partout-le-musee-lugdunum-scrute-l-art-dans-la-rome-antique\" target=\"_blank\" rel=\"noopener\">pour l\u2019exposition temporaire<\/a> consacr\u00e9e \u00e0 l\u2019art dans la Rome antique intitul\u00e9e \u201cC\u2019est canon\u00a0! L\u2019art chez les Romains\u201d.<\/p>\n<p class=\"note\">\u201cC\u2019est canon\u00a0! L\u2019art chez les Romains\u201d, jusqu\u2019au 7\u00a0juin au Mus\u00e9e Lugdunum (Lyon 5e). Tarifs\u00a0: 7\/4 euros. Site\u00a0: <a href=\"https:\/\/lugdunum.grandlyon.com\/fr\/\" target=\"_blank\" rel=\"noopener\">lugdunum.grandlyon.com\/fr<\/a><\/p>\n<p>  7. Derniers jours pour un voyage m\u00e9di\u00e9val au Mus\u00e9e Gadagne<\/p>\n<p>Le mus\u00e9e d\u2019histoire de la ville de Lyon n\u2019avait pas mis en place d\u2019expositions temporaires depuis plusieurs ann\u00e9es, accapar\u00e9 par la refonte totale de son parcours permanent. Il renoue avec le genre <a href=\"https:\/\/www.leprogres.fr\/culture-loisirs\/2025\/10\/21\/au-musee-gadagne-un-voyage-medieval-jusqu-a-l-abbaye-de-l-ile-barbe\" target=\"_blank\" rel=\"noopener\">avec une immersion<\/a> dans le \u201cMerveilleux Moyen \u00c2ge\u201d.<\/p>\n<p>On franchit les portes du temps pour d\u00e9couvrir le fil chronologique de l\u2019exposition, qui d\u00e9bute avec la fondation du monast\u00e8re de l\u2019Ile-Barbe au V e si\u00e8cle.<\/p>\n<p>    &#13;<br \/>\n    &#13;<br \/>\n    &#13;<br \/>\n    <a href=\"https:\/\/cdn-s-www.leprogres.fr\/images\/e2da5452-1371-4110-a1f0-6ceb5485f39f\/NW_raw\/l-exposition-merveilleux-moyen-age-est-divisee-en-quatre-parties-chronologiques-au-musee-gadagne-photo-maxime-jegat-1761850823.jpg\" title=\"L\u2019exposition \u00ab\u00a0Merveilleux Moyen-Age\u00a0\u00bb est divis\u00e9e en quatre parties chronologiques au Mus\u00e9e Gadagne. \u00a0 Photo Maxime Jegat\" class=\"chocolat-image GA-tracking\" data-ga_type=\"click\" data-ga_category=\"D\u00e9tail\" data-ga_action=\"zoomer\" data-ga_label=\"aggrandir image\" target=\"_blank\" rel=\"noopener\">&#13;<br \/>\n        <img src=\"https:\/\/www.europesays.com\/fr\/wp-content\/uploads\/2025\/10\/l-exposition-merveilleux-moyen-age-est-divisee-en-quatre-parties-chronologiques-au-musee-gadagne-pho.jpeg\"   alt=\"L\u2019exposition \u00ab\u00a0Merveilleux Moyen-Age\u00a0\u00bb est divis\u00e9e en quatre parties chronologiques au Mus\u00e9e Gadagne. \u00a0 Photo Maxime Jegat\" fetchpriority=\"high\" decoding=\"async\" data-mobile=\"NW_listA_M|1761850823\" data-base=\"NW_listA|1761850823\"\/>&#13;<br \/>\n    <\/a>&#13;<\/p>\n<p>L\u2019exposition \u00ab\u00a0Merveilleux Moyen-Age\u00a0\u00bb est divis\u00e9e en quatre parties chronologiques au Mus\u00e9e Gadagne. \u00a0 Photo Maxime Jegat<\/p>\n<p>Le visiteur va ainsi cheminer \u00e0 travers les si\u00e8cles, croiser de pr\u00e9cieux manuscrits, une reconstitution 3D in\u00e9dite du monast\u00e8re au XIII e \u00a0si\u00e8cle puis d\u00e9couvrir l\u2019amorce de son d\u00e9clin\u2026<\/p>\n<p class=\"note\">\u201cMerveilleux Moyen \u00c2ge\u201d, jusqu\u2019au 1er \u00a0novembre 2026 au mus\u00e9e Gadagne, 1 place du Petit Coll\u00e8ge (Lyon 5 e ). Tarifs\u00a0: 9\/7 \u20ac, gratuit pour les moins de 18 ans. <a href=\"https:\/\/www.gadagne-lyon.fr\/\" target=\"_blank\" rel=\"noopener\">www.gadagne-lyon.fr\/<\/a><\/p>\n","protected":false},"excerpt":{"rendered":"1. Aux origines des zombis au Mus\u00e9e des Confluences Une nouvelle grande exposition annuelle est en place au&hellip;\n","protected":false},"author":2,"featured_media":502316,"comment_status":"","ping_status":"","sticky":false,"template":"","format":"standard","meta":{"footnotes":""},"categories":[1889],"tags":[1111,11,2430,1687,2757,1777,674,2271,107,1685,1011,27,2428,2756,12,2661,25,2429],"class_list":{"0":"post-502315","1":"post","2":"type-post","3":"status-publish","4":"format-standard","5":"has-post-thumbnail","7":"category-lyon","8":"tag-actu","9":"tag-actualites","10":"tag-auvergne-rhone-alpes","11":"tag-culture-loisirs","12":"tag-edition-lyon-villeurbanne","13":"tag-eu","14":"tag-europe","15":"tag-exposition-arts-plastiques","16":"tag-fil-info","17":"tag-foire-et-salon","18":"tag-fr","19":"tag-france","20":"tag-lyon","21":"tag-lyon-bassin","22":"tag-news","23":"tag-patrimoine-culturel","24":"tag-republique-francaise","25":"tag-rhone"},"share_on_mastodon":{"url":"https:\/\/pubeurope.com\/@fr\/115469055333150718","error":""},"_links":{"self":[{"href":"https:\/\/www.europesays.com\/fr\/wp-json\/wp\/v2\/posts\/502315","targetHints":{"allow":["GET"]}}],"collection":[{"href":"https:\/\/www.europesays.com\/fr\/wp-json\/wp\/v2\/posts"}],"about":[{"href":"https:\/\/www.europesays.com\/fr\/wp-json\/wp\/v2\/types\/post"}],"author":[{"embeddable":true,"href":"https:\/\/www.europesays.com\/fr\/wp-json\/wp\/v2\/users\/2"}],"replies":[{"embeddable":true,"href":"https:\/\/www.europesays.com\/fr\/wp-json\/wp\/v2\/comments?post=502315"}],"version-history":[{"count":0,"href":"https:\/\/www.europesays.com\/fr\/wp-json\/wp\/v2\/posts\/502315\/revisions"}],"wp:featuredmedia":[{"embeddable":true,"href":"https:\/\/www.europesays.com\/fr\/wp-json\/wp\/v2\/media\/502316"}],"wp:attachment":[{"href":"https:\/\/www.europesays.com\/fr\/wp-json\/wp\/v2\/media?parent=502315"}],"wp:term":[{"taxonomy":"category","embeddable":true,"href":"https:\/\/www.europesays.com\/fr\/wp-json\/wp\/v2\/categories?post=502315"},{"taxonomy":"post_tag","embeddable":true,"href":"https:\/\/www.europesays.com\/fr\/wp-json\/wp\/v2\/tags?post=502315"}],"curies":[{"name":"wp","href":"https:\/\/api.w.org\/{rel}","templated":true}]}}