{"id":502317,"date":"2025-10-31T13:39:13","date_gmt":"2025-10-31T13:39:13","guid":{"rendered":"https:\/\/www.europesays.com\/fr\/502317\/"},"modified":"2025-10-31T13:39:13","modified_gmt":"2025-10-31T13:39:13","slug":"bientot-une-finale-de-coupe-deurope-en-france-paris-lyon-et-lille-candidats-pour-les-prochaines-editions","status":"publish","type":"post","link":"https:\/\/www.europesays.com\/fr\/502317\/","title":{"rendered":"Bient\u00f4t une finale de Coupe d&rsquo;Europe en France? Paris, Lyon et Lille candidats pour les prochaines \u00e9ditions"},"content":{"rendered":"<p class=\"mb-4 text-lg md:leading-8 break-words\">Assistera-t-on \u00e0 une finale de la Ligue Europa \u00e0 Lyon ou Paris ces trois ou quatre prochaines ann\u00e9es? \u00c0 un dernier acte en Ligue Conf\u00e9rence \u00e0 Lille en 2028 ou 2029? S&rsquo;il faudra encore un peu de patience avant d&rsquo;avoir la r\u00e9ponse, toujours est-il que la possibilit\u00e9 est bien r\u00e9elle. Ce vendredi dans <a href=\"https:\/\/fr.uefa.com\/news-media\/news\/029e-1f17091ab54c-f5e29f71376e-1000--quinze-associations-nationales-candidates-a-l-organisati\/?utm_campaign=uefacom-editorial-ongoin&amp;utm_medium=social&amp;utm_source=twitter&amp;utm_content=_\" rel=\"nofollow noopener\" target=\"_blank\" data-ylk=\"slk:un communiqu\u00e9;elm:context_link;itc:0;sec:content-canvas\" class=\"link \">un communiqu\u00e9<\/a>, l&rsquo;UEFA confirme avoir re\u00e7u les candidatures de 15 associations membres diff\u00e9rentes afin d&rsquo;accueillir les finales des C1, C3, C4 et C1 f\u00e9minine en 2028 et 2029.<\/p>\n<p>Le Parc OL h\u00f4te de la finale de la C1 f\u00e9minine en 2028 ou 2029?<\/p>\n<p class=\"mb-4 text-lg md:leading-8 break-words\">Bien que ces offres ne soient pas contraignantes \u00e0 ce stade \u2013 et que les offres finales doivent \u00eatre soumises avant le 10 juin prochain \u2013 il semble que <a href=\"https:\/\/fr.news.yahoo.com\/sport\/ligue-champions-finale-naura-lieu-153133486.html\" data-ylk=\"slk:la finale de la Ligue des champions masculine;elm:context_link;itc:0;sec:content-canvas;outcm:mb_qualified_link;_E:mb_qualified_link;ct:story;\" class=\"link  yahoo-link\" target=\"_blank\" rel=\"noopener\">la finale de la Ligue des champions masculine<\/a> 2028 se d\u00e9roulera \u00e0 Munich, car c&rsquo;est le seul candidat actuel, Wembley et le Camp Nou \u00e9tant les principaux pr\u00e9tendants pour l&rsquo;accueillir en 2029.<\/p>\n<p class=\"mb-4 text-lg md:leading-8 break-words\">Du c\u00f4t\u00e9 de la Ligue des champions f\u00e9minine, Lyon est candidat pour accueillir la finale de l&rsquo;\u00e9dition 2028 et sera en concurrence avec Bilbao (San Mam\u00e8s), B\u00e2le (St. Jakob Park) et Istanbul (Ali Sami Yen Stadium). Le Parc OL devra faire face \u00e0 Dublin (Dublin Arena), Cardiff (National Stadium) et de nouveau B\u00e2le, tous positionn\u00e9s pour 2029.<\/p>\n<p>Paris et Lyon candidats pour accueillir la finale de C3, Lille se positionne sur la finale de C4<\/p>\n<p class=\"mb-4 text-lg md:leading-8 break-words\">Concernant la Ligue Europa, le Parc OL et <a href=\"https:\/\/fr.news.yahoo.com\/sport\/%C3%A9tape-futur-stade-psg-demande-155405202.html\" data-ylk=\"slk:le Parc des Princes;elm:context_link;itc:0;sec:content-canvas;outcm:mb_qualified_link;_E:mb_qualified_link;ct:story;\" class=\"link  yahoo-link\" target=\"_blank\" rel=\"noopener\">le Parc des Princes<\/a> seront \u00e0 la lutte avec Turin (Juventus Stadium), Bucarest (National Arena) et Belgrade (National Stadium) en 2028. Lyon et Paris se sont \u00e9galement plac\u00e9s pour 2029, tout comme Turin et Bucarest ainsi qu&rsquo;Ankara (stade du 19-Mai d&rsquo;Ankara). Avec deux candidats \u00e0 chaque fois, la France devra faire un choix et il est probable que <a href=\"https:\/\/fr.news.yahoo.com\/sport\/lyonnais-tr%C3%A8s-nombreux-forte-pr%C3%A9sence-142503879.html\" data-ylk=\"slk:Lyon et Paris;elm:context_link;itc:0;sec:content-canvas;outcm:mb_qualified_link;_E:mb_qualified_link;ct:story;\" class=\"link  yahoo-link\" target=\"_blank\" rel=\"noopener\">Lyon et Paris<\/a> se positionnent chacune sur une \u00e9dition.<\/p>\n<p class=\"mb-4 text-lg md:leading-8 break-words\">Enfin, en Ligue Europa Conf\u00e9rence, le stade Pierre-Mauroy de Lille est candidat \u00e0 la fois pour 2028 et 2029, tout comme Budapest (Puskas Arena), Turin (Juventus Stadium), Gdansk (Arena Gdansk) et le Kazakhstan (stade \u00e0 d\u00e9terminer). Helsinki (stade olympique) s&rsquo;ajoute \u00e0 la liste pour 2029.<\/p>\n<p class=\"mb-4 text-lg md:leading-8 break-words\">Le comit\u00e9 ex\u00e9cutif de l&rsquo;UEFA d\u00e9signera les h\u00f4tes en septembre 2026.<\/p>\n<p class=\"mb-4 text-lg md:leading-8 break-words\"><a href=\"https:\/\/rmcsport.bfmtv.com\/football\/europa-league\/bientot-une-finale-de-coupe-d-europe-en-france-paris-lyon-et-lille-candidats-pour-les-prochaines-editions_AV-202510310522.html#xtor=AL-68\" rel=\"nofollow noopener\" target=\"_blank\" data-ylk=\"slk:Article original publi\u00e9 sur RMC Sport;elm:context_link;itc:0;sec:content-canvas\" class=\"link \">Article original publi\u00e9 sur RMC Sport<\/a><\/p>\n","protected":false},"excerpt":{"rendered":"Assistera-t-on \u00e0 une finale de la Ligue Europa \u00e0 Lyon ou Paris ces trois ou quatre prochaines ann\u00e9es?&hellip;\n","protected":false},"author":2,"featured_media":502318,"comment_status":"","ping_status":"","sticky":false,"template":"","format":"standard","meta":{"footnotes":""},"categories":[1889],"tags":[1111,11,2430,1777,674,2396,19651,1011,27,5843,1307,2428,12,626,25],"class_list":{"0":"post-502317","1":"post","2":"type-post","3":"status-publish","4":"format-standard","5":"has-post-thumbnail","7":"category-lyon","8":"tag-actu","9":"tag-actualites","10":"tag-auvergne-rhone-alpes","11":"tag-eu","12":"tag-europe","13":"tag-finale","14":"tag-finale-de-la-ligue-des-champions","15":"tag-fr","16":"tag-france","17":"tag-ligue-europa","18":"tag-lille","19":"tag-lyon","20":"tag-news","21":"tag-paris","22":"tag-republique-francaise"},"share_on_mastodon":{"url":"https:\/\/pubeurope.com\/@fr\/115469062164398454","error":""},"_links":{"self":[{"href":"https:\/\/www.europesays.com\/fr\/wp-json\/wp\/v2\/posts\/502317","targetHints":{"allow":["GET"]}}],"collection":[{"href":"https:\/\/www.europesays.com\/fr\/wp-json\/wp\/v2\/posts"}],"about":[{"href":"https:\/\/www.europesays.com\/fr\/wp-json\/wp\/v2\/types\/post"}],"author":[{"embeddable":true,"href":"https:\/\/www.europesays.com\/fr\/wp-json\/wp\/v2\/users\/2"}],"replies":[{"embeddable":true,"href":"https:\/\/www.europesays.com\/fr\/wp-json\/wp\/v2\/comments?post=502317"}],"version-history":[{"count":0,"href":"https:\/\/www.europesays.com\/fr\/wp-json\/wp\/v2\/posts\/502317\/revisions"}],"wp:featuredmedia":[{"embeddable":true,"href":"https:\/\/www.europesays.com\/fr\/wp-json\/wp\/v2\/media\/502318"}],"wp:attachment":[{"href":"https:\/\/www.europesays.com\/fr\/wp-json\/wp\/v2\/media?parent=502317"}],"wp:term":[{"taxonomy":"category","embeddable":true,"href":"https:\/\/www.europesays.com\/fr\/wp-json\/wp\/v2\/categories?post=502317"},{"taxonomy":"post_tag","embeddable":true,"href":"https:\/\/www.europesays.com\/fr\/wp-json\/wp\/v2\/tags?post=502317"}],"curies":[{"name":"wp","href":"https:\/\/api.w.org\/{rel}","templated":true}]}}