{"id":502331,"date":"2025-10-31T13:47:12","date_gmt":"2025-10-31T13:47:12","guid":{"rendered":"https:\/\/www.europesays.com\/fr\/502331\/"},"modified":"2025-10-31T13:47:12","modified_gmt":"2025-10-31T13:47:12","slug":"lukraine-appelle-lue-a-renforcer-les-droits-de-douane-sur-les-importations-russes","status":"publish","type":"post","link":"https:\/\/www.europesays.com\/fr\/502331\/","title":{"rendered":"L&rsquo;Ukraine appelle l&rsquo;UE \u00e0 renforcer les droits de douane sur les importations russes"},"content":{"rendered":"<p class=\"fig-paragraph\">Kiev a appel\u00e9 vendredi l&rsquo;<a href=\"http:\/\/www.lefigaro.fr\/conjoncture\/olives-espagnoles-l-union-europeenne-autorisee-a-imposer-des-sanctions-contre-les-etats-unis-20251029\" data-fig-type=\"NewsFlash\" data-gtm-custom-categorie=\"navigation\" data-gtm-custom-action=\"crossclick\" data-gtm-custom-label=\"Contextuel\" data-gtm-event=\"customEventSPE\" data-fig-domain=\"LEFIGARO\" target=\"_blank\" rel=\"noopener\">Union europ\u00e9enne<\/a>\u00a0\u00e0 augmenter ses droits de douane sur les importations de produits russes n&rsquo;\u00e9tant pas encore soumis \u00e0 des sanctions prises par Bruxelles depuis le d\u00e9but de l&rsquo;invasion russe de l&rsquo;Ukraine. \u00abSi des produits ne sont pas vis\u00e9s par des sanctions (europ\u00e9ennes), nous allons soulever la question de l&rsquo;imposition de droits de douane\u00bb, a d\u00e9clar\u00e9 Andri\u00ef Sybiga, chef de la diplomatique ukrainienne. Selon lui, une telle manoeuvre pourrait permettre \u00e0 l&rsquo;UE de contourner l&rsquo;opposition de la Hongrie et de la Slovaquie qui menacent de bloquer l&rsquo;extension de sanctions contre Moscou.<\/p>\n<p class=\"fig-paragraph\">\u00abNous allons y travailler avec nos partenaires europ\u00e9ens\u00bb, a indiqu\u00e9 M. Sybiga lors d&rsquo;un point presse conjoint avec le pr\u00e9sident Volodymyr Zelensky. L&rsquo;UE a d\u00e9j\u00e0 augment\u00e9 les droits de douane sur certaines marchandises russes, notamment les produits agricoles et les engrais, dans le cadre de ses paquets de sanctions contre Moscou apr\u00e8s le d\u00e9but de l&rsquo;invasion en 2022. Mais les sanctions n\u00e9cessitent l&rsquo;accord de tous les membres de l&rsquo;UE, y compris Budapest et Bratislava. En revanche, l&rsquo;imposition de droits de douane ne n\u00e9cessite que \u00abla majorit\u00e9 qualifi\u00e9e\u00bb de l&rsquo;UE (au moins 15 membres de l&rsquo;UE repr\u00e9sentant ensemble au moins 65 % de la population totale du Bloc, NDLR), a soulign\u00e9 M. Sybiga.<\/p>\n<p>                                    <a class=\"fig-a11y-skip a11y-hidden\" href=\"#fig-a11y-skip-main-inarticle\"><br \/>\n        Passer la publicit\u00e9<br \/>\n    <\/a><\/p>\n<p class=\"fig-paragraph\">Selon lui, l&rsquo;augmentation des tarifs douaniers de l&rsquo;UE sur certains produits russes serait donc \u00abl&rsquo;un des moyens de renforcer les sanctions\u00bb europ\u00e9ennes en \u00e9vitant de possibles blocages de membres des 27. Les marchandises russes sont soumises \u00e0 des droits de douane de l&rsquo;UE produit par produit, qui peuvent varier consid\u00e9rablement. Les importations de produits russes dans l&rsquo;UE ont chut\u00e9 de 62,7 milliards d&rsquo;euros au premier trimestre 2022, avant le d\u00e9but de l&rsquo;invasion, \u00e0 6,98 milliards d&rsquo;euros au deuxi\u00e8me trimestre 2025, soit une baisse de 89%, selon les statistiques officielles europ\u00e9ennes.<\/p>\n","protected":false},"excerpt":{"rendered":"Kiev a appel\u00e9 vendredi l&rsquo;Union europ\u00e9enne\u00a0\u00e0 augmenter ses droits de douane sur les importations de produits russes n&rsquo;\u00e9tant&hellip;\n","protected":false},"author":2,"featured_media":502332,"comment_status":"","ping_status":"","sticky":false,"template":"","format":"standard","meta":{"footnotes":""},"categories":[1590],"tags":[1111,47,11,1117,1109,1112,636,341,257,1777,674,632,1108,107,1106,1107,1119,1116,1110,1114,500,12,1113,1118,137,401,1115,220],"class_list":{"0":"post-502331","1":"post","2":"type-post","3":"status-publish","4":"format-standard","5":"has-post-thumbnail","7":"category-ukraine","8":"tag-actu","9":"tag-actualite","10":"tag-actualites","11":"tag-assurance","12":"tag-breves","13":"tag-depeches","14":"tag-devises","15":"tag-emploi","16":"tag-entreprise","17":"tag-eu","18":"tag-europe","19":"tag-fcp","20":"tag-fil","21":"tag-fil-info","22":"tag-flash","23":"tag-flash-actu","24":"tag-formation","25":"tag-immobilier","26":"tag-informations","27":"tag-infos","28":"tag-medias","29":"tag-news","30":"tag-nouvelles","31":"tag-placement","32":"tag-retraite","33":"tag-sicav","34":"tag-taux","35":"tag-ukraine"},"share_on_mastodon":{"url":"https:\/\/pubeurope.com\/@fr\/115469093671022479","error":""},"_links":{"self":[{"href":"https:\/\/www.europesays.com\/fr\/wp-json\/wp\/v2\/posts\/502331","targetHints":{"allow":["GET"]}}],"collection":[{"href":"https:\/\/www.europesays.com\/fr\/wp-json\/wp\/v2\/posts"}],"about":[{"href":"https:\/\/www.europesays.com\/fr\/wp-json\/wp\/v2\/types\/post"}],"author":[{"embeddable":true,"href":"https:\/\/www.europesays.com\/fr\/wp-json\/wp\/v2\/users\/2"}],"replies":[{"embeddable":true,"href":"https:\/\/www.europesays.com\/fr\/wp-json\/wp\/v2\/comments?post=502331"}],"version-history":[{"count":0,"href":"https:\/\/www.europesays.com\/fr\/wp-json\/wp\/v2\/posts\/502331\/revisions"}],"wp:featuredmedia":[{"embeddable":true,"href":"https:\/\/www.europesays.com\/fr\/wp-json\/wp\/v2\/media\/502332"}],"wp:attachment":[{"href":"https:\/\/www.europesays.com\/fr\/wp-json\/wp\/v2\/media?parent=502331"}],"wp:term":[{"taxonomy":"category","embeddable":true,"href":"https:\/\/www.europesays.com\/fr\/wp-json\/wp\/v2\/categories?post=502331"},{"taxonomy":"post_tag","embeddable":true,"href":"https:\/\/www.europesays.com\/fr\/wp-json\/wp\/v2\/tags?post=502331"}],"curies":[{"name":"wp","href":"https:\/\/api.w.org\/{rel}","templated":true}]}}